{"id":239423,"date":"2025-11-16T17:33:09","date_gmt":"2025-11-16T17:33:09","guid":{"rendered":"https:\/\/www.europesays.com\/es\/239423\/"},"modified":"2025-11-16T17:33:09","modified_gmt":"2025-11-16T17:33:09","slug":"paz-padilla-y-anna-ferrer-se-adelantan-a-todos-e-inauguran-la-navidad-mas-espectacular-en-tiempo-record","status":"publish","type":"post","link":"https:\/\/www.europesays.com\/es\/239423\/","title":{"rendered":"Paz Padilla y Anna Ferrer se adelantan a todos e inauguran la Navidad m\u00e1s espectacular en tiempo record"},"content":{"rendered":"<p id=\"eDWtoqMBno\" data-wc=\"134\">Aunque a\u00fan falten unas semanas para el inicio oficial de las fiestas, en casa de Paz Padilla y su hija, Anna Ferrer, ya es Navidad. La presentadora y la influencer no han podido esperar m\u00e1s para sumergirse en el esp\u00edritu festivo y han montado un despliegue decorativo que es, sin duda, digno de aparecer en cualquier pel\u00edcula. La casa se ha transformado gracias a un trabajo meticuloso y lleno de complicidad: desde la decoraci\u00f3n completa del \u00e1rbol hasta los centros de mesa, pasando por plantas naturales y accesorios cuidadosamente seleccionados. El v\u00eddeo que han compartido madre e hija muestra la magia detr\u00e1s de este montaje y la maravillosa sinton\u00eda que existe entre ellas al decorar su hogar.<strong> \u00a1No te pierdas el espectacular \u00e1rbol y todos los detalles navide\u00f1os que han montado en tiempo r\u00e9cord!<\/strong> <\/p>\n","protected":false},"excerpt":{"rendered":"Aunque a\u00fan falten unas semanas para el inicio oficial de las fiestas, en casa de Paz Padilla y&hellip;\n","protected":false},"author":2,"featured_media":239424,"comment_status":"","ping_status":"","sticky":false,"template":"","format":"standard","meta":{"footnotes":""},"categories":[174],"tags":[517,61780,255,146,147,25,24,256,6925,23],"class_list":{"0":"post-239423","1":"post","2":"type-post","3":"status-publish","4":"format-standard","5":"has-post-thumbnail","7":"category-famosos","8":"tag-actualidad","9":"tag-anna-ferrer-padilla","10":"tag-celebrities","11":"tag-entertainment","12":"tag-entretenimiento","13":"tag-es","14":"tag-espana","15":"tag-famosos","16":"tag-paz-padilla","17":"tag-spain"},"share_on_mastodon":{"url":"https:\/\/pubeurope.com\/@es\/115560579508257818","error":""},"_links":{"self":[{"href":"https:\/\/www.europesays.com\/es\/wp-json\/wp\/v2\/posts\/239423","targetHints":{"allow":["GET"]}}],"collection":[{"href":"https:\/\/www.europesays.com\/es\/wp-json\/wp\/v2\/posts"}],"about":[{"href":"https:\/\/www.europesays.com\/es\/wp-json\/wp\/v2\/types\/post"}],"author":[{"embeddable":true,"href":"https:\/\/www.europesays.com\/es\/wp-json\/wp\/v2\/users\/2"}],"replies":[{"embeddable":true,"href":"https:\/\/www.europesays.com\/es\/wp-json\/wp\/v2\/comments?post=239423"}],"version-history":[{"count":0,"href":"https:\/\/www.europesays.com\/es\/wp-json\/wp\/v2\/posts\/239423\/revisions"}],"wp:featuredmedia":[{"embeddable":true,"href":"https:\/\/www.europesays.com\/es\/wp-json\/wp\/v2\/media\/239424"}],"wp:attachment":[{"href":"https:\/\/www.europesays.com\/es\/wp-json\/wp\/v2\/media?parent=239423"}],"wp:term":[{"taxonomy":"category","embeddable":true,"href":"https:\/\/www.europesays.com\/es\/wp-json\/wp\/v2\/categories?post=239423"},{"taxonomy":"post_tag","embeddable":true,"href":"https:\/\/www.europesays.com\/es\/wp-json\/wp\/v2\/tags?post=239423"}],"curies":[{"name":"wp","href":"https:\/\/api.w.org\/{rel}","templated":true}]}}