{"id":239425,"date":"2025-11-16T17:34:13","date_gmt":"2025-11-16T17:34:13","guid":{"rendered":"https:\/\/www.europesays.com\/es\/239425\/"},"modified":"2025-11-16T17:34:13","modified_gmt":"2025-11-16T17:34:13","slug":"como-rescate-a-mi-hermana-gemela-judith-scott-quien-termino-convertida-en-una-famosa-artista","status":"publish","type":"post","link":"https:\/\/www.europesays.com\/es\/239425\/","title":{"rendered":"C\u00f3mo rescat\u00e9 a mi hermana gemela Judith Scott, quien termin\u00f3 convertida en una famosa artista"},"content":{"rendered":"<p><img fetchpriority=\"high\" decoding=\"async\" src=\"https:\/\/www.europesays.com\/es\/wp-content\/uploads\/2025\/11\/6042a890-c2f6-11f0-86bc-2176f683b5a0.jpg.webp.webp\"   alt=\"Judith Scott, concentrada, trabajando.\" loading=\"eager\" width=\"1024\" height=\"576\" style=\"aspect-ratio:1024 \/ 576\" class=\"css-4ejld5\"\/><\/p>\n<p class=\"css-by8ykd\" role=\"text\">Fuente de la imagen, Cortes\u00eda de Creative Growth\/Foto: Stan Peterson<\/p>\n<p>Pie de foto, Separada de su hermana gemela a los 7 a\u00f1os, fue rescatada d\u00e9cadas despu\u00e9s, y el feliz reencuentro desencaden\u00f3 un milagro.<strong id=\"article-byline\" aria-hidden=\"true\" class=\"css-m04vo2\">Informaci\u00f3n del art\u00edculo<\/strong><\/p>\n<ul class=\"css-1rvtlej\">\n<li class=\"css-oe8da4\">\n<ul role=\"list\" class=\"css-1rnycnn\">\n<li>Autor, Dalia Ventura<\/li>\n<li>T\u00edtulo del autor,  BBC News Mundo<\/li>\n<\/ul>\n<\/li>\n<li class=\"css-1clfxfc\">\n<p>3 horas<\/p>\n<\/li>\n<li class=\"css-1clfxfc\"\/><\/ul>\n<p dir=\"ltr\" class=\"css-1qucyee e17g058b0\"><b>Cuando, en 1917, el legendario artista vanguardista franc\u00e9s Marcel Duchamp present\u00f3 como obra de arte para una exposici\u00f3n un urinario de porcelana bocarriba, firmado con un misterioso seud\u00f3nimo y llamado \u00abFuente\u00bb, dispar\u00f3 una revoluci\u00f3n<\/b>. <\/p>\n<p dir=\"ltr\" class=\"css-1qucyee e17g058b0\">Hab\u00eda desvinculado la importancia de una obra del papel del artista en su fabricaci\u00f3n, desafiando al mundo del arte a aceptar como leg\u00edtimos lo que llamaba \u00abreadymades\u00bb, u objetos comerciales cotidianos que, al situarlos en un nuevo contexto cultural, perd\u00edan su significado \u00fatil: lo creado era una nueva idea para ese objeto.<\/p>\n<p dir=\"ltr\" class=\"css-1qucyee e17g058b0\">Y, crucialmente, era el artista quien declaraba una obra de arte como tal.<\/p>\n<p dir=\"ltr\" class=\"css-1qucyee e17g058b0\">Pero, \u00bfqu\u00e9 pasa si las obras est\u00e1n hechas por alguien que no se identifica como artista y que ni siquiera sabe lo que es el arte?<\/p>\n<p dir=\"ltr\" class=\"css-1qucyee e17g058b0\">Ese es el caso de Judith Scott, quien pas\u00f3 de ser una ni\u00f1a institucionalizada a la que no le permit\u00edan dibujar a una mujer con un talento creativo natural tan extraordinario que se volvi\u00f3 famosa.<\/p>\n<p dir=\"ltr\" class=\"css-1qucyee e17g058b0\">Sus creaciones se pueden admirar en las colecciones permanentes del Museo de Arte Moderno de Nueva York y del Centro Pompidou de Par\u00eds, as\u00ed como en galer\u00edas de todo el mundo.<\/p>\n<p dir=\"ltr\" class=\"css-1qucyee e17g058b0\">Su obra ha sido catalogada por varios en conocedores como arte marginal, el nombre en espa\u00f1ol del concepto de Art Brut, creado por el artista franc\u00e9s Jean Dubuffet para describir el arte creado fuera de los l\u00edmites de la cultura oficial.<\/p>\n<p dir=\"ltr\" class=\"css-1qucyee e17g058b0\">\u00abEl verdadero arte siempre est\u00e1 donde no se le espera. All\u00ed donde nadie piensa en \u00e9l ni pronuncia su nombre. El arte odia ser reconocido y saludado por su nombre\u00bb, opin\u00f3 Dubuffet.<\/p>\n<p><img decoding=\"async\" src=\"https:\/\/www.europesays.com\/es\/wp-content\/uploads\/2025\/11\/79461960-b0e2-11f0-aa13-0b0479f6f42a.jpg.webp.webp\"   alt=\"Escultura de Judith Scott, grande, m\u00e1s que todo en tonos de azul.\" loading=\"lazy\" width=\"1024\" height=\"638\" style=\"aspect-ratio:1024 \/ 638\" class=\"css-4ejld5\"\/><\/p>\n<p class=\"css-by8ykd\" role=\"text\">Fuente de la imagen, AP<\/p>\n<p dir=\"ltr\" class=\"css-1qucyee e17g058b0\">El arte marginal se define, a grandes rasgos, como arte realizado sin intencionalidad, con un toque ingenuo o producido por personas sin formaci\u00f3n art\u00edstica. <\/p>\n<p dir=\"ltr\" class=\"css-1qucyee e17g058b0\">Lo \u00faltimo es cierto. Lo de la ingenuidad, posible. Pero la cuesti\u00f3n de la intenci\u00f3n, o la falta de ella, en las obras que Judith creaba -si es que cabe cuestionar eso-, s\u00f3lo lo sab\u00eda ella, y no nos dej\u00f3 la respuesta. <\/p>\n<p dir=\"ltr\" class=\"css-1qucyee e17g058b0\">Lo que s\u00ed nos dej\u00f3 fueron decenas de esculturas poderosas, extra\u00f1as y cautivadoras, as\u00ed como una historia de una vida desgarradora y asombrosa, que empez\u00f3 en 1943 cuando naci\u00f3 unos minutos despu\u00e9s que su hermana Joyce. <\/p>\n<p>Unidas<\/p>\n<p dir=\"ltr\" class=\"css-1qucyee e17g058b0\">Joyce y Judith viv\u00edan en un suburbio de Cincinnati, Ohio, Estados Unidos, con sus padres y hermanos mayores.<\/p>\n<p dir=\"ltr\" class=\"css-1qucyee e17g058b0\">Las hermanas eran extraordinariamente unidas. Pasaban todo el d\u00eda juntas, explorando, inventando juegos, cavando en el arenero, a veces con ni\u00f1os del vecindario, relata Joyce en su libro \u00abEntrelazadas: hermanas y secretos en el mundo silencioso de la artista Judith Scott\u00bb (2016).<\/p>\n<p dir=\"ltr\" class=\"css-1qucyee e17g058b0\">En las noches, dorm\u00edan en la misma cama, acurrucadas una junto a la otra.<\/p>\n<p dir=\"ltr\" class=\"css-1qucyee e17g058b0\">Eran gemelas, id\u00e9nticas gen\u00e9ticamente excepto por un cromosoma del que Judith ten\u00eda una copia adicional, lo que ocasion\u00f3 los cambios en el desarrollo y las caracter\u00edsticas f\u00edsicas del s\u00edndrome de Down.<\/p>\n<p dir=\"ltr\" class=\"css-1qucyee e17g058b0\">Pero Joyce s\u00f3lo se empez\u00f3 a notar que hab\u00eda algo distinto debido a la manera en la que otros trataban a Judith.<\/p>\n<p dir=\"ltr\" class=\"css-1qucyee e17g058b0\">\u00abUn d\u00eda, cuando ten\u00edamos 3 o 4 a\u00f1os, est\u00e1bamos jugando en el porche de los vecinos con muchos ni\u00f1os, y la hija menor, Marilyn, se cay\u00f3. La madre acus\u00f3 a Judy de haberla empujado, le prohibieron jugar en su patio y construyeron una gran cerca\u00bb, record\u00f3. <\/p>\n<p dir=\"ltr\" class=\"css-1qucyee e17g058b0\">\u00abMe indign\u00e9 y nunca volv\u00ed a ir all\u00e1. Pero fue la primera vez que me di cuenta de que la gente pensaba en Judy como diferente y que podr\u00eda ser peligroso ser diferente, porque te exclu\u00edan\u00bb.<\/p>\n<p dir=\"ltr\" class=\"css-1qucyee e17g058b0\">Eso se fue evidenciando a\u00fan m\u00e1s con el tiempo: cuenta en su libro que cuando ten\u00edan unos 6 a\u00f1os comprendi\u00f3 que hab\u00eda una raz\u00f3n por la que las encerraban en su habitaci\u00f3n cuando personas ajenas a la familia ven\u00edan de visita, pero no sab\u00eda cu\u00e1l era.<\/p>\n<p dir=\"ltr\" class=\"css-1qucyee e17g058b0\">Pasar\u00edan muchos a\u00f1os m\u00e1s antes de que entendiera que en la d\u00e9cada de 1940, tener un hijo \u00abdefectuoso\u00bb era motivo de verg\u00fcenza y culpa.<\/p>\n<p><img decoding=\"async\" src=\"https:\/\/www.europesays.com\/es\/wp-content\/uploads\/2025\/11\/bbad2730-b0e2-11f0-b2a1-6f537f66f9aa.jpg.webp.webp\"   alt=\"Joyce y Judith en un jard\u00edn, sentadas a la mesa.\" loading=\"lazy\" width=\"1200\" height=\"675\" style=\"aspect-ratio:1200 \/ 675\" class=\"css-4ejld5\"\/><\/p>\n<p class=\"css-by8ykd\" role=\"text\">Fuente de la imagen, Cortes\u00eda de Joyce Scott<\/p>\n<p>Pie de foto, En sus primeros a\u00f1os, las gemelas vivieron felices en su propio mundo. <\/p>\n<p dir=\"ltr\" class=\"css-1qucyee e17g058b0\">La situaci\u00f3n se agrav\u00f3 cuando lleg\u00f3 el momento de que las ni\u00f1as fueran a la escuela.<\/p>\n<p dir=\"ltr\" class=\"css-1qucyee e17g058b0\">Adem\u00e1s de las diferencias derivadas del s\u00edndrome de Down, Judith no sab\u00eda hablar, y nadie sab\u00eda por qu\u00e9. <\/p>\n<p dir=\"ltr\" class=\"css-1qucyee e17g058b0\">D\u00e9cadas despu\u00e9s se diagnostic\u00f3 la causa: una enfermedad en la infancia temprana la hab\u00eda dejado profundamente sorda.<\/p>\n<p dir=\"ltr\" class=\"css-1qucyee e17g058b0\">Por su imposibilidad de comunicarse verbalmente, no pudo aprobar el examen de ingreso a la \u00fanica aula disponible para ni\u00f1os con discapacidad, y la escuela la tach\u00f3 de \u00abineducable\u00bb.<\/p>\n<p dir=\"ltr\" class=\"css-1qucyee e17g058b0\">Tanto profesionales de educaci\u00f3n como de salud le recomendaron a los padres que la ingresaran en la Instituci\u00f3n Estatal de Columbus, una escuela para personas con discapacidad mental. <\/p>\n<p dir=\"ltr\" class=\"css-1qucyee e17g058b0\">Hab\u00eda sido clasificada como alguien \u00abcon retraso mental profundo\u00bb, y en esa \u00e9poca, aquellos con discapacidades graves no sol\u00edan vivir en sus hogares.<\/p>\n<p>Separadas<\/p>\n<p dir=\"ltr\" class=\"css-1qucyee e17g058b0\">Mientras Joyce iba a la escuela, Judith se quedaba en casa. Pero por la noche segu\u00edan, como siempre, durmiendo juntas, acurrucadas en los brazos de la otra. <\/p>\n<p dir=\"ltr\" class=\"css-1qucyee e17g058b0\">\u00abUn d\u00eda, cuando me despert\u00e9 por la ma\u00f1ana, ella no estaba abrazada conmigo. Recuerdo que extend\u00ed mi mano para acercarla, y no estaba ah\u00ed. La busqu\u00e9 por toda la casa pero no pude encontrarla\u00bb. <\/p>\n<p dir=\"ltr\" class=\"css-1qucyee e17g058b0\">\u00abFinalmente le pregunt\u00e9 a nuestra madre d\u00f3nde estaba. Ella estaba apoyada contra la estufa, le casta\u00f1eteaban los dientes y estaba claramente angustiada. Respondi\u00f3: &#8216;Se fue a una escuela especial donde le van a ense\u00f1ar a hablar&#8217;. Horrorizada, le contest\u00e9: &#8216;\u00a1Yo le estoy ense\u00f1ando!&#8217;. <\/p>\n<p dir=\"ltr\" class=\"css-1qucyee e17g058b0\">\u00abAl final, me di cuenta de que ella se iba a quedar all\u00ed, lo que para m\u00ed era una idea aterradora; era incre\u00edble que algo as\u00ed pudiera estar sucediendo\u00bb.<\/p>\n<p dir=\"ltr\" class=\"css-1qucyee e17g058b0\">Esa noche, Joyce escuch\u00f3 a su padre cont\u00e1ndole a su madre c\u00f3mo hab\u00eda llevado a Judith a ese lugar, que hab\u00eda estado aterrorizada, aferr\u00e1ndose a \u00e9l, gritando y llorando cuando se la llevaron. <\/p>\n<p dir=\"ltr\" class=\"css-1qucyee e17g058b0\">Desolada, tom\u00f3 la mu\u00f1eca y los juguetes que m\u00e1s le gustaban a su hermana, los puso a su lado en la cama y durmi\u00f3 sola por primera vez. <\/p>\n<p><img decoding=\"async\" src=\"https:\/\/www.europesays.com\/es\/wp-content\/uploads\/2025\/11\/d2c73fe0-b0e8-11f0-ba75-093eca1ac29b.jpg.webp.webp\"   alt=\"Foto del lugar donde internaron a Judith.\" loading=\"lazy\" width=\"1024\" height=\"570\" style=\"aspect-ratio:1024 \/ 570\" class=\"css-4ejld5\"\/>Pie de foto, A la peque\u00f1a Joyce, la instituci\u00f3n le pareci\u00f3 escalofriante. <\/p>\n<p dir=\"ltr\" class=\"css-1qucyee e17g058b0\">Unas semanas m\u00e1s tarde, sus padres le preguntaron si le gustar\u00eda ver a Judith en su nueva escuela. <\/p>\n<p dir=\"ltr\" class=\"css-1qucyee e17g058b0\">Estaba muy emocionada, pero cuando llegaron not\u00f3 que el letrero no dec\u00eda &#8216;escuela&#8217; sino &#8216;instituci\u00f3n&#8217;, y el lugar \u00abera muy aterrador, como algo sacado de un cuento de Charles Dickens: grandes edificios antiguos, puertas muy oscuras y pesadas, pasillos largos, ni\u00f1os amontonados, a veces tirados en el suelo sin ropa, en habitaciones malolientes\u00bb. <\/p>\n<p>El dolor<\/p>\n<p dir=\"ltr\" class=\"css-1qucyee e17g058b0\">En casa, su madre se volvi\u00f3 muy distante y finalmente tuvo una crisis nerviosa. <\/p>\n<p dir=\"ltr\" class=\"css-1qucyee e17g058b0\">Joyce se sent\u00eda perdida sin su gemela. Ten\u00eda otros hermanos, pero no eran tan cercanos. E hizo amigos, pero no pod\u00eda dejar de pensar y preocuparse por Judith. <\/p>\n<p dir=\"ltr\" class=\"css-1qucyee e17g058b0\">Su padre la llevaba a verla \u00abcasi todos los meses, pero no recuerdo que nadie hablara de ella; todos actuaban como si nunca hubiera sido parte de la familia\u00bb. <\/p>\n<p dir=\"ltr\" class=\"css-1qucyee e17g058b0\">Cuatro a\u00f1os despu\u00e9s de que Judith fuera internada, su padre muri\u00f3, y las visitas se hicieron m\u00e1s espor\u00e1dicas. <\/p>\n<p dir=\"ltr\" class=\"css-1qucyee e17g058b0\">A\u00f1os despu\u00e9s, Joyce tratar\u00eda de averiguar c\u00f3mo fue la vida de Judith en esa instituci\u00f3n.<\/p>\n<p dir=\"ltr\" class=\"css-1qucyee e17g058b0\">\u00abNo hay mucha informaci\u00f3n, pero consegu\u00ed sus registros oficiales\u00bb.<\/p>\n<p dir=\"ltr\" class=\"css-1qucyee e17g058b0\">Uno de ellos indica que \u00abJudith no parece tener buena conexi\u00f3n con su entorno. No se lleva bien con otros ni\u00f1os, es inquieta, come desordenadamente, se rasga la ropa y golpea a otros ni\u00f1os\u00bb. <\/p>\n<p dir=\"ltr\" class=\"css-1qucyee e17g058b0\">Otro documento, recuerda Joyce, se\u00f1ala que, en una ocasi\u00f3n, Judith mostr\u00f3 ganas de unirse a otros ni\u00f1os que dibujaban en trozos de papel, pero le dijeron que era \u00abdemasiado retrasada mental para dibujar\u00bb y le confiscaron sus crayones.<\/p>\n<p><img decoding=\"async\" src=\"https:\/\/www.europesays.com\/es\/wp-content\/uploads\/2025\/11\/5a181d80-b0e3-11f0-aa13-0b0479f6f42a.jpg.webp.webp\"   alt=\"Detalle de colorida obra de Judith Scott\" loading=\"lazy\" width=\"1024\" height=\"1302\" style=\"aspect-ratio:1024 \/ 1302\" class=\"css-4ejld5\"\/><\/p>\n<p class=\"css-by8ykd\" role=\"text\">Fuente de la imagen, AP<\/p>\n<p>Pie de foto, Lo sombr\u00edo de esos a\u00f1os m\u00e1s tarde contrastar\u00eda con los alegres colores de las obras de Judith.<\/p>\n<p dir=\"ltr\" class=\"css-1qucyee e17g058b0\">Debido a los problemas de conducta, a Judith la trasladaron a otra instituci\u00f3n estatal m\u00e1s peque\u00f1a en Ohio.<\/p>\n<p dir=\"ltr\" class=\"css-1qucyee e17g058b0\">Joyce, entretanto, se gradu\u00f3 de secundaria, obtuvo una beca para una peque\u00f1a universidad de artes.<\/p>\n<p dir=\"ltr\" class=\"css-1qucyee e17g058b0\">Trabajaba duro, pero siempre sac\u00f3 tiempo para ver a Judy. <\/p>\n<p dir=\"ltr\" class=\"css-1qucyee e17g058b0\">Hubo una visita que nunca olvid\u00f3. <\/p>\n<p dir=\"ltr\" class=\"css-1qucyee e17g058b0\">Encontr\u00f3 a Judith esper\u00e1ndola, y, al verla, sonri\u00f3. Pero era una sonrisa extra\u00f1a. Sus dientes ya no estaban, ninguno. Sus labios se le hund\u00edan en la boca.<\/p>\n<p dir=\"ltr\" class=\"css-1qucyee e17g058b0\">\u00abPregunt\u00e9: &#8216;\u00bfQu\u00e9 diablos pas\u00f3?&#8217;. Dijeron que como era complicado brindarles atenci\u00f3n dental, era m\u00e1s f\u00e1cil para todos los involucrados simplemente sacarles los dientes. &#8216;Luego simplemente trituramos su comida&#8217;. <\/p>\n<p dir=\"ltr\" class=\"css-1qucyee e17g058b0\">\u00abFue un shock horrible. Adem\u00e1s, en esa misma \u00e9poca, sol\u00edan usar a personas en instituciones para probar medicamentos experimentales, y a Judy le hab\u00edan dado alg\u00fan tipo de antipsic\u00f3tico que le causaba este movimiento involuntario de la boca que la hac\u00eda ver peculiar\u00bb.<\/p>\n<p dir=\"ltr\" class=\"css-1qucyee e17g058b0\">En este punto, todo se volvi\u00f3 demasiado para Joyce. Sufri\u00f3 un colapso, abandon\u00f3 la universidad y, por un tiempo, las cosas estuvieron mal.<\/p>\n<p>Reunidas<\/p>\n<p dir=\"ltr\" class=\"css-1qucyee e17g058b0\">Mientras Judith pasaba todos los d\u00edas de su vida encerrada, Joyce se cas\u00f3 tres veces y tuvo tres hijas, incluyendo una que naci\u00f3 en su adolescencia y fue dada en adopci\u00f3n; cuando pudo, empez\u00f3 a buscarla sin cesar, hasta que la encontr\u00f3. <\/p>\n<p dir=\"ltr\" class=\"css-1qucyee e17g058b0\">Tuvo varios empleos, a menudo trabajando con ni\u00f1os con discapacidad, y finalmente, se licenci\u00f3 en psicolog\u00eda y m\u00e1s tarde en enfermer\u00eda. <\/p>\n<p dir=\"ltr\" class=\"css-1qucyee e17g058b0\">Y siempre que pod\u00eda, visitaba a su gemela, acompa\u00f1ada de sus hijas, quienes tambi\u00e9n forjaron lazos profundos con su t\u00eda. <\/p>\n<p dir=\"ltr\" class=\"css-1qucyee e17g058b0\">A principios de los 80, Joyce asisti\u00f3 a un retiro de silencio donde ocurri\u00f3 algo significativo, que describi\u00f3 en su libro. <\/p>\n<p dir=\"ltr\" class=\"css-1qucyee e17g058b0\">\u00abPoco a poco, una extra\u00f1a ligereza comienza a llenar mi cuerpo, una ligereza y una sensaci\u00f3n de alegr\u00eda. En lo m\u00e1s profundo de mi coraz\u00f3n, siento a Judy y a m\u00ed, las dos a\u00fan juntas, a\u00fan unidas. <\/p>\n<p dir=\"ltr\" class=\"css-1qucyee e17g058b0\">\u00abAhora s\u00e9 que nuestra conexi\u00f3n nunca se ha roto y nunca podr\u00e1 romperse ni cambiar. Me doy cuenta de lo absurdo de nuestra separaci\u00f3n y s\u00e9 con absoluta certeza que ya no es necesaria, que es posible pasar el resto de nuestras vidas juntas\u00bb.<\/p>\n<p dir=\"ltr\" class=\"css-1qucyee e17g058b0\">Tom\u00f3 la decisi\u00f3n de convertirse en la tutora legal de Judith. <\/p>\n<p dir=\"ltr\" class=\"css-1qucyee e17g058b0\">El proceso fue largo y dif\u00edcil pero, en 1986, su gemela se mud\u00f3 a California para vivir cerca de ella y su familia.<\/p>\n<p dir=\"ltr\" class=\"css-1qucyee e17g058b0\">Para entonces, Judith ten\u00eda 43 a\u00f1os y hab\u00eda pasado 35 virtualmente encarcelada. <\/p>\n<p dir=\"ltr\" class=\"css-1qucyee e17g058b0\">Joyce deseaba que su vida de ah\u00ed en adelante fuera lo m\u00e1s enriquecedora posible, y \u00abun amigo me habl\u00f3 de Creative Growth en Oakland, que es para artistas con discapacidades.<\/p>\n<p dir=\"ltr\" class=\"css-1qucyee e17g058b0\">\u00abFui y me enamor\u00e9 locamente del lugar. Cuando entras por las puertas, hay una sensaci\u00f3n de creatividad y vitalidad Es un lugar muy alegre y pens\u00e9: &#8216;ella tiene que venir aqu\u00ed'\u00bb.<\/p>\n<p><img decoding=\"async\" src=\"https:\/\/www.europesays.com\/es\/wp-content\/uploads\/2025\/11\/977a12f0-b0e3-11f0-b2a1-6f537f66f9aa.jpg.webp.webp\"   alt=\"Carro de compras de supermercado repleto de cosas y amarrijos\" loading=\"lazy\" width=\"1024\" height=\"799\" style=\"aspect-ratio:1024 \/ 799\" class=\"css-4ejld5\"\/><\/p>\n<p class=\"css-by8ykd\" role=\"text\">Fuente de la imagen, AP<\/p>\n<p>Pie de foto, Judith pasaba los d\u00edas envolviendo e hilando meticulosamente objetos con fibras, transform\u00e1ndolos en extraordinarias creaciones.<img decoding=\"async\" src=\"https:\/\/www.europesays.com\/es\/wp-content\/uploads\/2025\/11\/f009df20-b0ea-11f0-ba75-093eca1ac29b.jpg.webp.webp\"   alt=\"Dos de las esculturas de Judith Scott\" loading=\"lazy\" width=\"1024\" height=\"579\" style=\"aspect-ratio:1024 \/ 579\" class=\"css-4ejld5\"\/>Pie de foto, Las v\u00edvidas y enigm\u00e1ticas esculturas la consagraron como artista, pero ella, ajena a eso y  ala fama, lo que \u00fanico que quer\u00eda era crear sin cesar. <\/p>\n<p dir=\"ltr\" class=\"css-1qucyee e17g058b0\">Creative Growth es un centro de arte visionario en California donde las personas con dificultades mentales o psicol\u00f3gicas tienen total libertad art\u00edstica.<\/p>\n<p dir=\"ltr\" class=\"css-1qucyee e17g058b0\">Uno de los primeros centros de su tipo, no les dice a sus alumnos qu\u00e9 hacer ni utiliza el arte como terapia. Sencillamente, les proporciona recursos y un espacio para crear.<\/p>\n<p dir=\"ltr\" class=\"css-1qucyee e17g058b0\">Durante los primeros dos a\u00f1os, Judith no parec\u00eda muy interesada en nada.<\/p>\n<p dir=\"ltr\" class=\"css-1qucyee e17g058b0\">Pero un taller de artes textiles con la artista Sylvia Seventy cambi\u00f3 todo.<\/p>\n<p dir=\"ltr\" class=\"css-1qucyee e17g058b0\">Judith levant\u00f3 la vista, y se qued\u00f3 observando lo que Seventy y los dem\u00e1s estaban haciendo. M\u00e1s tarde ese d\u00eda, recogi\u00f3 un poco de cuerda y comenz\u00f3 a juntar objetos para atarlos.<\/p>\n<p dir=\"ltr\" class=\"css-1qucyee e17g058b0\">\u00abEncontr\u00f3 dos o tres palos grandes y los envolvi\u00f3 con hilos y cosas. A todos los que vieron lo que hab\u00eda hecho les pareci\u00f3 maravilloso\u00bb.<\/p>\n<p dir=\"ltr\" class=\"css-1qucyee e17g058b0\">A partir de ese momento, empez\u00f3 a coleccionar cosas que encontraba, sin preguntar si ten\u00edan due\u00f1o, en una gran bolsa negra. <\/p>\n<p dir=\"ltr\" class=\"css-1qucyee e17g058b0\">Tomaba esos objetos, algunos tan peque\u00f1os como anillos, otros tan grandes como carritos de compras, y pasaba horas at\u00e1ndolos y envolvi\u00e9ndolos con hilo, cuerda y tela. <\/p>\n<p dir=\"ltr\" class=\"css-1qucyee e17g058b0\">Iba todos los d\u00edas al centro y trabajaba con ah\u00ednco, atando y tejiendo; le dedicaba  semanas o meses en cada pieza hasta que se convirt\u00edan en esculturas misteriosas, que desplegaban un exquisito sentido del color, la textura y el dise\u00f1o. <\/p>\n<p dir=\"ltr\" class=\"css-1qucyee e17g058b0\">En alg\u00fan momento, decid\u00eda que hab\u00eda terminado, hac\u00eda siempre el mismo gesto, deslizando las palmas de las manos una con la otra, y apartaba la obra. <\/p>\n<p dir=\"ltr\" class=\"css-1qucyee e17g058b0\">Y mientras todos a su alrededor se maravillaban con su \u00faltima escultura, ella hurgaba en su bolsa negra, encontraba otros tesoros y comenzaba con la siguiente.<\/p>\n<p>En sus brazos<\/p>\n<p dir=\"ltr\" class=\"css-1qucyee e17g058b0\">En 1999, los directores de Creative Growth decidieron organizar una exposici\u00f3n de las obras de Judith. <\/p>\n<p dir=\"ltr\" class=\"css-1qucyee e17g058b0\">Pero se encontraron con un problema. \u00bfC\u00f3mo explic\u00e1rselo a ella? <\/p>\n<p dir=\"ltr\" class=\"css-1qucyee e17g058b0\">Hab\u00edan intentado ense\u00f1arle el lenguaje de se\u00f1as, pero no hab\u00eda funcionado. Ya ten\u00eda su forma de expresarse: hab\u00eda encontrado su voz, sin necesidad de palabras.<\/p>\n<p><img decoding=\"async\" src=\"https:\/\/www.europesays.com\/es\/wp-content\/uploads\/2025\/11\/04ac4540-b0ea-11f0-aa13-0b0479f6f42a.jpg.webp.webp\"   alt=\"Una cerradura se ve por entre hebras de lana\" loading=\"lazy\" width=\"1024\" height=\"583\" style=\"aspect-ratio:1024 \/ 583\" class=\"css-4ejld5\"\/>Pie de foto, Sus esculturas guardan en sus entra\u00f1as los tesoros que Judith encontraba. A veces, todo est\u00e1 oculto, protegido con hebras semejantes a pinceladas, pero no siempre. <\/p>\n<p dir=\"ltr\" class=\"css-1qucyee e17g058b0\">En la noche del estreno, Joyce fue a la casa de Judith para prepararla.<\/p>\n<p dir=\"ltr\" class=\"css-1qucyee e17g058b0\">\u00abLlegu\u00e9 alrededor de las 6:30 y ella ya hab\u00eda terminado de cenar, se hab\u00eda puesto el pijama, se hab\u00eda metido en la cama con sus revistas, y realmente no estaba muy feliz de verme. <\/p>\n<p dir=\"ltr\" class=\"css-1qucyee e17g058b0\">\u00abYo ten\u00eda una bolsa de maquillaje y cuando comenc\u00e9 a maquillarme, empez\u00f3 a animarse. Le encantaba mirarse en el espejo, y para m\u00ed era sencillamente fant\u00e1stico ver a esa personita, que hab\u00eda perdido todos sus dientes y pasado por el infierno, celebrar qui\u00e9n era\u00bb.<\/p>\n<p dir=\"ltr\" class=\"css-1qucyee e17g058b0\">Judith asisti\u00f3 a la gala de su exposici\u00f3n a rega\u00f1adientes, ataviada con un vestido de noche azul y pantuflas rosa de felpa.<\/p>\n<p dir=\"ltr\" class=\"css-1qucyee e17g058b0\">A\u00f1os despu\u00e9s, un d\u00eda primaveral, las dos hermanas salieron camino a una caba\u00f1a de Joyce para pasar el fin de semana. <\/p>\n<p dir=\"ltr\" class=\"css-1qucyee e17g058b0\">Durante 18 a\u00f1os, Judith Scott hab\u00eda creado casi 100 esculturas envolventes, que hab\u00edan sido expuestas en prestigiosas galer\u00edas y museos, as\u00ed como subastadas por altas sumas de dinero. <\/p>\n<p dir=\"ltr\" class=\"css-1qucyee e17g058b0\">Nada de esa fama le import\u00f3. Ajena a la atenci\u00f3n y adulaci\u00f3n, lo que quer\u00eda era crear m\u00e1s de esas formas que guardaban objetos improbables envueltos como momias coloridas, ocultando y revelando genialidades.<\/p>\n<p dir=\"ltr\" class=\"css-1qucyee e17g058b0\">Pero ese d\u00eda de 2005, Judith no era la misma de siempre. La noche anterior, cuenta Joyce, la hab\u00eda visto, perpleja, terminar una escultura negra.<\/p>\n<p dir=\"ltr\" class=\"css-1qucyee e17g058b0\">\u00abLe gustaba el color, y de repente hizo esta pieza que no ten\u00eda color. Y luego hizo otras cosas inusuales, como insistir en que tomara sus revistas que nunca le prestaba a nadie, ni siquiera a m\u00ed. <\/p>\n<p dir=\"ltr\" class=\"css-1qucyee e17g058b0\">\u00abDespu\u00e9s, cuando \u00edbamos a la caba\u00f1a, parec\u00eda que le dol\u00eda el est\u00f3mago. Al llegar, se fue directamente a su cama. Fui con ella y, mientras llamaba a los hospitales, nos abraz\u00e1bamos; yo la sosten\u00eda, le hablaba, la miraba a los ojos&#8230; <\/p>\n<p dir=\"ltr\" class=\"css-1qucyee e17g058b0\">\u00abDe repente, simplemente dej\u00f3 de respirar\u00bb.<\/p>\n<p><img decoding=\"async\" src=\"https:\/\/www.europesays.com\/es\/wp-content\/uploads\/2025\/11\/dc612c20-af47-11f0-aa13-0b0479f6f42a.png.webp.webp\"   alt=\"l\u00ednea\" loading=\"lazy\" width=\"800\" height=\"100\" style=\"aspect-ratio:800 \/ 100\" class=\"css-4ejld5\"\/><\/p>\n<p dir=\"ltr\" class=\"css-1qucyee e17g058b0\"><a href=\"https:\/\/www.bbc.com\/mundo\/send\/u184973209\" class=\"focusIndicatorReducedWidth css-n8oauk e1p3sufg0\" rel=\"nofollow noopener\" target=\"_blank\">Suscr\u00edbete aqu\u00ed<\/a> a nuestro nuevo newsletter para recibir cada viernes una selecci\u00f3n de nuestro mejor contenido de la semana.<\/p>\n<p dir=\"ltr\" class=\"css-1qucyee e17g058b0\">Y recuerda que puedes recibir notificaciones en nuestra app. Descarga la \u00faltima versi\u00f3n y act\u00edvalas.<\/p>\n","protected":false},"excerpt":{"rendered":"Fuente de la imagen, Cortes\u00eda de Creative Growth\/Foto: Stan Peterson Pie de foto, Separada de su hermana gemela&hellip;\n","protected":false},"author":2,"featured_media":239426,"comment_status":"","ping_status":"","sticky":false,"template":"","format":"standard","meta":{"footnotes":""},"categories":[173],"tags":[229,233,231,230,232,234,146,147,25,24,23],"class_list":{"0":"post-239425","1":"post","2":"type-post","3":"status-publish","4":"format-standard","5":"has-post-thumbnail","7":"category-arte-y-diseno","8":"tag-arte","9":"tag-arte-y-diseno","10":"tag-arts","11":"tag-arts-and-design","12":"tag-design","13":"tag-diseno","14":"tag-entertainment","15":"tag-entretenimiento","16":"tag-es","17":"tag-espana","18":"tag-spain"},"share_on_mastodon":{"url":"https:\/\/pubeurope.com\/@es\/115560583877506510","error":""},"_links":{"self":[{"href":"https:\/\/www.europesays.com\/es\/wp-json\/wp\/v2\/posts\/239425","targetHints":{"allow":["GET"]}}],"collection":[{"href":"https:\/\/www.europesays.com\/es\/wp-json\/wp\/v2\/posts"}],"about":[{"href":"https:\/\/www.europesays.com\/es\/wp-json\/wp\/v2\/types\/post"}],"author":[{"embeddable":true,"href":"https:\/\/www.europesays.com\/es\/wp-json\/wp\/v2\/users\/2"}],"replies":[{"embeddable":true,"href":"https:\/\/www.europesays.com\/es\/wp-json\/wp\/v2\/comments?post=239425"}],"version-history":[{"count":0,"href":"https:\/\/www.europesays.com\/es\/wp-json\/wp\/v2\/posts\/239425\/revisions"}],"wp:featuredmedia":[{"embeddable":true,"href":"https:\/\/www.europesays.com\/es\/wp-json\/wp\/v2\/media\/239426"}],"wp:attachment":[{"href":"https:\/\/www.europesays.com\/es\/wp-json\/wp\/v2\/media?parent=239425"}],"wp:term":[{"taxonomy":"category","embeddable":true,"href":"https:\/\/www.europesays.com\/es\/wp-json\/wp\/v2\/categories?post=239425"},{"taxonomy":"post_tag","embeddable":true,"href":"https:\/\/www.europesays.com\/es\/wp-json\/wp\/v2\/tags?post=239425"}],"curies":[{"name":"wp","href":"https:\/\/api.w.org\/{rel}","templated":true}]}}