{"id":239429,"date":"2025-11-16T17:38:12","date_gmt":"2025-11-16T17:38:12","guid":{"rendered":"https:\/\/www.europesays.com\/es\/239429\/"},"modified":"2025-11-16T17:38:12","modified_gmt":"2025-11-16T17:38:12","slug":"ryan-coogler-confirma-que-black-panther-3-es-su-proxima-pelicula","status":"publish","type":"post","link":"https:\/\/www.europesays.com\/es\/239429\/","title":{"rendered":"Ryan Coogler confirma que &#8216;Black Panther 3&#8217; es su pr\u00f3xima pel\u00edcula"},"content":{"rendered":"<p>Es hora de volver a Wakanda por tercera vez. <a href=\"https:\/\/www.ecartelera.com\/personas\/ryan-coogler\/\" data-mention-type=\"persona\" data-mention-id=\"7857\" rel=\"nofollow noopener\" target=\"_blank\">Ryan Coogler<\/a>, director de &#8216;Black Panther&#8217; y &#8216;Black Panther: Wakanda Forever&#8217;, ha confirmado a <a href=\"https:\/\/deadline.com\/2025\/11\/ryan-coogler-black-panther-3-next-movie-1236618702\/\" target=\"_blank\" rel=\"nofollow noopener\">Deadline<\/a> que <strong>&#8216;Black Panther 3&#8217; ser\u00e1 la pr\u00f3xima pel\u00edcula de su carrera<\/strong>. <\/p>\n<blockquote><p><strong>\u00abEstamos trabajando duro. Es la pr\u00f3xima pel\u00edcula\u00bb<\/strong>.<\/p><\/blockquote>\n<p>Ryan Coogler (&#8216;Black Panther: Wakanda Forever&#8217;): \u00abEl cine necesita experiencias comunitarias\u00bb<\/p>\n<p><video id=\"vid-31364\" class=\"video-js vjs-default-skin\" data-title=\"Ryan Coogler ('Black Panther: Wakanda Forever'): &quot;El cine necesita experiencias comunitarias&quot;\" poster=\"https:\/\/www.ecartelera.com\/images\/videos\/31300\/f31364.jpg\" controls=\"\" preload=\"auto\" width=\"640\" height=\"360\" playsinline=\"\" data-vtt=\"\/\/v1.ecartelera.com\/video\/31300\/31364_sprite.vtt\" data-stream=\"1\">El navegador no soporta el tag de v\u00eddeo.<\/video><\/p>\n<p>X<\/p>\n<p>Sorprende la confirmaci\u00f3n teniendo en cuenta la extrema confidencialidad que suele haber con este tipo de asuntos en Marvel Studios. De hecho en el propio v\u00eddeo se ve que le cuesta admitirlo p\u00fablicamente, algo que termina haciendo con una sonrisa casi de circunstancias. <\/p>\n<p>Coogler ha estado ligado al Black Panther del UCM desde su nacimiento, tanto en el guion como en la direcci\u00f3n. El \u00e9xito de la saga se puede dictaminar en cifras, pero no solo en las de taquilla: <strong>de las 27 nominaciones al Oscar que ha recibido el UCM en toda su historia, 12 provienen de &#8216;<a href=\"https:\/\/www.ecartelera.com\/peliculas\/black-panther\/\" data-mention-type=\"pelicula\" data-mention-id=\"8903\" rel=\"nofollow noopener\" target=\"_blank\">Black Panther<\/a>&#8216;  y &#8216;<a href=\"https:\/\/www.ecartelera.com\/peliculas\/black-panther-2\/\" data-mention-type=\"pelicula\" data-mention-id=\"15696\" rel=\"nofollow noopener\" target=\"_blank\">Black Panther: Wakanda Forever<\/a>&#8216;<\/strong>, as\u00ed como los cuatro Oscar obtenidos. Adem\u00e1s, &#8216;Black Panther&#8217; es el \u00fanico largometraje de la franquicia liderada por <a href=\"https:\/\/www.ecartelera.com\/personas\/kevin-feige\/\" data-mention-type=\"persona\" data-mention-id=\"12937\" rel=\"nofollow noopener\" target=\"_blank\">Kevin Feige<\/a> en estar nominado al Oscar a Mejor Pel\u00edcula.<\/p>\n<p>Las dudas con &#8216;Black Panther 3&#8217;<\/p>\n<p>Si Coogler dice que ya est\u00e1 trabajando en &#8216;Black Panther 3&#8217; y que es su pr\u00f3xima pel\u00edcula, eso significa que <strong>ser\u00e1 una de las primeras de la Fase 7 del UCM<\/strong>, si no la encargada misma de abrir una nueva era en la compa\u00f1\u00eda. <\/p>\n<p>\t\t\t\t\t\t\t<img decoding=\"async\" loading=\"lazy\" src=\"https:\/\/www.europesays.com\/es\/wp-content\/uploads\/2025\/11\/239596_damson-idris-f1-la-pelicula-reacciona-al-rumo.jpg\" alt=\"\u00bfHabr\u00e1 recast de Black Panther? \" width=\"1200\" height=\"681\"\/>\t<\/p>\n<p>\t\t\t\t\t\t\u00bfHabr\u00e1 recast de Black Panther?  (Disney)<\/p>\n<p>Esto supondr\u00eda un estreno, en el mejor de los casos, para 2028, teniendo en cuenta que &#8216;<a href=\"https:\/\/www.ecartelera.com\/peliculas\/avengers-secret-wars\/\" data-mention-type=\"pelicula\" data-mention-id=\"17361\" rel=\"nofollow noopener\" target=\"_blank\">Avengers: Secret Wars<\/a>&#8216;, el final de la Fase 6, llegar\u00e1 a los cines el 17 de diciembre de 2027. Habr\u00e1n pasado como m\u00ednimo seis a\u00f1os desde &#8216;Black Panther: Wakanda Forever&#8217;, con muchas dudas generadas por el camino: <strong>\u00bfcontinuar\u00e1 <a href=\"https:\/\/www.ecartelera.com\/personas\/letitia-wright\/\" data-mention-type=\"persona\" data-mention-id=\"16912\" rel=\"nofollow noopener\" target=\"_blank\">Letitia Wright<\/a> como Black Panther? \u00bfFinalmente tendr\u00e1 un papel importante <a href=\"https:\/\/www.ecartelera.com\/personas\/denzel-washington\/\" data-mention-type=\"persona\" data-mention-id=\"104\" rel=\"nofollow noopener\" target=\"_blank\">Denzel Washington<\/a>?<\/strong><\/p>\n<p>Nos tocar\u00e1 esperar para dilucidarlas, aunque todo lo que podemos hacer (que no es poco) es confiar en Ryan Coogler.<\/p>\n","protected":false},"excerpt":{"rendered":"Es hora de volver a Wakanda por tercera vez. Ryan Coogler, director de &#8216;Black Panther&#8217; y &#8216;Black Panther:&hellip;\n","protected":false},"author":2,"featured_media":239430,"comment_status":"","ping_status":"","sticky":false,"template":"","format":"standard","meta":{"footnotes":""},"categories":[169],"tags":[1014,1015,1013,177,1011,146,147,25,24,782,176,1019,1016,175,753,1012,23,1017,1018],"class_list":{"0":"post-239429","1":"post","2":"type-post","3":"status-publish","4":"format-standard","5":"has-post-thumbnail","7":"category-cine","8":"tag-actores","9":"tag-actrices","10":"tag-cartelera","11":"tag-cine","12":"tag-ecartelera","13":"tag-entertainment","14":"tag-entretenimiento","15":"tag-es","16":"tag-espana","17":"tag-estrellas","18":"tag-film","19":"tag-fotogramas","20":"tag-fotos","21":"tag-movies","22":"tag-peliculas","23":"tag-pelis","24":"tag-spain","25":"tag-trailers","26":"tag-videos"},"share_on_mastodon":{"url":"https:\/\/pubeurope.com\/@es\/115560599401723046","error":""},"_links":{"self":[{"href":"https:\/\/www.europesays.com\/es\/wp-json\/wp\/v2\/posts\/239429","targetHints":{"allow":["GET"]}}],"collection":[{"href":"https:\/\/www.europesays.com\/es\/wp-json\/wp\/v2\/posts"}],"about":[{"href":"https:\/\/www.europesays.com\/es\/wp-json\/wp\/v2\/types\/post"}],"author":[{"embeddable":true,"href":"https:\/\/www.europesays.com\/es\/wp-json\/wp\/v2\/users\/2"}],"replies":[{"embeddable":true,"href":"https:\/\/www.europesays.com\/es\/wp-json\/wp\/v2\/comments?post=239429"}],"version-history":[{"count":0,"href":"https:\/\/www.europesays.com\/es\/wp-json\/wp\/v2\/posts\/239429\/revisions"}],"wp:featuredmedia":[{"embeddable":true,"href":"https:\/\/www.europesays.com\/es\/wp-json\/wp\/v2\/media\/239430"}],"wp:attachment":[{"href":"https:\/\/www.europesays.com\/es\/wp-json\/wp\/v2\/media?parent=239429"}],"wp:term":[{"taxonomy":"category","embeddable":true,"href":"https:\/\/www.europesays.com\/es\/wp-json\/wp\/v2\/categories?post=239429"},{"taxonomy":"post_tag","embeddable":true,"href":"https:\/\/www.europesays.com\/es\/wp-json\/wp\/v2\/tags?post=239429"}],"curies":[{"name":"wp","href":"https:\/\/api.w.org\/{rel}","templated":true}]}}