{"id":239431,"date":"2025-11-16T17:39:10","date_gmt":"2025-11-16T17:39:10","guid":{"rendered":"https:\/\/www.europesays.com\/es\/239431\/"},"modified":"2025-11-16T17:39:10","modified_gmt":"2025-11-16T17:39:10","slug":"said-el-mala-en-la-orbita-del-barca","status":"publish","type":"post","link":"https:\/\/www.europesays.com\/es\/239431\/","title":{"rendered":"Said El Mala, en la \u00f3rbita del Bar\u00e7a"},"content":{"rendered":"<p class=\"ft-text\">Es la otra alternativa al extremo izquierdo.<a class=\"ft-link ft-link--decoration\" href=\"https:\/\/www.sport.es\/es\/temas\/fichajes-fc-barcelona-19851\" rel=\"nofollow noopener\" target=\"_blank\"><strong> Said El Mala, jugador del Colonia, es, sin lugar a dudas, la gran revelaci\u00f3n de la Bundesliga.<\/strong><\/a><strong> <\/strong>De origen libio \u2014sus padres son de esa nacionalidad\u2014, pero alem\u00e1n de pasaporte, ha explotado en los \u00faltimos meses y est\u00e1 siendo monitorizado, seguido por todos los clubes poderosos de la Bundesliga y del resto de Europa. <strong>Hansi Flick y sus asistentes controlan perfectamente el f\u00fatbol alem\u00e1n, y la explosi\u00f3n de Salid El Mala<\/strong> no ha pasado desapercibida para los suyos.<\/p>\n<p class=\"ft-text\">El a\u00f1o pasado, en <strong>la Bundesliga III con el filial del Colonia, el Viktoria K\u00f6ln, logr\u00f3 14 goles jugando como extremo y ya despunt\u00f3.<\/strong> Incluso jug\u00f3 contra Espa\u00f1a en el Europeo sub-19, marcando un gol y redondeando una brillante actuaci\u00f3n. Ahora ya ha explotado en el primer equipo del Colonia, donde ha jugado una decena de encuentros y <strong>ya lleva 4 goles en el a\u00f1o de su debut, y empieza a ser toda una realidad. <\/strong><\/p>\n<p>Precio de salida<\/p>\n<p class=\"ft-text\"><strong>Transfermarkt le ha tasado en 18 millones de euros, pero sigue subiendo su valor, y desde Alemania apuntan que el Colonia lo ha fijado en no menos de 30 millones de euros<\/strong>, pues a pesar de jugar de extremo hace goles con facilidad.<\/p>\n<p class=\"ft-text\">Posee un gran f\u00edsico, mide 1,90 metros, y un enorme potencial que lo convierten en uno de los jugadores m\u00e1s apetecidos del panorama futbol\u00edstico actual. Eso s\u00ed, <strong>habr\u00e1 mucha competencia para hacerse con sus servicios<\/strong> y, en cualquier caso, el club alem\u00e1n sabe que mantenerlo no ser\u00e1 sencillo, por no decir imposible.<\/p>\n<p>Convocado por Nagelsmann <\/p>\n<p class=\"ft-text\">En Alemania <strong>destacan su \u00e9tica de trabajo, su disciplina y la rapidez con la que ha entendido el ritmo de la \u00e9lite<\/strong>, elementos que han reforzado la idea de que su impacto entre los mayores no es casualidad, sino la consecuencia l\u00f3gica de un talento que llevaba tiempo avisando y que <strong>le ha valido la convocatoria con Alemania para los dos \u00faltimos partidos de la fase de clasificaci\u00f3n para el Mundial de Estados Unidos, Canad\u00e1 y M\u00e9xico del pr\u00f3ximo verano. <\/strong><\/p>\n<p class=\"ft-text\">Ante Luxemburgo no salt\u00f3 al c\u00e9sped y habr\u00e1 que ver si Nagelsmann\u00a0le da la alternativa ante Eslovaquia en un partido vital para los intereses germanos: el que gane ir\u00e1 directo al Mundial sin pasar por la respesca como l\u00edder del Grupo A.<\/p>\n<p class=\"ft-text\">En cualquier caso, <strong>el seleccionador conf\u00eda en las posibilidades de El Mala<\/strong>, al que alab\u00f3 en los d\u00edas previos al primer enfrentamiento del par\u00f3n: \u00abSaid deber\u00eda tener la oportunidad de mostrar su estilo de juego desenfadado. Mantenemos un ojo en nuestros jugadores sub-21 y siempre queremos darles la oportunidad de participar en el equipo nacional senior.\u00bb<\/p>\n","protected":false},"excerpt":{"rendered":"Es la otra alternativa al extremo izquierdo. Said El Mala, jugador del Colonia, es, sin lugar a dudas,&hellip;\n","protected":false},"author":2,"featured_media":239432,"comment_status":"","ping_status":"","sticky":false,"template":"","format":"standard","meta":{"footnotes":""},"categories":[93],"tags":[1660,168,61781,25,24,881,285,58222,23,167],"class_list":{"0":"post-239431","1":"post","2":"type-post","3":"status-publish","4":"format-standard","5":"has-post-thumbnail","7":"category-deportes","8":"tag-alemania","9":"tag-deportes","10":"tag-el-mala","11":"tag-es","12":"tag-espana","13":"tag-fc-barcelona","14":"tag-fichajes","15":"tag-said","16":"tag-spain","17":"tag-sports"},"share_on_mastodon":{"url":"https:\/\/pubeurope.com\/@es\/115560602965391573","error":""},"_links":{"self":[{"href":"https:\/\/www.europesays.com\/es\/wp-json\/wp\/v2\/posts\/239431","targetHints":{"allow":["GET"]}}],"collection":[{"href":"https:\/\/www.europesays.com\/es\/wp-json\/wp\/v2\/posts"}],"about":[{"href":"https:\/\/www.europesays.com\/es\/wp-json\/wp\/v2\/types\/post"}],"author":[{"embeddable":true,"href":"https:\/\/www.europesays.com\/es\/wp-json\/wp\/v2\/users\/2"}],"replies":[{"embeddable":true,"href":"https:\/\/www.europesays.com\/es\/wp-json\/wp\/v2\/comments?post=239431"}],"version-history":[{"count":0,"href":"https:\/\/www.europesays.com\/es\/wp-json\/wp\/v2\/posts\/239431\/revisions"}],"wp:featuredmedia":[{"embeddable":true,"href":"https:\/\/www.europesays.com\/es\/wp-json\/wp\/v2\/media\/239432"}],"wp:attachment":[{"href":"https:\/\/www.europesays.com\/es\/wp-json\/wp\/v2\/media?parent=239431"}],"wp:term":[{"taxonomy":"category","embeddable":true,"href":"https:\/\/www.europesays.com\/es\/wp-json\/wp\/v2\/categories?post=239431"},{"taxonomy":"post_tag","embeddable":true,"href":"https:\/\/www.europesays.com\/es\/wp-json\/wp\/v2\/tags?post=239431"}],"curies":[{"name":"wp","href":"https:\/\/api.w.org\/{rel}","templated":true}]}}