{"id":239437,"date":"2025-11-16T17:42:11","date_gmt":"2025-11-16T17:42:11","guid":{"rendered":"https:\/\/www.europesays.com\/es\/239437\/"},"modified":"2025-11-16T17:42:11","modified_gmt":"2025-11-16T17:42:11","slug":"cuando-como-y-donde-ver-su-pico-maximo-en-espana","status":"publish","type":"post","link":"https:\/\/www.europesays.com\/es\/239437\/","title":{"rendered":"cu\u00e1ndo, c\u00f3mo y d\u00f3nde ver su pico m\u00e1ximo en Espa\u00f1a"},"content":{"rendered":"\n<ul class=\"bodyList bodyList--unordered\">\n<li class=\"bodyList__item\"><a href=\"https:\/\/www.elconfidencial.com\/tecnologia\/ciencia\/2025-11-13\/auroras-boreales-espana-hoy-1qrt_4246564\/\" target=\"_self\" rel=\"nofollow noopener\">As\u00ed han sido las auroras boreales que se han visto hasta en el sur de Espa\u00f1a<\/a><\/li>\n<li class=\"bodyList__item\"><a href=\"https:\/\/profile.google.com\/cp\/CgsvZy8xMjI2ZzRoMA\" target=\"_blank\" rel=\"nofollow noopener\">Sigue a El Confidencial para enterarte de todas las noticias<\/a><\/li>\n<\/ul>\n<p> La lluvia de estrellas Le\u00f3nidas vuelve a captar la atenci\u00f3n de los aficionados a la astronom\u00eda gracias a la velocidad extraordinaria de sus meteoros y a la <strong>facilidad con la que puede contemplarse desde buena parte del hemisferio norte<\/strong>. Este fen\u00f3meno, alimentado por los restos del cometa <a href=\"https:\/\/science.nasa.gov\/solar-system\/comets\/55p-tempel-tuttle\/\" target=\"_blank\" rel=\"nofollow noopener\">55P\/Tempel-Tuttle<\/a>, ofrece un espect\u00e1culo visible a simple vista durante la segunda mitad de noviembre. <\/p>\n<p> Las Le\u00f3nidas se producen cuando la Tierra atraviesa una zona del espacio repleta de fragmentos generados por el citado cometa, <strong>que completa su \u00f3rbita cada 33,2 a\u00f1os<\/strong>. Al entrar en contacto con la <a href=\"https:\/\/www.elconfidencial.com\/tecnologia\/ciencia\/2025-02-17\/evolucion-atmosfera-final-oxigeno-1qrt_4065396\/\" target=\"_self\" rel=\"nofollow noopener\">atm\u00f3sfera<\/a>, estas part\u00edculas se calientan de forma abrupta y originan destellos breves e intensos. El punto desde el que parecen surgir, conocido como radiante, se encuentra en la constelaci\u00f3n de Leo, caracter\u00edstica que da nombre a esta lluvia anual. <\/p>\n<p>               Una estrella fugaz le\u00f3nida (EFE\/Pedro Puente Hoyos)             <\/p>\n<p> Los <a href=\"https:\/\/astronomia.ign.es\/leonidas\" target=\"_blank\" rel=\"nofollow noopener\">datos del Instituto Geogr\u00e1fico Nacional<\/a> indican que la actividad m\u00e1xima prevista para 2025 ser\u00e1 moderada, con entre 10 y 20 meteoros cada hora. Aun as\u00ed, destaca por su velocidad, que alcanza aproximadamente 71 km\/s, convirtiendo a sus trazas luminosas en unas de las m\u00e1s r\u00e1pidas del calendario astron\u00f3mico. El pico m\u00e1ximo se producir\u00e1 durante la <strong>noche del 17 al 18 de noviembre<\/strong>. <\/p>\n<p>            Condiciones de observaci\u00f3n           <\/p>\n<p> Las condiciones de visibilidad ser\u00e1n favorables, ya que la <a href=\"https:\/\/www.elconfidencial.com\/tecnologia\/ciencia\/2025-11-03\/superluna-castor-cuando-como-ver-espana-1qrt_4240445\/\" target=\"_self\" rel=\"nofollow noopener\">Luna<\/a> permanecer\u00e1 en fase menguante con una iluminaci\u00f3n m\u00ednima, lo que permitir\u00e1 <strong>disfrutar de un cielo m\u00e1s oscuro durante buena parte de la noche<\/strong>. Este escenario mejora notablemente la percepci\u00f3n de los meteoros menos brillantes, que suelen pasar inadvertidos cuando la luz lunar es intensa. <\/p>\n<p>              <img decoding=\"async\" class=\"inTextNews__img\" alt=\"Foto: calendario-astronomico-2025-eclipses-cometas-espana-2025-1qrt\" src=\"https:\/\/www.europesays.com\/es\/wp-content\/uploads\/2025\/11\/f.elconfidencial.com\/original\/f0f\/877\/48b\/f0f87748be352a584a4d8c7bdbe2c961.jpg\"  \/>     <\/p>\n<p>TE PUEDE INTERESAR<\/p>\n<p>      <a class=\"inTextNews__title\" href=\"https:\/\/www.elconfidencial.com\/tecnologia\/ciencia\/2025-01-08\/calendario-astronomico-2025-eclipses-cometas-espana-2025-1qrt_4038481\/\" onclick=\"window.ECCO.emit(&#039;amplitude&#039;, { dataEventName: &#039;click_related_article_module&#039;, data: { related_article_url: &#039;https:\/\/www.elconfidencial.com\/tecnologia\/ciencia\/2025-01-08\/calendario-astronomico-2025-eclipses-cometas-espana-2025-1qrt_4038481\/&#039;, related_article_author: &#039;Laura Lezama&#039;, related_article_section: &#039;ciencia&#039; } })\" rel=\"nofollow noopener\" target=\"_blank\"> De eclipses a lluvias de estrellas: as\u00ed ser\u00e1 el calendario astron\u00f3mico en Espa\u00f1a en 2025 <\/a>   <\/p>\n<p>    El Confidencial   <\/p>\n<p> A medida que avanza la noche, la constelaci\u00f3n de Leo asciende en el firmamento, facilitando la identificaci\u00f3n del \u00e1rea desde la que parecen surgir los meteoros. Sin embargo, <strong>los astr\u00f3nomos recomiendan no observar directamente el radiante<\/strong>, sino desplazar la mirada hacia zonas pr\u00f3ximas para percibir trayectorias m\u00e1s amplias y vistosas, especialmente \u00fatiles para quienes buscan disfrutar de un mayor n\u00famero de trazos luminosos. <\/p>\n<p> Por desgracia, la <strong>previsi\u00f3n meteorol\u00f3gica facilitada por la AEMET<\/strong> de cara al pr\u00f3ximo lunes 17 de noviembre no invita al optimismo. Y es que <a href=\"https:\/\/www.aemet.es\/es\/eltiempo\/prediccion\/espana?a=pb\" target=\"_blank\" rel=\"nofollow noopener\">se esperan cielos nubosos y lluvias<\/a> en casi toda la pen\u00ednsula, con la excepci\u00f3n de las zonas costeras del Mediterr\u00e1neo. <\/p>\n","protected":false},"excerpt":{"rendered":"As\u00ed han sido las auroras boreales que se han visto hasta en el sur de Espa\u00f1a Sigue a&hellip;\n","protected":false},"author":2,"featured_media":239438,"comment_status":"","ping_status":"","sticky":false,"template":"","format":"standard","meta":{"footnotes":""},"categories":[81],"tags":[119,123,124,25,24,117,121,122,23,118,120],"class_list":{"0":"post-239437","1":"post","2":"type-post","3":"status-publish","4":"format-standard","5":"has-post-thumbnail","7":"category-ciencia-y-tecnologia","8":"tag-ciencia","9":"tag-ciencia-y-tecnologia","10":"tag-cienciaytecnologia","11":"tag-es","12":"tag-espana","13":"tag-science","14":"tag-science-and-technology","15":"tag-scienceandtechnology","16":"tag-spain","17":"tag-technology","18":"tag-tecnologia"},"share_on_mastodon":{"url":"https:\/\/pubeurope.com\/@es\/115560615446129438","error":""},"_links":{"self":[{"href":"https:\/\/www.europesays.com\/es\/wp-json\/wp\/v2\/posts\/239437","targetHints":{"allow":["GET"]}}],"collection":[{"href":"https:\/\/www.europesays.com\/es\/wp-json\/wp\/v2\/posts"}],"about":[{"href":"https:\/\/www.europesays.com\/es\/wp-json\/wp\/v2\/types\/post"}],"author":[{"embeddable":true,"href":"https:\/\/www.europesays.com\/es\/wp-json\/wp\/v2\/users\/2"}],"replies":[{"embeddable":true,"href":"https:\/\/www.europesays.com\/es\/wp-json\/wp\/v2\/comments?post=239437"}],"version-history":[{"count":0,"href":"https:\/\/www.europesays.com\/es\/wp-json\/wp\/v2\/posts\/239437\/revisions"}],"wp:featuredmedia":[{"embeddable":true,"href":"https:\/\/www.europesays.com\/es\/wp-json\/wp\/v2\/media\/239438"}],"wp:attachment":[{"href":"https:\/\/www.europesays.com\/es\/wp-json\/wp\/v2\/media?parent=239437"}],"wp:term":[{"taxonomy":"category","embeddable":true,"href":"https:\/\/www.europesays.com\/es\/wp-json\/wp\/v2\/categories?post=239437"},{"taxonomy":"post_tag","embeddable":true,"href":"https:\/\/www.europesays.com\/es\/wp-json\/wp\/v2\/tags?post=239437"}],"curies":[{"name":"wp","href":"https:\/\/api.w.org\/{rel}","templated":true}]}}