{"id":239460,"date":"2025-11-16T18:02:16","date_gmt":"2025-11-16T18:02:16","guid":{"rendered":"https:\/\/www.europesays.com\/es\/239460\/"},"modified":"2025-11-16T18:02:16","modified_gmt":"2025-11-16T18:02:16","slug":"sabaton-sinner-tank-cyhra-www-rafabasa-com","status":"publish","type":"post","link":"https:\/\/www.europesays.com\/es\/239460\/","title":{"rendered":"SABATON &#8211; SINNER &#8211; TANK &#8211; CYHRA &#8211; WWW.RAFABASA.COM"},"content":{"rendered":"<p>\u00a0<\/p>\n<p style=\"text-align: center;\"><strong><a href=\"#SABATON\">V\u00eddeos y repertorio de la nueva gira de SABATON<\/a> \u2013 <a href=\"#SINNER\">Matt Sinner sacar\u00e1 un \u00faltimo disco de SINNER<\/a> \u2013 <a href=\"#TANK\">TANK en Sudam\u00e9rica<\/a> \u2013 <a href=\"#CYHRA\">Single de CYHRA<\/a>.<\/strong><\/p>\n<p>A continuaci\u00f3n ten\u00e9is varios v\u00eddeos del inicio de la nueva gira <a href=\"https:\/\/www.sabaton.net\/\" target=\"_blank\" rel=\"noopener nofollow\"><strong>SABATON<\/strong><\/a> \u00abThe Legendary Tour\u00bb el pasado 14 de noviembre en el Lanxess Arena de Colonia, Alemania.<\/p>\n<p>Este fue el repertorio interpretado:<\/p>\n<ol>\n<li>Templars<\/li>\n<li>The Last Stand<\/li>\n<li>Hordes Of Khan<\/li>\n<li>I, Emperor<\/li>\n<li>Crossing The Rubicon<\/li>\n<li>Carolus Rex (sueco)<\/li>\n<li>The Red Baron<\/li>\n<li>Stormtroopers<\/li>\n<li>A Tiger Among Dragons<\/li>\n<li>Christmas Truce<\/li>\n<li>Soldier Of Heaven<\/li>\n<li>The Attack Of The Dead Men (intro)<\/li>\n<li>Night Witches<\/li>\n<li>Primo Victoria<\/li>\n<li>Steel Commanders<\/li>\n<li>The Art Of War<\/li>\n<li>To Hell And Back<\/li>\n<li>Masters Of The World<\/li>\n<\/ol>\n<p><img fetchpriority=\"high\" decoding=\"async\" src=\"https:\/\/www.europesays.com\/es\/wp-content\/uploads\/2025\/11\/sabaton_live2025_1.jpg\" alt=\"SABATON\" width=\"500\" height=\"623\"\/><\/p>\n<p>En este <a href=\"https:\/\/www.rafabasa.com\/2025\/10\/18\/sabaton-the-darkness-gaerea\/#SABATON2\" rel=\"nofollow noopener\" target=\"_blank\">bloque<\/a> pod\u00e9is escuchar \u00edntegro el nuevo disco de <a href=\"https:\/\/www.sabaton.net\/\" target=\"_blank\" rel=\"noopener nofollow\"><strong>SABATON<\/strong><\/a> \u201cLegends\u201d, que sale hoy 17 de octubre a trav\u00e9s de Better Noise Music.<\/p>\n<p>Todos los detalles en esta <a href=\"https:\/\/www.rafabasa.com\/2025\/07\/27\/sabaton-enuff-z-nuff-beyond-the-black\/#SABATON\" rel=\"nofollow noopener\" target=\"_blank\">noticia<\/a> y los v\u00eddeos anteriores en <a href=\"https:\/\/www.rafabasa.com\/2025\/10\/19\/sabaton-battle-beast-coroner-ciudad-olvido\/#SABATON3\" rel=\"nofollow noopener\" target=\"_blank\">esta<\/a>.<\/p>\n<p>Nuestra nueva entrevista con el bajista <strong>P\u00e4r Sundstr\u00f6m <\/strong>en este <a href=\"https:\/\/www.rafabasa.com\/2025\/10\/08\/sabaton-entrevista-con-par-sundstrom-sobre-legends-y-mas\/\" rel=\"nofollow noopener\" target=\"_blank\">enlace<\/a> y nuestra cr\u00edtica del disco en <a href=\"https:\/\/www.rafabasa.com\/2025\/10\/16\/critica-del-cd-de-sabaton-legends\/\" rel=\"nofollow noopener\" target=\"_blank\">este<\/a>.<\/p>\n<p>\u00a0<\/p>\n<p>\u00a0<\/p>\n<p>\u00a0<\/p>\n<p>\u00a0<\/p>\n<p>\u00a0<\/p>\n<p>\u00a0<\/p>\n<p>\u00a0<\/p>\n<p>\u00a0<\/p>\n<p>El l\u00edder de <strong>SINNER<\/strong> Matt Sinner (PRIMAL FEAR) ha publicado un mensaje informando de que grabar\u00e1 un nuevo disco de <strong>SINNER<\/strong> que ser\u00e1 el \u00faltimo. Ya tiene los temas compuestos y contar\u00e1 con diferentes invitados.\u00b4<\/p>\n<p>El m\u00fasico ha decidido que dedicar\u00e1 sus \u00faltimos a\u00f1os en activo a PRIMAL FEAR.<\/p>\n<p>Su \u00faltimo disco \u201cBrotherhood\u201d sali\u00f3 el 15 de julio de 2022 con Atomic Fire Records.<\/p>\n<p>Todos los detalles en esta <a href=\"https:\/\/www.rafabasa.com\/2022\/04\/21\/rock-imperium-sinner-tribulation\/#SINNER\" target=\"_blank\" rel=\"noopener nofollow\">noticia<\/a> y los singles aparecidos en <a href=\"https:\/\/www.rafabasa.com\/2022\/06\/11\/h-e-a-t-estrenan-nuevo-video-adelanto-de-sinner-video-de-fallen-sanctuary\/#SINNER\" target=\"_blank\" rel=\"noopener nofollow\">esta<\/a>.<\/p>\n<p>Dissonance Productions sac\u00f3 el 28 de abril de 2023 una caja de <strong>SINNER<\/strong> compuesta por 4 CDs titulada <a href=\"https:\/\/www.rafabasa.com\/2023\/02\/05\/korn-sinner-barcia-metal-fest\/#SINNER\" rel=\"nofollow noopener\" target=\"_blank\">\u201cBorn To Rock \u2013 The Noise Years 1984-1987\u201d<\/a>.<\/p>\n<p>\u00a0<\/p>\n<p>\u00a0<\/p>\n<p><strong>TANK<\/strong> han anunciado las siguientes fechas en Sudam\u00e9rica:<\/p>\n<p>Abril<\/p>\n<ul>\n<li>10 Neuquen, Argentina<\/li>\n<li>11 Uniclub, Buenos Aires, Argentina<\/li>\n<li>12 Que sea rock, Rosario, Argentina<\/li>\n<li>18 Bogot\u00e1, Colombia<\/li>\n<\/ul>\n<p>Se espera que se confirmen m\u00e1s fechas pr\u00f3ximamente.<\/p>\n<p>Los brit\u00e1nicos editaron el 26 de abril de 2019 a trav\u00e9s de Cleopatra Records un \u00faltimo trabajo con regrabaciones de temas antiguos titulado \u201cRe-Ignition\u201d.<\/p>\n<p>M\u00e1s detalles en esta <a href=\"https:\/\/www.rafabasa.com\/2019\/02\/14\/metallica-alter-bridge-vision-divine-tank-onslaught\/#TANK\" target=\"_blank\" rel=\"noopener nofollow\">noticia<\/a> y un adelanto en <a href=\"https:\/\/www.rafabasa.com\/2019\/03\/26\/in-flames-arch-matheos-tank-schubert-on-rock-after-life\/#TANK\" target=\"_blank\" rel=\"noopener nofollow\">esta<\/a>.<\/p>\n<p>Otras informaciones sobre el grupo en este <a href=\"https:\/\/www.rafabasa.com\/2025\/03\/06\/ghost-tank-sadist\/#TANK\" rel=\"nofollow noopener\" target=\"_blank\">bloque<\/a>.<\/p>\n<p>\u00a0<\/p>\n<p><a href=\"https:\/\/cyhra.com\/\" target=\"_blank\" rel=\"noopener nofollow\"><strong>CYHRA<\/strong><\/a> han estrenado un nuevo single titulado \u201cBox With Spirits\u201d.<\/p>\n<p>Sus anteriores singles en este <a href=\"https:\/\/www.rafabasa.com\/2025\/04\/24\/savatage-paul-dianno-cyhra\/#CYHRA\" rel=\"nofollow noopener\" target=\"_blank\">bloque<\/a>.<\/p>\n<p><a href=\"https:\/\/cyhra.com\/\" target=\"_blank\" rel=\"noopener nofollow\"><strong>CYHRA<\/strong><\/a> editaron el 18 de agosto de 2023 a trav\u00e9s de Nuclear Blast su \u00faltimo disco \u00abThe Vertigo Trigger\u00bb.<\/p>\n<p>M\u00e1s detalles en esta <a href=\"https:\/\/www.rafabasa.com\/2023\/06\/10\/accept-ya-piensan-en-su-proximo-disco-nuevo-video-de-ars-amandi-con-zeta-nuevo-album-de-cyhra\/#CYHRA\" target=\"_blank\" rel=\"noopener nofollow\">noticia<\/a> y los adelantos aparecidos en <a href=\"https:\/\/www.rafabasa.com\/2023\/08\/18\/dio-cyhra-the-omnific\/#CYHRA\" target=\"_blank\" rel=\"noopener nofollow\">esta<\/a>.<\/p>\n<p>M\u00e1s detalles en este <a href=\"https:\/\/www.party-san.de\/news\" target=\"_blank\" rel=\"noopener nofollow\">enlace<\/a>.<\/p>\n<p align=\"center\"><strong>Sigue el\u00a0<a href=\"https:\/\/whatsapp.com\/channel\/0029VaCprxVBA1f555USvT2O\" target=\"_blank\" rel=\"nofollow noopener\">Canal de RAFABASA.COM en WhatsApp<\/a>, donde encontrar\u00e1s todas nuestras novedades al instante<\/strong><\/p>\n<p>\u00a0<\/p>\n<p>\u00a0<\/p>\n","protected":false},"excerpt":{"rendered":"\u00a0 V\u00eddeos y repertorio de la nueva gira de SABATON \u2013 Matt Sinner sacar\u00e1 un \u00faltimo disco de&hellip;\n","protected":false},"author":2,"featured_media":239461,"comment_status":"","ping_status":"","sticky":false,"template":"","format":"standard","meta":{"footnotes":""},"categories":[170],"tags":[61782,146,147,25,24,184,185,32019,4466,23,61783],"class_list":{"0":"post-239460","1":"post","2":"type-post","3":"status-publish","4":"format-standard","5":"has-post-thumbnail","7":"category-musica","8":"tag-cyhra","9":"tag-entertainment","10":"tag-entretenimiento","11":"tag-es","12":"tag-espana","13":"tag-music","14":"tag-musica","15":"tag-sabaton","16":"tag-sinner","17":"tag-spain","18":"tag-tank"},"share_on_mastodon":{"url":"https:\/\/pubeurope.com\/@es\/115560693661786307","error":""},"_links":{"self":[{"href":"https:\/\/www.europesays.com\/es\/wp-json\/wp\/v2\/posts\/239460","targetHints":{"allow":["GET"]}}],"collection":[{"href":"https:\/\/www.europesays.com\/es\/wp-json\/wp\/v2\/posts"}],"about":[{"href":"https:\/\/www.europesays.com\/es\/wp-json\/wp\/v2\/types\/post"}],"author":[{"embeddable":true,"href":"https:\/\/www.europesays.com\/es\/wp-json\/wp\/v2\/users\/2"}],"replies":[{"embeddable":true,"href":"https:\/\/www.europesays.com\/es\/wp-json\/wp\/v2\/comments?post=239460"}],"version-history":[{"count":0,"href":"https:\/\/www.europesays.com\/es\/wp-json\/wp\/v2\/posts\/239460\/revisions"}],"wp:featuredmedia":[{"embeddable":true,"href":"https:\/\/www.europesays.com\/es\/wp-json\/wp\/v2\/media\/239461"}],"wp:attachment":[{"href":"https:\/\/www.europesays.com\/es\/wp-json\/wp\/v2\/media?parent=239460"}],"wp:term":[{"taxonomy":"category","embeddable":true,"href":"https:\/\/www.europesays.com\/es\/wp-json\/wp\/v2\/categories?post=239460"},{"taxonomy":"post_tag","embeddable":true,"href":"https:\/\/www.europesays.com\/es\/wp-json\/wp\/v2\/tags?post=239460"}],"curies":[{"name":"wp","href":"https:\/\/api.w.org\/{rel}","templated":true}]}}