{"id":239464,"date":"2025-11-16T18:04:13","date_gmt":"2025-11-16T18:04:13","guid":{"rendered":"https:\/\/www.europesays.com\/es\/239464\/"},"modified":"2025-11-16T18:04:13","modified_gmt":"2025-11-16T18:04:13","slug":"directo-sporting-eibar-pelea-por-asaltar-el-playoff","status":"publish","type":"post","link":"https:\/\/www.europesays.com\/es\/239464\/","title":{"rendered":"Directo: Sporting &#8211; Eibar, pelea por asaltar el\u00a0Playoff"},"content":{"rendered":"<p>\t\t \t\t\tGelabert y Dubasin celebran un gol <strong class=\"pd-l\">LaLiga  <\/strong><\/p>\n<p>\t\t\t\t\t\tDesde las 16:15<br \/>\n\t\t\t\t\t\t<strong>16 nov 2025<\/strong> . Actualizado a las 18:15 h.\t\t\t\t\t\t<\/p>\n<p class=\"first-paragraph txt\">Nuevo partido en\u00a0El Molin\u00f3n &#8211; Enrique Castro &#8216;Quini&#8217; para el duelo entre el <strong>Real Sporting de Gij\u00f3n<\/strong>\u00a0y <strong>Eibar<\/strong>\u00a0desde las<strong>\u00a016:15<\/strong>,\u00a0con el objetivo de seguir en\u00a0la zona alta de la tabla en este comienzo de temporada.<\/p>\n<p>\t\t\t\t           \t\t\t\t\t\t\t\t\t\t\t\t\t\t\t\t\t\t\t\t\tFinal. Sporting 1-1 Eibar. Gol de Dubasin.<\/p>\n<p class=\"txt\">&#13;<br \/>\n\t\t&#13;<br \/>\n\t\t\t&#13;<br \/>\n\t\t&#13;<br \/>\n\t\t&#13;<br \/>\n\t\t&#13;<br \/>\n\t\t\t\t\t\t\t\t\t\t\t\t&#13;<br \/>\n\t\t\t\t\t\t\t\t&#13;<br \/>\n&#13;<br \/>\n&#13;<\/p>\n<p>\t\t\t&#13;<br \/>\n\t&#13;<\/p>\n<p>\t\t\t<a href=\"https:\/\/www.lavozdeasturias.es\/noticia\/sporting1905\/2025\/11\/16\/cronica-sporting-1-1-eibardubasin-salva-punto-sportinguistas\/00031763312835621873976.htm\" data-analytics=\"link-embed\" rel=\"nofollow noopener\" target=\"_blank\">Cr\u00f3nica Sporting 1-1 Eibar:\u00a0Dubasin salva un punto para los sportinguistas<\/a><\/p>\n<p class=\"a-min-author\">\n<p>\t\t\t\t\t\t\t\t\t\t\tDani Souto<\/p>\n<p>\t&#13;<br \/>\n\t&#13;<br \/>\n&#13;<br \/>\n\t\t\t\t&#13;<br \/>\n\t\t\t\t&#13;<br \/>\n\t&#13;<br \/>\n\t\t\t&#13;<br \/>\n\t\t\t&#13;<br \/>\n\t\t&#13;\n<\/p>\n<p>*Sigue el directo del partido con los comentarios de Alejandro Vigil Mor\u00e1n. El seguimiento se encuentra en el foro al final de la noticia, justo debajo de la publicidad.<strong><a class=\"link-txt\" href=\"https:\/\/www.lavozdeasturias.es\/noticia\/sporting1905\/2025\/11\/16\/directo-real-sporting-gijon-eibar-horario-partido-televisado-gratis-canal-online-gratuito-gratis\/00031763289454568941417.htm#comments\" rel=\"nofollow noopener\" target=\"_blank\"> Haz clic aqu\u00ed para llegar directamente<\/a>.<\/strong><\/p>\n<p class=\"txt\"><strong>Alineaci\u00f3n del Real Sporting de Gij\u00f3n:<\/strong> Rub\u00e9n Y\u00e1\u00f1ez; Guille Rosas, Pablo V\u00e1zquez, Perrin, Diego S\u00e1nchez; Nacho Mart\u00edn, Corredera; Dubasin, C\u00e9sar Gelabert, Gaspar Campos; y Amadou.<\/p>\n<p class=\"txt\">Banquillo de Borja Jim\u00e9nez: Christian Joel, Bernal, Jordy Caicedo, Dani Queipo, Oscar Cort\u00e9s, Kembo, Eric Curbelo, Justin Smith, \u00c1lex Diego, Manu Rodr\u00edguez y Nico Riestra.<\/p>\n<p class=\"txt\">&#13;<br \/>\n\t\t&#13;<br \/>\n\t\t\t&#13;<br \/>\n\t\t&#13;<br \/>\n\t\t&#13;<br \/>\n\t\t&#13;<br \/>\n\t\t\t\t\t\t\t\t\t\t\t\t&#13;<br \/>\n\t\t\t\t\t\t\t\t&#13;<br \/>\n&#13;<br \/>\n&#13;<\/p>\n<p>\t\t\t&#13;<br \/>\n\t&#13;<\/p>\n<p>\t\t\t<a href=\"https:\/\/www.lavozdeasturias.es\/noticia\/sporting1905\/2025\/11\/11\/cases-analiza-guaje-favorito-mejoraria-sporting-apuesta-mareo-talento-asturiano-menospreciado\/00031762890172974306864.htm\" data-analytics=\"link-embed\" rel=\"nofollow noopener\" target=\"_blank\">Cases analiza a su guaje favorito, qu\u00e9 mejorar\u00eda del Sporting y la apuesta por Mareo: \u00abEl talento asturiano est\u00e1 muy menospreciado\u00bb<\/a><\/p>\n<p class=\"a-min-author\">\n<p>\t\t\t\t\t\t\t\t\t\t\tDani Souto<\/p>\n<p>\t&#13;<br \/>\n\t&#13;<br \/>\n&#13;<br \/>\n\t\t\t\t&#13;<br \/>\n\t\t\t\t&#13;<br \/>\n\t&#13;<br \/>\n\t\t\t&#13;<br \/>\n\t\t\t&#13;<br \/>\n\t\t&#13;\n<\/p>\n<p class=\"txt\"><strong>Alineaci\u00f3n del Eibar: <\/strong>Magunagoitia, Cubero, Arambarri, Sergio \u00c1lvarez, Bautista, Corpas, Toni Villa, Mart\u00f3n, Marco Moreno, Arbilla y Aleix Garrido.\u00a0<\/p>\n<p class=\"txt\">Banquillo de Be\u00f1at San Jos\u00e9: Luis L\u00f3pez, Arrillaga, Javi, Alkain, Magunazelaia, Olaetxea, Jair, Mada, \u00c1lvaro, Buta y Hugo Garc\u00eda.<\/p>\n<p class=\"txt\">\u00c1rbitro: Jos\u00e9 Antonio S\u00e1nchez, del Comit\u00e9 de \u00c1rbitros de la Real Federaci\u00f3n Andaluza de F\u00fatbol. En el VAR estar\u00e1 Iv\u00e1n Caparr\u00f3s, del Comit\u00e9 de \u00c1rbitros de la Federaci\u00f3n de F\u00fatbol de la Comunidad Valenciana. Horario: 16:15. Estadio: El Molin\u00f3n &#8211; Enrique Castro &#8216;Quini&#8217;.<\/p>\n<p class=\"txt\">Antes del inicio del encuentro, el exjugador Alfredo Megido recibir\u00e1 un homenaje en el marco de los actos del Club por su 120 Aniversario. Adem\u00e1s se jugar\u00e1 con el logo de la Cocina Econ\u00f3mica por su 120 aniversario, un lugar cedido por Siroko. Las camisetas ser\u00e1n subastadas en beneficio de la Asociaci\u00f3n Gijonesa de Caridad.<\/p>\n<p class=\"txt\">&#13;<br \/>\n\t\t&#13;<br \/>\n\t\t\t&#13;<br \/>\n\t\t&#13;<br \/>\n\t\t&#13;<br \/>\n\t\t&#13;<br \/>\n\t\t\t\t\t\t\t\t\t\t\t\t&#13;<br \/>\n\t\t\t\t\t\t\t\t&#13;<br \/>\n&#13;<br \/>\n&#13;<\/p>\n<p>\t\t\t&#13;<br \/>\n\t&#13;<\/p>\n<p>\t\t\t<a href=\"https:\/\/www.lavozdeasturias.es\/noticia\/sporting1905\/2025\/11\/09\/club-primera-sigue-cerca-dubasin-evolucion-goleadora-sporting-fichaje-espanyol\/00031762685292009657177.htm\" data-analytics=\"link-embed\" rel=\"nofollow noopener\" target=\"_blank\">Un club de Primera sigue de cerca a Dubasin y su evoluci\u00f3n goleadora en el Sporting<\/a><\/p>\n<p class=\"a-min-author\">\n<p>\t\t\t\t\t\t\t\t\t\t\tAlejandro Vigil Mor\u00e1n<\/p>\n<p>\t&#13;<br \/>\n\t&#13;<br \/>\n&#13;<br \/>\n\t\t\t\t&#13;<br \/>\n\t\t\t\t&#13;<br \/>\n\t&#13;<br \/>\n\t\t\t&#13;<br \/>\n\t\t\t&#13;<br \/>\n\t\t&#13;\n<\/p>\n<p class=\"ladillo\">La mejor oferta para ver los partidos del Sporting<\/p>\n<p class=\"txt\">Una de las alternativas m\u00e1s atractivas es la de <strong>Zeber<\/strong>, un operador nacional que ofrece su servicio de televisi\u00f3n a trav\u00e9s de su servicio de TV M\u00e1sMedia Deportes, con todos los encuentros de Segunda divisi\u00f3n disponibles en streaming. La plataforma permite ver los partidos en directo o en diferido, <strong>sin permanencia<\/strong> y hasta en <strong>4 dispositivos<\/strong> al mismo tiempo: m\u00f3vil, tablet, ordenador o Smart TV.<\/p>\n<p class=\"txt\">Adem\u00e1s, gracias al patrocinio del canal de Twitch de Sporting1905, Zeber lanza una promoci\u00f3n especial con descuento para siempre si se activa en <a class=\"link-txt\" href=\"https:\/\/zeber.es\/tv\/deportes\/\" rel=\"nofollow noopener\" target=\"_blank\">zeber.es\/tv\/deportes<\/a>\u00a0el servicio con el <strong>c\u00f3digo promocional: sporting1905<\/strong><\/p>\n<p class=\"txt\">El precio para los nuevos usuarios desde septiembre quedar\u00e1 para siempre en<strong>\u00a07 euros al mes<\/strong> para poder ver los m\u00e1s de 80 canales que ofrece, entre ellos, 10 partidos a la jornada de <strong>Primera RFEF<\/strong>. Adem\u00e1s de toda la Segunda divisi\u00f3n.<\/p>\n<p>&#13;<br \/>\n\tArchivado en:&#13;<br \/>\n\t\t\t\t\t<a href=\"https:\/\/www.lavozdeasturias.es\/temas\/sporting-de-gijon\/\" target=\"_blank\" class=\"mg-l\" rel=\"nofollow noopener\">Sporting de Gij\u00f3n<\/a>&#13;<br \/>\n\t&#13;<\/p>\n","protected":false},"excerpt":{"rendered":"Gelabert y Dubasin celebran un gol LaLiga Desde las 16:15 16 nov 2025 . Actualizado a las 18:15&hellip;\n","protected":false},"author":2,"featured_media":239465,"comment_status":"","ping_status":"","sticky":false,"template":"","format":"standard","meta":{"footnotes":""},"categories":[93],"tags":[168,25,24,23,4783,167],"class_list":{"0":"post-239464","1":"post","2":"type-post","3":"status-publish","4":"format-standard","5":"has-post-thumbnail","7":"category-deportes","8":"tag-deportes","9":"tag-es","10":"tag-espana","11":"tag-spain","12":"tag-sporting-de-gijon","13":"tag-sports"},"share_on_mastodon":{"url":"https:\/\/pubeurope.com\/@es\/115560701458813011","error":""},"_links":{"self":[{"href":"https:\/\/www.europesays.com\/es\/wp-json\/wp\/v2\/posts\/239464","targetHints":{"allow":["GET"]}}],"collection":[{"href":"https:\/\/www.europesays.com\/es\/wp-json\/wp\/v2\/posts"}],"about":[{"href":"https:\/\/www.europesays.com\/es\/wp-json\/wp\/v2\/types\/post"}],"author":[{"embeddable":true,"href":"https:\/\/www.europesays.com\/es\/wp-json\/wp\/v2\/users\/2"}],"replies":[{"embeddable":true,"href":"https:\/\/www.europesays.com\/es\/wp-json\/wp\/v2\/comments?post=239464"}],"version-history":[{"count":0,"href":"https:\/\/www.europesays.com\/es\/wp-json\/wp\/v2\/posts\/239464\/revisions"}],"wp:featuredmedia":[{"embeddable":true,"href":"https:\/\/www.europesays.com\/es\/wp-json\/wp\/v2\/media\/239465"}],"wp:attachment":[{"href":"https:\/\/www.europesays.com\/es\/wp-json\/wp\/v2\/media?parent=239464"}],"wp:term":[{"taxonomy":"category","embeddable":true,"href":"https:\/\/www.europesays.com\/es\/wp-json\/wp\/v2\/categories?post=239464"},{"taxonomy":"post_tag","embeddable":true,"href":"https:\/\/www.europesays.com\/es\/wp-json\/wp\/v2\/tags?post=239464"}],"curies":[{"name":"wp","href":"https:\/\/api.w.org\/{rel}","templated":true}]}}