{"id":239466,"date":"2025-11-16T18:05:11","date_gmt":"2025-11-16T18:05:11","guid":{"rendered":"https:\/\/www.europesays.com\/es\/239466\/"},"modified":"2025-11-16T18:05:11","modified_gmt":"2025-11-16T18:05:11","slug":"como-el-entorno-laboral-puede-ayudar-a-prevenir-complicaciones-en-personas-con-diabetes-segun-expertos","status":"publish","type":"post","link":"https:\/\/www.europesays.com\/es\/239466\/","title":{"rendered":"C\u00f3mo el entorno laboral puede ayudar a prevenir complicaciones en personas con diabetes, seg\u00fan expertos"},"content":{"rendered":"<p><img alt=\"El autocuidado y la informaci\u00f3n\" class=\"global-image\" decoding=\"async\" fetchpriority=\"high\" height=\"816\" loading=\"eager\" src=\"https:\/\/www.europesays.com\/es\/wp-content\/uploads\/2025\/11\/RCBRGJP6FFG2FM3NYUXUJ2XLZQ.jpg\" width=\"1456\"\/>El autocuidado y la informaci\u00f3n en la rutina laboral son fundamentales para enfrentar los desaf\u00edos diarios de la diabetes en todos los \u00e1mbitos de la vida (Imagen Ilustrativa Infobae)<\/p>\n<p class=\"paragraph\">El acompa\u00f1amiento laboral representa hoy un desaf\u00edo central en el abordaje de la <a href=\"https:\/\/www.infobae.com\/tag\/diabetes\/\" target=\"_blank\" rel=\"noreferrer nofollow noopener\" title=\"https:\/\/www.infobae.com\/tag\/diabetes\/\"><b>diabetes<\/b><\/a>, una enfermedad que afecta a m\u00e1s de <b>4 millones de personas<\/b> en <b>Argentina<\/b>, seg\u00fan <a href=\"https:\/\/www.infobae.com\/salud\/2025\/11\/14\/uno-de-cada-10-argentinos-tiene-diabetes-como-impacta-en-la-salud-del-corazon\/\" target=\"_blank\" rel=\"noreferrer nofollow noopener\" title=\"https:\/\/www.infobae.com\/salud\/2025\/11\/14\/uno-de-cada-10-argentinos-tiene-diabetes-como-impacta-en-la-salud-del-corazon\/\">datos del <b>ICBA Instituto Cardiovascular<\/b><\/a>. Lejos de suponer un obst\u00e1culo insalvable, la integraci\u00f3n de <b>pol\u00edticas inclusivas<\/b> y acciones concretas en el entorno de trabajo puede mejorar la calidad de vida de quienes conviven con esta condici\u00f3n, al tiempo que fortalece la productividad de empresas y organizaciones.<\/p>\n<p class=\"paragraph\">El <b>autocuidado<\/b> debe estar presente en cada \u00e1mbito de la vida cotidiana, incluidas las jornadas laborales. As\u00ed, la clave radica en promover espacios que brinden <b>informaci\u00f3n<\/b>, contenci\u00f3n y herramientas para gestionar los desaf\u00edos diarios de la diabetes, creando una <b>rutina laboral<\/b> que contemple el bienestar de todos sus integrantes.<\/p>\n<p class=\"paragraph\">El <b>D\u00eda Mundial de la Diabetes 2025<\/b>, que se conmemor\u00f3 el pasado 14 de noviembre, puso el foco en la importancia de implementar <b>medidas pr\u00e1cticas<\/b> en el \u00e1mbito laboral de ahora en adelante. Seg\u00fan se\u00f1ala la doctora <b>Gabriela Rovira<\/b>, vicepresidenta de la <b>Sociedad Argentina de Diabetes (SAD)<\/b>, \u201cla prevenci\u00f3n y el cuidado de la diabetes comienzan en cada espacio donde vivimos y trabajamos. Entornos laborales que faciliten el <b>autocuidado<\/b> no solo protegen la salud de millones, sino que tambi\u00e9n fortalecen la productividad y el bienestar colectivo\u201d.<\/p>\n<p class=\"paragraph\">La experta a\u00f1ade que las organizaciones tienen la posibilidad de desempe\u00f1ar un rol clave al ofrecer \u201c<b>espacios para controles de glucemia<\/b> y presi\u00f3n arterial, fomentar una <b>alimentaci\u00f3n saludable<\/b>, integrar <b>pausas activas<\/b> en la rutina diaria e incorporar capacitaciones que preparen a l\u00edderes y equipos para acompa\u00f1ar con conocimiento y respeto a quienes viven con diabetes\u201d. Rovira remarca que estas intervenciones no solo benefician la <b>salud<\/b>, sino que tambi\u00e9n impulsan el <b>compromiso<\/b> dentro de los equipos.<\/p>\n<p><img alt=\"En Argentina m\u00e1s de 4\" class=\"global-image\" decoding=\"async\" fetchpriority=\"low\" height=\"3402\" loading=\"lazy\" src=\"https:\/\/www.europesays.com\/es\/wp-content\/uploads\/2025\/11\/1763316310_92_TWJD4EOSEVEUBEP6HATD36HLOA.jpg\" width=\"6048\"\/>En Argentina m\u00e1s de 4 millones de personas conviven con diabetes, el acompa\u00f1amiento laboral mejora la calidad de vida y fortalece la productividad (Imagen ilustrativa infobae)<\/p>\n<p class=\"paragraph\">La pr\u00e1ctica de acompa\u00f1ar se traduce en acciones concretas como autorizar descansos breves para el control de la <b>glucemia<\/b>, permitir refrigerios apropiados, ofrecer espacios adecuados para la aplicaci\u00f3n de <b>insulina<\/b> y garantizar flexibilidad en los horarios para controles m\u00e9dicos. Estas medidas previenen <b>complicaciones<\/b> y disminuyen la <b>ansiedad<\/b> de las personas con diabetes.<\/p>\n<p class=\"paragraph\">A nivel institucional, el acompa\u00f1amiento tambi\u00e9n supone formar a jefes y compa\u00f1eros para que puedan brindar apoyo, siempre lejos de la <b>estigmatizaci\u00f3n<\/b>. En este sentido, expertos y recomendaciones de <b>salud p\u00fablica<\/b> coinciden en que estas pol\u00edticas logran mejoras en la convivencia laboral y aportan ventajas tanto a empleadores como a empleados.<\/p>\n<p class=\"paragraph\">El aumento de los casos de <b>diabetes<\/b> refleja una demanda urgente de pol\u00edticas de <b>prevenci\u00f3n<\/b> y de diagn\u00f3stico temprano, especialmente entre los sectores m\u00e1s vulnerables. La prevalencia de esta enfermedad en Argentina alcanza a uno de cada diez <b>adultos<\/b>, y el 29% desconoce su diagn\u00f3stico, seg\u00fan datos del <b>Atlas Internacional de Diabetes 2025<\/b>. Esta falta de detecci\u00f3n temprana implica que muchos pacientes lleguen al sistema de salud cuando ya presentan <b>complicaciones<\/b>.<\/p>\n<p class=\"paragraph\">Seg\u00fan detalla <b>Mayo Clinic<\/b>, la <b>diabetes tipo 1<\/b> suele comenzar en la infancia o adolescencia y se caracteriza porque el <b>sistema inmunitario<\/b> ataca y destruye las <b>c\u00e9lulas beta<\/b> del p\u00e1ncreas encargadas de producir insulina. Esto provoca que el organismo no pueda generar cantidades suficientes de esta <b>hormona<\/b> que regula el almacenamiento y uso de la <b>glucosa<\/b> en el organismo, por lo que quienes la padecen necesitan recibir <b>insulina<\/b> desde el diagn\u00f3stico.<\/p>\n<p><img alt=\"Seg\u00fan Mayo Clinic la diabetes\" class=\"global-image\" decoding=\"async\" fetchpriority=\"low\" height=\"816\" loading=\"lazy\" src=\"https:\/\/www.europesays.com\/es\/wp-content\/uploads\/2025\/11\/Y3HJJT52JBHOHPELWDV62SRTPM.jpg\" width=\"1456\"\/>Seg\u00fan Mayo Clinic la diabetes tipo 1 suele aparecer en la infancia y se caracteriza por la destrucci\u00f3n de c\u00e9lulas beta del p\u00e1ncreas responsables de producir insulina (Imagen Ilustrativa Infobae)<\/p>\n<p class=\"paragraph\">La <b>diabetes tipo 2<\/b>, en cambio, es m\u00e1s frecuente en adultos mayores de 40 a\u00f1os, aunque tambi\u00e9n puede aparecer en <b>j\u00f3venes<\/b> y <b>ni\u00f1os<\/b>. En este tipo la cantidad de insulina producida puede no ser suficiente o el cuerpo desarrolla <b>resistencia<\/b> a su acci\u00f3n, y habitualmente se relaciona con <b>sobrepeso<\/b>, <b>obesidad<\/b> y h\u00e1bitos de vida poco saludables.<\/p>\n<p class=\"paragraph\">En la <b>poblaci\u00f3n infantil<\/b> y adolescente, la preocupaci\u00f3n aumenta porque alrededor del <b>40% de los ni\u00f1os<\/b> del pa\u00eds tiene <b>obesidad<\/b>, seg\u00fan datos de la <b>Organizaci\u00f3n Panamericana de la Salud (OPS)<\/b>, un factor que anticipa el crecimiento de diagn\u00f3sticos de <b>diabetes tipo 2<\/b> si no se integran estrategias preventivas en la <b>escuela<\/b> y la <b>familia<\/b>. Los especialistas puntualizan que la <b>educaci\u00f3n en salud<\/b> y la promoci\u00f3n de <b>h\u00e1bitos saludables<\/b> resultan esenciales para modificar esta tendencia.<\/p>\n<p class=\"paragraph\">El control de la diabetes exige un abordaje conjunto que combine <b>alimentaci\u00f3n saludable<\/b>, <b>actividad f\u00edsica<\/b> habitual, cumplimiento del <b>tratamiento m\u00e9dico<\/b> y <b>monitoreo cl\u00ednico<\/b> regular. Sin un enfoque integral de prevenci\u00f3n, control y difusi\u00f3n, el impacto se extiende no solo sobre la <b>calidad de vida<\/b> de cada persona, sino tambi\u00e9n sobre la <b>econom\u00eda<\/b> y el <b>sistema de salud nacional<\/b>.<\/p>\n<p class=\"paragraph\">El avance de la <b>tecnolog\u00eda<\/b> aporta nuevas oportunidades al tratamiento y control de la diabetes. Seg\u00fan la doctora Rovira, \u201cestamos viviendo un <b>cambio de paradigma<\/b> en el control y seguimiento de la diabetes. Los sistemas de <b>monitoreo continuo<\/b>, la <b>telemedicina<\/b> y las <b>plataformas digitales<\/b> permiten un control m\u00e1s preciso, reducen los episodios de <b>hipoglucemia<\/b> y mejoran la <b>calidad de vida<\/b>. Pero la tecnolog\u00eda debe ir siempre acompa\u00f1ada de <b>educaci\u00f3n<\/b> y entornos que faciliten su uso cotidiano\u201d.<\/p>\n<p><img alt=\"Estudios recientes abren la puerta\" class=\"global-image\" decoding=\"async\" fetchpriority=\"low\" height=\"816\" loading=\"lazy\" src=\"https:\/\/www.europesays.com\/es\/wp-content\/uploads\/2025\/11\/7CTO2ME5IFDGXKFTJL2PPEQ5LU.jpg\" width=\"1456\"\/>Estudios recientes abren la puerta a terapias que fortalecen c\u00e9lulas beta del p\u00e1ncreas, la ciencia argentina avanza en nuevos enfoques para la diabetes (Imagen Ilustrativa Infobae)<\/p>\n<p class=\"paragraph\">En el plano <b>cient\u00edfico<\/b>, el grupo argentino liderado por <b>Marcelo Perone<\/b> y la bioqu\u00edmica <b>Carolina S\u00e9tula<\/b> present\u00f3 un hallazgo relevante para el futuro de los tratamientos, publicado en la revista <a href=\"https:\/\/www.nature.com\/articles\/s41419-025-08059-0\" target=\"_blank\" rel=\"noreferrer nofollow noopener\" title=\"https:\/\/www.nature.com\/articles\/s41419-025-08059-0\">Cell Death &amp; Disease<\/a>. Seg\u00fan S\u00e9tula, \u201cel est\u00edmulo previo con bajas dosis de <b>interleucina uno beta<\/b> prepara a la c\u00e9lula para enfrentar un desaf\u00edo inflamatorio posterior y la mantiene funcional\u201d. Este proceso se observ\u00f3 en estudios con <b>islotes pancre\u00e1ticos<\/b> de rat\u00f3n y rata, lo que abre una puerta a nuevas estrategias terap\u00e9uticas basadas en el fortalecimiento de las c\u00e9lulas beta del p\u00e1ncreas.<\/p>\n<p class=\"paragraph\">Perone explic\u00f3 que este <b>mecanismo<\/b> puede aplicarse tanto a la diabetes tipo 1 como tipo 2, ya que permite intervenir en fases tempranas y en etapas m\u00e1s avanzadas para preservar la funci\u00f3n de <b>producci\u00f3n de insulina<\/b>. La validaci\u00f3n en modelos animales brind\u00f3 resultados promisorios y el equipo ya inici\u00f3 experimentos con islotes pancre\u00e1ticos humanos.<\/p>\n<p class=\"paragraph\">El camino para prevenir, controlar y acompa\u00f1ar a las personas con diabetes exige combinar <b>tecnolog\u00eda<\/b>, <b>educaci\u00f3n<\/b>, pol\u00edticas inclusivas y el compromiso colectivo de empresas, profesionales y <b>sistemas de salud<\/b>. La articulaci\u00f3n de estas herramientas, respaldada por la voz de los especialistas, contribuye a construir <b>espacios laborales<\/b> m\u00e1s equitativos y saludables para millones de personas.<\/p>\n","protected":false},"excerpt":{"rendered":"El autocuidado y la informaci\u00f3n en la rutina laboral son fundamentales para enfrentar los desaf\u00edos diarios de la&hellip;\n","protected":false},"author":2,"featured_media":239467,"comment_status":"","ping_status":"","sticky":false,"template":"","format":"standard","meta":{"footnotes":""},"categories":[92],"tags":[25,24,165,166,23],"class_list":{"0":"post-239466","1":"post","2":"type-post","3":"status-publish","4":"format-standard","5":"has-post-thumbnail","7":"category-salud","8":"tag-es","9":"tag-espana","10":"tag-health","11":"tag-salud","12":"tag-spain"},"share_on_mastodon":{"url":"https:\/\/pubeurope.com\/@es\/115560705731854655","error":""},"_links":{"self":[{"href":"https:\/\/www.europesays.com\/es\/wp-json\/wp\/v2\/posts\/239466","targetHints":{"allow":["GET"]}}],"collection":[{"href":"https:\/\/www.europesays.com\/es\/wp-json\/wp\/v2\/posts"}],"about":[{"href":"https:\/\/www.europesays.com\/es\/wp-json\/wp\/v2\/types\/post"}],"author":[{"embeddable":true,"href":"https:\/\/www.europesays.com\/es\/wp-json\/wp\/v2\/users\/2"}],"replies":[{"embeddable":true,"href":"https:\/\/www.europesays.com\/es\/wp-json\/wp\/v2\/comments?post=239466"}],"version-history":[{"count":0,"href":"https:\/\/www.europesays.com\/es\/wp-json\/wp\/v2\/posts\/239466\/revisions"}],"wp:featuredmedia":[{"embeddable":true,"href":"https:\/\/www.europesays.com\/es\/wp-json\/wp\/v2\/media\/239467"}],"wp:attachment":[{"href":"https:\/\/www.europesays.com\/es\/wp-json\/wp\/v2\/media?parent=239466"}],"wp:term":[{"taxonomy":"category","embeddable":true,"href":"https:\/\/www.europesays.com\/es\/wp-json\/wp\/v2\/categories?post=239466"},{"taxonomy":"post_tag","embeddable":true,"href":"https:\/\/www.europesays.com\/es\/wp-json\/wp\/v2\/tags?post=239466"}],"curies":[{"name":"wp","href":"https:\/\/api.w.org\/{rel}","templated":true}]}}