{"id":239468,"date":"2025-11-16T18:06:14","date_gmt":"2025-11-16T18:06:14","guid":{"rendered":"https:\/\/www.europesays.com\/es\/239468\/"},"modified":"2025-11-16T18:06:14","modified_gmt":"2025-11-16T18:06:14","slug":"han-tenido-que-coserme-la-cadera","status":"publish","type":"post","link":"https:\/\/www.europesays.com\/es\/239468\/","title":{"rendered":"\u00abHan tenido que coserme la cadera\u00bb"},"content":{"rendered":"<p style=\"\">El popular influencer <strong>Noel Bayarri<\/strong>, exconcursante de &#8216;Supervivientes&#8217; y extronista de \u00bbMyHyV&#8217;, ha sufrido <strong>un accidente de moto en Madrid<\/strong> que ha preocupado a sus m\u00e1s de 600.000 seguidores en Instagram. Ha contado que han tenido que <strong>coserle la cadera<\/strong>, aunque  &#8230; ya se encuentra en casa y ahora deber\u00e1 afrontar varios d\u00edas de reposo absoluto.<\/p>\n<p class=\"voc-p\" style=\"\">Noel Bayarri aparc\u00f3 la televisi\u00f3n y est\u00e1 haciendo carrera en el mundo influencer. Y no le va nada mal. Una legi\u00f3n de seguidores en su cuenta oficial de Instagram avala su \u00e9xito. Y en buena parte es por <strong>su sentido del humor<\/strong>, que incluso ha demostrado despu\u00e9s del tremendo susto que se ha llevado cuando viajaba en moto por la capital de Espa\u00f1a.<\/p>\n<p class=\"voc-p\" style=\"\">El exconcursante de &#8216;Supervivientes All Stars 2&#8217; lo ha contado todo en su Instagram \u2013un accidente siempre es contenido de primera para un influencer-, incluyendo <strong>qu\u00e9 es lo que le ha pasado y las secuelas que han quedado<\/strong>. Eso s\u00ed, lo primero que ha querido comunicar a su legi\u00f3n de seguidores es que solo necesita unos d\u00edas de reposo para volver a estar a tope. Pero de momento, mucha calma.<\/p>\n<p>\n\u00abNo tengo nada roto\u00bb\n<\/p>\n<p class=\"voc-p\" style=\"\">Noel Bayarri ha aparecido por sorpresa en sus &#8216;stories&#8217; de Instagram para contar qu\u00e9 es lo que le ha pasado e incluso ha ense\u00f1ado el estado en el que ha quedado su moto. \u00abMe llevaron al hospital porque <strong>me lacer\u00e9 la cadera y me la ten\u00edan que coser<\/strong>. Pero ya sabes, bicho malo nunca muere\u00bb, comenzaba. <\/p>\n<p class=\"voc-p\" style=\"\">Despu\u00e9s actualizaba su estado, de nuevo con su humor: \u00abNo tengo nada roto, ni grave y ya estoy en casa recuper\u00e1ndome. Una semanita sin moverme mucho y pronto estar\u00e9 meneando la pelvis\u00bb. Aqu\u00ed aparec\u00eda <strong>el influencer desde la cama del hospital<\/strong> en el que ha sido sometido a pruebas antes de descartar cualquier problema de gravedad. Ya se encuentra en el calor del hogar con consejos m\u00e9dico de reposo y calmantes para el dolor.<\/p>\n<p><img decoding=\"async\" loading=\"lazy\" src=\"https:\/\/s3.abcstatics.com\/abc\/www\/multimedia\/gente\/2025\/11\/16\/bayarri-accidente2-U71183387657uBv-760x1200@diario_abc.jpg\" class=\"voc-img\" width=\"760\" height=\"1200\" alt=\"El 'Superviviente' Noel Bayarri sufre un accidente de moto: \u00abHan tenido que coserme la cadera\u00bb\" data-voc-vtm-id=\"in-text-traffic\"\/><\/p>\n<p class=\"voc-p\" style=\"\">El &#8216;Superviviente&#8217; canario tambi\u00e9n ha querido <strong>agradecer<\/strong><strong>a todo el equipo m\u00e9dico<\/strong> el trato que ha recibido a su paso por el hospital: \u00abLes he contado esto para poner en contexto el siguiente mensaje. Gracias de verdad a todo el personal sanitario que me atendi\u00f3: <strong>desde la ambulancia hasta que sal\u00ed del hospital<\/strong>. Un trato incre\u00edble, humano y profesional. Da gusto saber que en Espa\u00f1a tenemos un sistema as\u00ed y a gente tan top cuid\u00e1ndonos cuando nos hace falta\u00bb. Los likes se han disparado.<\/p>\n<p>\nEl humor de Noel Bayarri\n<\/p>\n<p class=\"voc-p\" style=\"\">Noel Bayarri ha explicado que todo se debi\u00f3 al <strong>terrible tiempo<\/strong> que est\u00e1 haciendo estos d\u00edas en Madrid, como en otros muchos sitios de la geograf\u00eda espa\u00f1ola, con tremendas <strong>rachas de lluvia y viento<\/strong> que han dejado el pavimento de las ciudades en condiciones muy peligrosas para el tr\u00e1fico, y m\u00e1s en moto.<\/p>\n<p class=\"voc-p\" style=\"\">\u00abLo dicho gente, estoy bien, estoy en casita, no hace falta que me manden mensajes de \u00e1nimo, sigan dando likes y comentando mis posts, que <strong>as\u00ed es como realmente recibo el cari\u00f1o y lo contabilizo<\/strong>\u00bb, ha insistido el influencer con gracia.<\/p>\n<p class=\"voc-p\" style=\"\">Y ha terminado mostrando c\u00f3mo se le ha quedado la ropa tras el accidente antes de despedirse con otro mensaje lleno de humor: \u00abTengan mucho cuidado en la carretera, y m\u00e1s si llueve, porque <strong>no quiero perder a ni un seguidor<\/strong>, aunque tenga 600 y pico mil, ni uno menos\u00bb.<\/p>\n","protected":false},"excerpt":{"rendered":"El popular influencer Noel Bayarri, exconcursante de &#8216;Supervivientes&#8217; y extronista de \u00bbMyHyV&#8217;, ha sufrido un accidente de moto&hellip;\n","protected":false},"author":2,"featured_media":239469,"comment_status":"","ping_status":"","sticky":false,"template":"","format":"standard","meta":{"footnotes":""},"categories":[91],"tags":[4205,61784,61786,61785,146,147,25,24,22761,7230,23,11463,19114],"class_list":{"0":"post-239468","1":"post","2":"type-post","3":"status-publish","4":"format-standard","5":"has-post-thumbnail","7":"category-entretenimiento","8":"tag-accidente","9":"tag-bayarri","10":"tag-cadera","11":"tag-coserme","12":"tag-entertainment","13":"tag-entretenimiento","14":"tag-es","15":"tag-espana","16":"tag-moto","17":"tag-noel","18":"tag-spain","19":"tag-sufre","20":"tag-superviviente"},"share_on_mastodon":{"url":"https:\/\/pubeurope.com\/@es\/115560709384832115","error":""},"_links":{"self":[{"href":"https:\/\/www.europesays.com\/es\/wp-json\/wp\/v2\/posts\/239468","targetHints":{"allow":["GET"]}}],"collection":[{"href":"https:\/\/www.europesays.com\/es\/wp-json\/wp\/v2\/posts"}],"about":[{"href":"https:\/\/www.europesays.com\/es\/wp-json\/wp\/v2\/types\/post"}],"author":[{"embeddable":true,"href":"https:\/\/www.europesays.com\/es\/wp-json\/wp\/v2\/users\/2"}],"replies":[{"embeddable":true,"href":"https:\/\/www.europesays.com\/es\/wp-json\/wp\/v2\/comments?post=239468"}],"version-history":[{"count":0,"href":"https:\/\/www.europesays.com\/es\/wp-json\/wp\/v2\/posts\/239468\/revisions"}],"wp:featuredmedia":[{"embeddable":true,"href":"https:\/\/www.europesays.com\/es\/wp-json\/wp\/v2\/media\/239469"}],"wp:attachment":[{"href":"https:\/\/www.europesays.com\/es\/wp-json\/wp\/v2\/media?parent=239468"}],"wp:term":[{"taxonomy":"category","embeddable":true,"href":"https:\/\/www.europesays.com\/es\/wp-json\/wp\/v2\/categories?post=239468"},{"taxonomy":"post_tag","embeddable":true,"href":"https:\/\/www.europesays.com\/es\/wp-json\/wp\/v2\/tags?post=239468"}],"curies":[{"name":"wp","href":"https:\/\/api.w.org\/{rel}","templated":true}]}}