{"id":239516,"date":"2025-11-16T18:45:10","date_gmt":"2025-11-16T18:45:10","guid":{"rendered":"https:\/\/www.europesays.com\/es\/239516\/"},"modified":"2025-11-16T18:45:10","modified_gmt":"2025-11-16T18:45:10","slug":"nuevo-reencuentro-de-los-serrano-fran-perea-suelta-la-bomba-estariamos-los-siete","status":"publish","type":"post","link":"https:\/\/www.europesays.com\/es\/239516\/","title":{"rendered":"\u00bfNuevo reencuentro de &#8216;Los Serrano&#8217;? Fran Perea suelta la bomba: \u00abEstar\u00edamos los siete\u00bb"},"content":{"rendered":"<p class=\"v-mdl-ath__p v-mdl-ath__p--6\">\nDomingo, 16 de noviembre 2025, 15:22<\/p>\n<p class=\"v-p\">La serie &#8216;Los Serrano&#8217; no acab\u00f3 bien hace casi veinte a\u00f1os, cuando su protagonista se despert\u00f3 de una pesadilla y result\u00f3 que las ocho temporadas hab\u00edan sido fruto de su subconsciente, y tampoco hace dos cuando Telecinco organiz\u00f3 <a href=\"https:\/\/www.elcorreo.com\/culturas\/tv\/los-serrano-telecinco-triste-reencuentro-sin-sus-protagonistas-20230422133356-nt.html\" target=\"_blank\" title=\"www.elcorreo.com\" data-voc-vtm-id=\"in-text-traffic\" data-mrf-link=\"www.elcorreo.com\" rel=\"nofollow noopener\">un &#8216;reencuentro&#8217;<\/a>, que acab\u00f3 decepcionando a los seguidores de la ficci\u00f3n. Ahora Fran Perea sue\u00f1a con darle la vuelta a aquello.<\/p>\n<p class=\"v-p\">El artista se encuentra en plena promoci\u00f3n de su nueva gira &#8216;El hombre invisible&#8217; y acaba de estrenar la tercera temporada de &#8216;Yo sostenido&#8217;, la obra de teatro que comparte con V\u00edctor El\u00edas, otro de los actores de &#8216;Los Serrano&#8217;. En una de sus promociones, durante una charla con la prensa, el actor solt\u00f3 la bomba: \u00abMe encantar\u00eda una pel\u00edcula de &#8216;Los Serrano&#8217;, pero no lo puedo decidir yo. (&#8230;) Hicimos un reencuentro en 2023 y los siete de la familia estar\u00edamos ah\u00ed\u00bb.<\/p>\n<p class=\"v-p\">Perea confirmaba as\u00ed la intenci\u00f3n de los 7 protagonistas de volver a juntarse para hacer un producto mejor de lo emitido hace dos a\u00f1os, donde Dani \u00c9cija, creador de la serie, dos cr\u00edticos de cine y la youtuber Esty Quesada hablaron del impacto que gener\u00f3 la ficci\u00f3n en la sociedad espa\u00f1ola. Ni rastro de Antonio Resines, Bel\u00e9n Rueda, Fran Perea y el resto de protagonistas que dieron vida a la familia Serrano. Ellos s\u00ed se juntaron para <a href=\"https:\/\/www.elcorreo.com\/culturas\/tv\/los-serrano-asi-sera-reencuentro-nueva-cancion-uno-mas-uno-son-7-nuevo-disco-fran-perea-victor-elias-20230421090305-nt.html\" target=\"_blank\" title=\"www.elcorreo.com\" data-voc-vtm-id=\"in-text-traffic\" data-mrf-link=\"www.elcorreo.com\" rel=\"nofollow noopener\">volver a grabar<\/a> una versi\u00f3n renovada del &#8216;Uno m\u00e1s uno son 7&#8217;.<\/p>\n<p class=\"v-p\">La idea de hacer una pel\u00edcula suena bien visto lo que los protagonistas de &#8216;A\u00edda&#8217;, otra de las series m\u00edticas de la televisi\u00f3n de este pa\u00eds, han organizado. Paco Le\u00f3n dirige un filme que ver\u00e1 la luz el pr\u00f3ximo 30 de enero y que contar\u00e1 con la gran parte de los protagonistas que dieron vida al barrio de Esperanza Sur. \u00bfPodr\u00eda ocurrir lo mismo con &#8216;Los Serrano&#8217;? Pues a juzgar por las palabras de Perea, esa ser\u00eda la intenci\u00f3n.<\/p>\n<p class=\"v-p\">Dos d\u00e9cadas despu\u00e9s, todos los protagonistas de &#8216;Los Serrano&#8217; siguen ligados al mundo art\u00edstico. Victor El\u00edas (Guille) y Fran Perea (Marcos) viven de la m\u00fasica y trabajan en un proyecto juntos. Ver\u00f3nica (Eva) y Natalia S\u00e1nchez (Tet\u00e9), amiga \u00edntima de El\u00edas, se dedican a la interpretaci\u00f3n. Y Jorge Jurado (Curro) combina su carrera de actor con la de youtuber.<\/p>\n<p>Reporta un error<\/p>\n","protected":false},"excerpt":{"rendered":"Domingo, 16 de noviembre 2025, 15:22 La serie &#8216;Los Serrano&#8217; no acab\u00f3 bien hace casi veinte a\u00f1os, cuando&hellip;\n","protected":false},"author":2,"featured_media":239517,"comment_status":"","ping_status":"","sticky":false,"template":"","format":"standard","meta":{"footnotes":""},"categories":[174],"tags":[4574,255,146,147,25,24,256,7410,524,59124,20070,1515,5294,23,31404],"class_list":{"0":"post-239516","1":"post","2":"type-post","3":"status-publish","4":"format-standard","5":"has-post-thumbnail","7":"category-famosos","8":"tag-bomba","9":"tag-celebrities","10":"tag-entertainment","11":"tag-entretenimiento","12":"tag-es","13":"tag-espana","14":"tag-famosos","15":"tag-fran","16":"tag-nuevo","17":"tag-perea","18":"tag-reencuentro","19":"tag-serrano","20":"tag-siete","21":"tag-spain","22":"tag-suelta"},"share_on_mastodon":{"url":"https:\/\/pubeurope.com\/@es\/115560862800797016","error":""},"_links":{"self":[{"href":"https:\/\/www.europesays.com\/es\/wp-json\/wp\/v2\/posts\/239516","targetHints":{"allow":["GET"]}}],"collection":[{"href":"https:\/\/www.europesays.com\/es\/wp-json\/wp\/v2\/posts"}],"about":[{"href":"https:\/\/www.europesays.com\/es\/wp-json\/wp\/v2\/types\/post"}],"author":[{"embeddable":true,"href":"https:\/\/www.europesays.com\/es\/wp-json\/wp\/v2\/users\/2"}],"replies":[{"embeddable":true,"href":"https:\/\/www.europesays.com\/es\/wp-json\/wp\/v2\/comments?post=239516"}],"version-history":[{"count":0,"href":"https:\/\/www.europesays.com\/es\/wp-json\/wp\/v2\/posts\/239516\/revisions"}],"wp:featuredmedia":[{"embeddable":true,"href":"https:\/\/www.europesays.com\/es\/wp-json\/wp\/v2\/media\/239517"}],"wp:attachment":[{"href":"https:\/\/www.europesays.com\/es\/wp-json\/wp\/v2\/media?parent=239516"}],"wp:term":[{"taxonomy":"category","embeddable":true,"href":"https:\/\/www.europesays.com\/es\/wp-json\/wp\/v2\/categories?post=239516"},{"taxonomy":"post_tag","embeddable":true,"href":"https:\/\/www.europesays.com\/es\/wp-json\/wp\/v2\/tags?post=239516"}],"curies":[{"name":"wp","href":"https:\/\/api.w.org\/{rel}","templated":true}]}}