{"id":239520,"date":"2025-11-16T18:48:09","date_gmt":"2025-11-16T18:48:09","guid":{"rendered":"https:\/\/www.europesays.com\/es\/239520\/"},"modified":"2025-11-16T18:48:09","modified_gmt":"2025-11-16T18:48:09","slug":"critica-del-capitulo-22-de-dragon-ball-gt-con-el-terrorifico-despertar-del-mutante-baby","status":"publish","type":"post","link":"https:\/\/www.europesays.com\/es\/239520\/","title":{"rendered":"Cr\u00edtica del cap\u00edtulo 22 de Dragon Ball GT con el terror\u00edfico despertar del mutante Baby"},"content":{"rendered":"<p class=\"c-paragraph\">\u00bfQuieres revivir uno de los mejores episodios de toda la historia de <b><a href=\"https:\/\/www.hobbyconsolas.com\/ultimo\/resurreccion-dragon-ball-super-dragon-ball-heroes_6672900_1.html\" title=\"La resurrecci\u00f3n de Dragon Ball GT en Super Dragon Ball Heroes\" rel=\"nofollow noopener\" target=\"_blank\">Dragon Ball<\/a><\/b>? Pues est\u00e1s en el lugar indicado, y es que hoy vamos a analizar el cap\u00edtulo 22 de <b><a href=\"\">Dragon Ball GT<\/a><\/b>, una aut\u00e9ntica obra de arte de la animaci\u00f3n.<\/p>\n<p class=\"c-paragraph\">Pero no te pienses que solo estamos ante una sobresaliente factura t\u00e9cnica, para nada. Aparte de lucir como los \u00e1ngeles, nos sorprende con una ambientaci\u00f3n terror\u00edfica y el nacimiento de un nuevo villano a la altura de su entorno. \u00bfEst\u00e1s preparado?<\/p>\n<p class=\"c-paragraph\">Parece mentira que Dragon Ball GT, una de las series m\u00e1s criticadas por parte de los fans de la franquicia de <b><a href=\"https:\/\/www.hobbyconsolas.com\/ultimo\/critica-capitulo-1-dragon-ball-daima-con-que-arranca-una-prospera-nueva-era-para-serie-akira-toriyama_6679543_1.html\" title=\"Cr\u00edtica del cap\u00edtulo 1 de Dragon Ball Daima con el que arranca una pr\u00f3spera nueva era para la serie de Akira Toriyama\" rel=\"nofollow noopener\" target=\"_blank\">Akira Toriyama<\/a><\/b>, est\u00e9 dando tan buenos resultados en nuestras cr\u00edticas semanales. \u00a1Hoy se ha ganado otra nota sobresaliente!<\/p>\n<p class=\"c-paragraph\">Adem\u00e1s, se trata de una de las calificaciones m\u00e1s altas que hemos puesto a cualquier episodio de <b>Goku <\/b>y sus amigos. \u00bfPero realmente se lo merece? Sin duda, a mi juicio estamos ante uno de los mejores cap\u00edtulos de la serie, de lo contrario me aventurar\u00eda con una nota diferente.<\/p>\n<p class=\"c-paragraph\">Nada m\u00e1s empezar el episodio 22 nos sorprenden con una atm\u00f3sfera l\u00fagubre y terror\u00edfica: el laboratorio secreto del <b>Dr. Mu<\/b>, la sala oculta en la que se est\u00e1 gestando una nueva forma de vida mutante que pretende acabar con los seres naturales de todo el universo.<\/p>\n<p class=\"c-paragraph\">Afortunadamente, <b>Trunks <\/b>y <b>Giru <\/b>se adelantaron a los planes del doctor, y tras burlar su seguridad, el saiyan introdujo un virus en el sistema inform\u00e1tico para neutralizar la formaci\u00f3n del monstruo. Sin embargo, parece que el Dr. Mu no ha dicho su \u00faltima palabra&#8230;<\/p>\n<p class=\"c-paragraph\">Desquiciado, intenta reestablecer el sistema de gestaci\u00f3n de <b>Baby<\/b>, nombre con el que ha bautizado a su monstruo mutante y al que ha nutrido con un poder inconmensurable. Y cuando todo parec\u00eda que hab\u00eda terminado, Goku se acerca a la incubadora del monstruo y&#8230;<\/p>\n<p class=\"c-paragraph\">\u00a1Baby despierta para sorpresa de todos! Parece que el trabajo de Trunks no termin\u00f3 de rematarse y ahora tendr\u00e1n que enfrentarse a esta nueva forma de vida que, al igual que hiciera <b>Cell <\/b>en el pasado, tiene el objetivo de alcanzar un cuerpo perfecto.<\/p>\n<p class=\"c-paragraph\">Los tres saiyans, viendo el potencial del monstruo, no dudan en darlo todo con un ataque conjunto para hacerlo pedazos. \u00a1Y vaya si lo consiguen! Desafortunadamente, uno de los restos de Baby logra sobrevivir y se introduce furtivamente dentro de Mu, justo cuando el doctor logra escapar del planeta en su nave espacial.\u00a0<\/p>\n<p class=\"c-paragraph\">Ya en el espacio, contemplamos una escena que marc\u00f3 a toda una generaci\u00f3n. El cuerpo del Dr. Mu, que lleva en sus entra\u00f1as la propia muerte, es detrozado por el par\u00e1sito Baby. De hecho, el monstruo desvela a los espectadores que \u00e9l mismo es el hacedor del imperio mutante y el que cre\u00f3 al doctor para que le ayudara con su renacimiento. \u00a1Se abre una nueva \u00e9poca del terror en Dragon Ball!<\/p>\n<p>\u00a1CURIOSIDADES!<\/p>\n<p class=\"c-paragraph\">1- El momento en el que Baby despierta y hace estallar todo su poder es realmente terror\u00edfico (mucho m\u00e1s en la versi\u00f3n en castellano, todo sea dicho, superando al original japon\u00e9s, solo tienes que comprobarlo t\u00fa mismo).<\/p>\n<p class=\"c-paragraph\">Curiosamente, el entorno tambi\u00e9n se transforma con el despertar del monstruo y, de repente, empezamos a ver hojas de cerezo por doquier, algo que confunde al espectador y crea una atm\u00f3sfera mucho m\u00e1s extra\u00f1a pero con un significado metaf\u00f3rico: el color rosa, el mismo de las hojas de cerezo, se suele asociar al mal en Dragon Ball.<\/p>\n<p class=\"c-paragraph\">2- Estos an\u00e1lisis los estamos haciendo partiendo de la versi\u00f3n japonesa, de ah\u00ed que podamos analizar tambi\u00e9n las diferencias con respecto al castellano y aportar informaci\u00f3n extra que igual desconoc\u00edas. \u00bfSab\u00edas que a Baby no le gusta que le llamen as\u00ed?<\/p>\n<p class=\"c-paragraph\">Esto es algo muy desconocido por los fans, pero el mutante le deja claro al Dr. Mu, mientras lo asesina, que no le gusta que le llame Baby. El doctor le trata como si fuera su beb\u00e9, su creaci\u00f3n m\u00e1s preciada, de ah\u00ed lo de Baby. Sin embargo, parad\u00f3jicamente, Mu fue creado por Baby sin que \u00e9l lo supiera.\u00a0<\/p>\n<p class=\"c-paragraph\">\u00bfC\u00f3mo te has quedado con este alucinante y terror\u00edfico episodio de Dragon Ball GT? \u00bfQu\u00e9 otros cap\u00edtulos de todas las series que se han emitido de Dragon Ball los pondr\u00edas a este nivel tan excelso?<\/p>\n<p class=\"c-paragraph\">Nosotros ya estamos deseando que llegue el domingo que viene para seguir analizando esta impresionante saga de Goku y sus amigos. \u00a1No dejes que te lo cuenten! \u00a1Kai, Kai!<\/p>\n<p class=\"c-review-module__text\"> Valoraci\u00f3n <\/p>\n<p class=\"c-review-module__text-score\"> Nota 95<\/p>\n<p class=\"c-review-module__resume\">Estamos ante uno de los mejores episodios de toda la franquicia, contando todas las series de Dragon Ball. La m\u00fasica, la ambientaci\u00f3n, el dibujo, la animaci\u00f3n, la trama y los personajes est\u00e1n de aut\u00e9ntico sobresaliente, una entrega obligada para todo fan que se precie.<\/p>\n<p>Lo mejor<\/p>\n<p class=\"c-review-module__description\">La animaci\u00f3n y el dibujo son de calidad cinematogr\u00e1fica. La m\u00fasica y ambientaci\u00f3n. El terror que infunde Baby.<\/p>\n<p>Lo peor<\/p>\n<p class=\"c-review-module__description\">El tono y la voz de Baby en japon\u00e9s, al articular sus primeras palabras, imponen much\u00edsimo menos que la versi\u00f3n en castellano.\u00a0 \u00a0 \u00a0 \u00a0 \u00a0<\/p>\n","protected":false},"excerpt":{"rendered":"\u00bfQuieres revivir uno de los mejores episodios de toda la historia de Dragon Ball? Pues est\u00e1s en el&hellip;\n","protected":false},"author":2,"featured_media":239521,"comment_status":"","ping_status":"","sticky":false,"template":"","format":"standard","meta":{"footnotes":""},"categories":[171],"tags":[18891,11203,10515,1497,11202,146,147,25,24,23,214],"class_list":{"0":"post-239520","1":"post","2":"type-post","3":"status-publish","4":"format-standard","5":"has-post-thumbnail","7":"category-tv","8":"tag-18891","9":"tag-ball","10":"tag-capitulo","11":"tag-critica","12":"tag-dragon","13":"tag-entertainment","14":"tag-entretenimiento","15":"tag-es","16":"tag-espana","17":"tag-spain","18":"tag-tv"},"share_on_mastodon":{"url":"https:\/\/pubeurope.com\/@es\/115560874284814382","error":""},"_links":{"self":[{"href":"https:\/\/www.europesays.com\/es\/wp-json\/wp\/v2\/posts\/239520","targetHints":{"allow":["GET"]}}],"collection":[{"href":"https:\/\/www.europesays.com\/es\/wp-json\/wp\/v2\/posts"}],"about":[{"href":"https:\/\/www.europesays.com\/es\/wp-json\/wp\/v2\/types\/post"}],"author":[{"embeddable":true,"href":"https:\/\/www.europesays.com\/es\/wp-json\/wp\/v2\/users\/2"}],"replies":[{"embeddable":true,"href":"https:\/\/www.europesays.com\/es\/wp-json\/wp\/v2\/comments?post=239520"}],"version-history":[{"count":0,"href":"https:\/\/www.europesays.com\/es\/wp-json\/wp\/v2\/posts\/239520\/revisions"}],"wp:featuredmedia":[{"embeddable":true,"href":"https:\/\/www.europesays.com\/es\/wp-json\/wp\/v2\/media\/239521"}],"wp:attachment":[{"href":"https:\/\/www.europesays.com\/es\/wp-json\/wp\/v2\/media?parent=239520"}],"wp:term":[{"taxonomy":"category","embeddable":true,"href":"https:\/\/www.europesays.com\/es\/wp-json\/wp\/v2\/categories?post=239520"},{"taxonomy":"post_tag","embeddable":true,"href":"https:\/\/www.europesays.com\/es\/wp-json\/wp\/v2\/tags?post=239520"}],"curies":[{"name":"wp","href":"https:\/\/api.w.org\/{rel}","templated":true}]}}