{"id":239522,"date":"2025-11-16T18:49:09","date_gmt":"2025-11-16T18:49:09","guid":{"rendered":"https:\/\/www.europesays.com\/es\/239522\/"},"modified":"2025-11-16T18:49:09","modified_gmt":"2025-11-16T18:49:09","slug":"la-artista-que-esta-marcando-el-pulso-de-la-generacion-z","status":"publish","type":"post","link":"https:\/\/www.europesays.com\/es\/239522\/","title":{"rendered":"la artista que est\u00e1 marcando el pulso de la Generaci\u00f3n Z"},"content":{"rendered":"<p><img src=\"data:image\/png;base64,iVBORw0KGgoAAAANSUhEUgAABDgAAAMgAQAAAADuSe9aAAAAAnRSTlMAAHaTzTgAAACASURBVHja7cEBDQAAAMKg909tDjegAAAAAAAAAAAAAAAAAAAAAAAAAAAAAAAAAAAAAAAAAAAAAAAAAAAAAAAAAAAAAAAAAAAAAAAAAAAAAAAAAAAAAAAAAAAAAAAAAAAAAAAAAAAAAAAAAAAAAAAAAAAAAAAAAAAAAAAAAAAAeDSpDwABijjYhAAAAABJRU5ErkJggg==\" alt=\"Sabrina Carpenter\" data-src=\"https:\/\/www.europesays.com\/es\/wp-content\/uploads\/2025\/11\/Sabrina-Carpenter.jpg\" decoding=\"async\" class=\"lazyload\" data-eio-rwidth=\"1080\" data-eio-rheight=\"800\"\/>Foto: LEONARDO MUNOZ \/ AFP<\/p>\n<p>Cuando\u00a0<strong>Sabrina Carpenter\u00a0<\/strong>debut\u00f3 en Girl Meets World, pocos imaginaron que aquella joven con una voz dulce se convertir\u00eda en la artista femenina con el debut m\u00e1s impactante de 2025 en la<strong>\u00a0lista global de Spotify<\/strong>. Hoy, con apenas 25 a\u00f1os, no solo est\u00e1 rompiendo r\u00e9cords: est\u00e1 marcando el <a href=\"https:\/\/www.elnacional.com\/2025\/11\/kisu-y-park-pil-kyu-revolucionan-instagram-a-su-llegada-a-caracas\/\" target=\"_blank\" rel=\"noreferrer noopener nofollow\">pulso emocional, est\u00e9tico y cultural de toda una generaci\u00f3n.<\/a><\/p>\n<p>Este a\u00f1o, Sabrina hizo historia al convertirse en la primera artista de la\u00a0<strong>Generaci\u00f3n Z<\/strong>\u00a0en alcanzar el #1 mundial en la lista diaria de artistas m\u00e1s escuchados de Spotify, un logro que la coloca en una liga aparte dentro del pop contempor\u00e1neo. Pero su ascenso no ha sido repentino es el resultado de m\u00e1s de una d\u00e9cada de reinvenci\u00f3n constante frente a nuestros ojos.<\/p>\n<p>\u00bfPor qu\u00e9 Sabrina Carpenter es un \u00edcono de la Generaci\u00f3n Z?<\/p>\n<p>La Generaci\u00f3n Z no adopta \u00eddolos con facilidad: los pone a prueba, los observa detenidamente y solo los abraza si encuentran autenticidad. Sabrina cumple con esta exigencia por varias razones:<\/p>\n<p><strong>El rostro del pop juvenil:\u00a0<\/strong>Sus \u00e9xitos \u00abEspresso\u00bb, \u00abPlease Please Please\u00bb y \u00abTaste\u00bb no solo dominaron 2024, sino que redefinieron lo que significa un sencillo viral. Son canciones irresistibles, descaradas, memorables\u2026 y, sobre todo, profundamente zillennials. Hablan de relaciones ca\u00f3ticas, independencia, humor autocr\u00edtico y una mezcla \u00fanica de vulnerabilidad e iron\u00eda, caracter\u00edsticas distintivas de una generaci\u00f3n nacida entre 1997 y 2012.<\/p>\n<p><strong>Conexi\u00f3n emocional profunda:\u00a0<\/strong>Sabrina convirti\u00f3 sus propios tropiezos afectivos y el constante escrutinio p\u00fablico en el coraz\u00f3n de Emails I Can\u2019t Send, uno de los \u00e1lbumes m\u00e1s honestos de los \u00faltimos a\u00f1os. Para la Generaci\u00f3n Z, Sabrina representa a alguien que acepta sus contradicciones, habla del amor con crudeza y humor, y convierte el drama en arte sin caer en el melodrama. Su vulnerabilidad reson\u00f3 profundamente con sus seguidores.<\/p>\n<p><strong>Versatilidad art\u00edstica:\u00a0<\/strong>Sabrina no solo es cantante, sino tambi\u00e9n actriz, productora, compositora y bailarina. Su capacidad para moverse entre diferentes g\u00e9neros como el pop, el R&amp;B y las baladas, y su transici\u00f3n de Mean Girls en Broadway a encabezar Lollapalooza, demuestran su enorme versatilidad.<\/p>\n<p>Los r\u00e9cords que la colocan al nivel de las grandes leyendas<\/p>\n<ul class=\"wp-block-list\">\n<li>Short n\u2019 Sweet (2024) debut\u00f3 en el #1 del Billboard 200.<\/li>\n<li>Gan\u00f3 dos premios Grammy, incluido Mejor \u00c1lbum Vocal Pop.<\/li>\n<li>Se convirti\u00f3 en la primera artista femenina en ocupar simult\u00e1neamente los puestos #1 y #2 en la lista de sencillos del Reino Unido por tres semanas seguidas.<\/li>\n<li>Fue la primera desde The Beatles en colocar tres sencillos top 5 en una misma semana.<\/li>\n<li>Encabez\u00f3 festivales globales y agot\u00f3 su primera gira de estadios.<\/li>\n<li>Man\u2019s Best Friend (2025) volvi\u00f3 a debutar en el #1.<\/li>\n<li>\u201cManchild\u201d fue su primer debut directo al #1 del Hot 100.<\/li>\n<li>Define tendencias de moda: microvestidos, est\u00e9tica coquette pero poderosa, y el revival retro-pop.<\/li>\n<li>Es referencia sonora en TikTok; sus canciones son banda sonora de millones de videos.<\/li>\n<\/ul>\n<p><strong>El Grupo de Diarios Am\u00e9rica (GDA), al cual pertenece El Nacional, es una red de medios l\u00edderes fundada en 1991, que promueve los valores democr\u00e1ticos, la prensa independiente y la libertad de expresi\u00f3n en Am\u00e9rica Latina a trav\u00e9s del periodismo de calidad para nuestras audiencias.<\/strong><\/p>\n","protected":false},"excerpt":{"rendered":"Foto: LEONARDO MUNOZ \/ AFP Cuando\u00a0Sabrina Carpenter\u00a0debut\u00f3 en Girl Meets World, pocos imaginaron que aquella joven con una&hellip;\n","protected":false},"author":2,"featured_media":239523,"comment_status":"","ping_status":"","sticky":false,"template":"","format":"standard","meta":{"footnotes":""},"categories":[170],"tags":[4328,146,147,25,24,44454,184,185,18815,23],"class_list":{"0":"post-239522","1":"post","2":"type-post","3":"status-publish","4":"format-standard","5":"has-post-thumbnail","7":"category-musica","8":"tag-cantante","9":"tag-entertainment","10":"tag-entretenimiento","11":"tag-es","12":"tag-espana","13":"tag-generacion-z","14":"tag-music","15":"tag-musica","16":"tag-sabrina-carpenter","17":"tag-spain"},"share_on_mastodon":{"url":"https:\/\/pubeurope.com\/@es\/115560878300836551","error":""},"_links":{"self":[{"href":"https:\/\/www.europesays.com\/es\/wp-json\/wp\/v2\/posts\/239522","targetHints":{"allow":["GET"]}}],"collection":[{"href":"https:\/\/www.europesays.com\/es\/wp-json\/wp\/v2\/posts"}],"about":[{"href":"https:\/\/www.europesays.com\/es\/wp-json\/wp\/v2\/types\/post"}],"author":[{"embeddable":true,"href":"https:\/\/www.europesays.com\/es\/wp-json\/wp\/v2\/users\/2"}],"replies":[{"embeddable":true,"href":"https:\/\/www.europesays.com\/es\/wp-json\/wp\/v2\/comments?post=239522"}],"version-history":[{"count":0,"href":"https:\/\/www.europesays.com\/es\/wp-json\/wp\/v2\/posts\/239522\/revisions"}],"wp:featuredmedia":[{"embeddable":true,"href":"https:\/\/www.europesays.com\/es\/wp-json\/wp\/v2\/media\/239523"}],"wp:attachment":[{"href":"https:\/\/www.europesays.com\/es\/wp-json\/wp\/v2\/media?parent=239522"}],"wp:term":[{"taxonomy":"category","embeddable":true,"href":"https:\/\/www.europesays.com\/es\/wp-json\/wp\/v2\/categories?post=239522"},{"taxonomy":"post_tag","embeddable":true,"href":"https:\/\/www.europesays.com\/es\/wp-json\/wp\/v2\/tags?post=239522"}],"curies":[{"name":"wp","href":"https:\/\/api.w.org\/{rel}","templated":true}]}}