{"id":239537,"date":"2025-11-16T18:57:14","date_gmt":"2025-11-16T18:57:14","guid":{"rendered":"https:\/\/www.europesays.com\/es\/239537\/"},"modified":"2025-11-16T18:57:14","modified_gmt":"2025-11-16T18:57:14","slug":"jordi-pujol-ingresado-en-barcelona-dias-antes-de-ser-juzgado-por-el-origen-de-su-fortuna-el-salto","status":"publish","type":"post","link":"https:\/\/www.europesays.com\/es\/239537\/","title":{"rendered":"Jordi Pujol, ingresado en Barcelona d\u00edas antes de ser juzgado por el origen de su fortuna &#8211; El Salto"},"content":{"rendered":"<p>Una infecci\u00f3n pulmonar podr\u00eda impedir que el expresident de la Generalitat, <a href=\"http:\/\/Universitat Catalana d&#039;Estiu\" target=\"_blank\" rel=\"nofollow\">Jordi Pujol,<\/a> de su testimonio en el juicio sobre el origen presuntamente il\u00edcito de su fortuna familiar. El exmandatario se encuentra ingresado en la cl\u00ednica Sagrada Familia de <a href=\"https:\/\/www.elsaltodiario.com\/barcelona\/audiencia-barcelona-deniega-primera-vez-amnistia-un-policia-investigado-lesiones-maltrato\" target=\"_blank\" rel=\"nofollow noopener\">Barcelona<\/a>, seg\u00fan adelantaba Catalunya Radio durante la jornada del domingo.\u00a0<\/p>\n<p>El juicio ten\u00eda previsto comenzar en la Audiencia Nacional el pr\u00f3ximo lunes 24 de noviembre, y pone el foco no s\u00f3lo sobre el expresident sino sobre sus hijos por supuestos delitos de\u00a0por de corrupci\u00f3n y blanqueo de capitales. Unos delitos que se produjeron durante m\u00e1s de una d\u00e9cada. La <a href=\"https:\/\/www.policia.es\/_eu\/tupolicia_conocenos_estructura_dao_cgpoliciajudicial.php\" target=\"_blank\" rel=\"nofollow noopener\">Udef <\/a>cifraba en 2019 la fortuna de la familia Pujol en 290 millones de euros.<\/p>\n<p>Pujol, de 95 a\u00f1os de edad, confes\u00f3 hace 11 a\u00f1os y cuatro meses desde que su familia mantuvo su fortuna oculta a Hacienda en Andorra. La defensa del expresident ha presentado tres informes m\u00e9dicos a la Audiencia Nacional, donde se incluye un an\u00e1lisis de sus capacidades cognitivas para que el organismo valore si puede prestar declaraci\u00f3n en el proceso.\u00a0<\/p>\n","protected":false},"excerpt":{"rendered":"Una infecci\u00f3n pulmonar podr\u00eda impedir que el expresident de la Generalitat, Jordi Pujol, de su testimonio en el&hellip;\n","protected":false},"author":2,"featured_media":239538,"comment_status":"","ping_status":"","sticky":false,"template":"","format":"standard","meta":{"footnotes":""},"categories":[8],"tags":[517,17,18,767,25,24,13,14,11,2158,19,20,9,10,15,16,23,12,21,22],"class_list":{"0":"post-239537","1":"post","2":"type-post","3":"status-publish","4":"format-standard","5":"has-post-thumbnail","7":"category-espana","8":"tag-actualidad","9":"tag-breaking-news","10":"tag-breakingnews","11":"tag-corrupcion","12":"tag-es","13":"tag-espana","14":"tag-featured-news","15":"tag-featurednews","16":"tag-headlines","17":"tag-justicia","18":"tag-latest-news","19":"tag-latestnews","20":"tag-news","21":"tag-noticias","22":"tag-noticias-destacadas","23":"tag-noticiasdestacadas","24":"tag-spain","25":"tag-titulares","26":"tag-ultimas-noticias","27":"tag-ultimasnoticias"},"share_on_mastodon":{"url":"https:\/\/pubeurope.com\/@es\/115560909604253739","error":""},"_links":{"self":[{"href":"https:\/\/www.europesays.com\/es\/wp-json\/wp\/v2\/posts\/239537","targetHints":{"allow":["GET"]}}],"collection":[{"href":"https:\/\/www.europesays.com\/es\/wp-json\/wp\/v2\/posts"}],"about":[{"href":"https:\/\/www.europesays.com\/es\/wp-json\/wp\/v2\/types\/post"}],"author":[{"embeddable":true,"href":"https:\/\/www.europesays.com\/es\/wp-json\/wp\/v2\/users\/2"}],"replies":[{"embeddable":true,"href":"https:\/\/www.europesays.com\/es\/wp-json\/wp\/v2\/comments?post=239537"}],"version-history":[{"count":0,"href":"https:\/\/www.europesays.com\/es\/wp-json\/wp\/v2\/posts\/239537\/revisions"}],"wp:featuredmedia":[{"embeddable":true,"href":"https:\/\/www.europesays.com\/es\/wp-json\/wp\/v2\/media\/239538"}],"wp:attachment":[{"href":"https:\/\/www.europesays.com\/es\/wp-json\/wp\/v2\/media?parent=239537"}],"wp:term":[{"taxonomy":"category","embeddable":true,"href":"https:\/\/www.europesays.com\/es\/wp-json\/wp\/v2\/categories?post=239537"},{"taxonomy":"post_tag","embeddable":true,"href":"https:\/\/www.europesays.com\/es\/wp-json\/wp\/v2\/tags?post=239537"}],"curies":[{"name":"wp","href":"https:\/\/api.w.org\/{rel}","templated":true}]}}