{"id":239541,"date":"2025-11-16T19:03:20","date_gmt":"2025-11-16T19:03:20","guid":{"rendered":"https:\/\/www.europesays.com\/es\/239541\/"},"modified":"2025-11-16T19:03:20","modified_gmt":"2025-11-16T19:03:20","slug":"el-increible-video-de-una-figura-del-tenis-nadando-entre-tiburones-que-recorre-el-mundo-un-dia-mas-en-la-vida","status":"publish","type":"post","link":"https:\/\/www.europesays.com\/es\/239541\/","title":{"rendered":"El incre\u00edble video de una figura del tenis nadando entre tiburones que recorre el mundo: \u201cUn d\u00eda m\u00e1s en la vida\u201d"},"content":{"rendered":"<p>Sabalenka nad\u00f3 con tiburones<\/p>\n<p class=\"paragraph\">La tenista bielorrusa\u00a0<b>Aryna Sabalenka<\/b>\u00a0protagoniz\u00f3\u00a0<b>una experiencia inusual durante sus vacaciones en las islas Maldivas<\/b>\u00a0al grabar y compartir videos <b>nadando junto a tiburones <\/b>poco despu\u00e9s de finalizar la temporada de tenis profesional. Sabalenka, de 27 a\u00f1os, viaj\u00f3 al archipi\u00e9lago tras su participaci\u00f3n en las Finales de la WTA, donde disput\u00f3 la final y cay\u00f3 ante la kazaja\u00a0<b>Elena Rybakina<\/b>\u00a0en Riad, Arabia Saudita.<\/p>\n<p class=\"paragraph\">La jugadora, que ostenta <b>cuatro t\u00edtulos de Grand Slam<\/b>, decidi\u00f3 disfrutar de un receso tras la exigente temporada. En sus redes sociales, comparti\u00f3 im\u00e1genes y clips que muestran diversas actividades en un entorno paradisiaco, incluyendo <b>un video donde nada entre tiburones <\/b>en aguas cristalinas mientras utilizaba un bikini amarillo y esn\u00f3rquel.\u00a0La deportista public\u00f3 la grabaci\u00f3n en su cuenta de Instagram acompa\u00f1ada de la frase:\u00a0<b>\u201cUn d\u00eda m\u00e1s en la vida\u201d<\/b>.<\/p>\n<p class=\"paragraph\">Las im\u00e1genes mostraban a\u00a0<b>Sabalenka<\/b>\u00a0sumergida junto a tiburones de menor tama\u00f1o y otras especies como tortugas y peces, explorando el ecosistema marino de las\u00a0<b>Maldivas<\/b>. Entre los comentarios de seguidores destacan expresiones como:\u00a0<b>\u201cEres mi favorita\u201d<\/b>,\u00a0<b>\u201c\u00a1Fant\u00e1stico!\u201d<\/b>\u00a0y\u00a0<b>\u201cEn armon\u00eda con la naturaleza\u201d<\/b>, a los que se suma el mensaje: <b>\u201c\u00a1Qu\u00e9 para\u00edso lleno de tiburones adorables!\u201d<\/b>.<\/p>\n<p class=\"paragraph\">Seg\u00fan mostr\u00f3 la tenista en sus redes sociales, durante el mismo viaje,\u00a0<b>Sabalenka<\/b>\u00a0comparti\u00f3 otras actividades desde el resort, como partidos de voleibol de playa y una comida junto al mar en compa\u00f1\u00eda de su pareja,\u00a0<b>Georgios Frangulis<\/b>. En diferentes clips y fotograf\u00edas, <b>exhibi\u00f3 el entorno tropical y la tranquilidad<\/b>, alej\u00e1ndose temporalmente del clima competitivo que caracteriza al circuito profesional.<\/p>\n<p><img alt=\"Sabalenka no pudo quedarse con\" class=\"global-image\" decoding=\"async\" fetchpriority=\"low\" height=\"1966\" loading=\"lazy\" src=\"https:\/\/www.europesays.com\/es\/wp-content\/uploads\/2025\/11\/XE7K2YVRSZCUVAL6WBUBKLMH3Y.JPG\" width=\"2840\"\/>Sabalenka no pudo quedarse con el t\u00edtulo WTA Finals (Reuters)<\/p>\n<p class=\"paragraph\">Las vacaciones de la deportista se produjeron poco despu\u00e9s de <b>la final de las\u00a0Finales de la WTA, <\/b>disputada en Arabia Saudita, donde la kazaja\u00a0<b>Elena Rybakina<\/b>\u00a0se proclam\u00f3 campeona al imponerse por 6-3 y 7-6 (0) ante Sabalenka. El torneo, que re\u00fane a las <b>ocho mejores tenistas del a\u00f1o<\/b> y pone fin a la temporada anual, vio c\u00f3mo la n\u00famero uno del mundo <b>termin\u00f3 cediendo en el desempate del segundo set. <\/b>La kazaja acumul\u00f3 11 victorias consecutivas, convirti\u00e9ndose en la primera tenista asi\u00e1tica en ganar el torneo de maestras.<\/p>\n<p class=\"paragraph\">Luego de la derrota, Sabalenka recurri\u00f3 a sus redes sociales para reflexionar sobre el cierre de la temporada.\u00a0\u201cY as\u00ed termina la temporada 2025! <b>Ha sido un a\u00f1o duro, pero incre\u00edblemente gratificante. Un t\u00edtulo de Grand Slam, ser n\u00famero 1 del mundo por segundo a\u00f1o consecutivo, y algunos trofeos m\u00e1s. <\/b>He aprendido much\u00edsimo este a\u00f1o, tanto en los buenos como en los malos momentos de cada torneo y en los entrenamientos. Me siento inmensamente afortunada y agradecida por todo. \u00a1Temporada 2026, all\u00e1 vamos!\u201d, escribi\u00f3 la bielorrusa para su audiencia internacional.<\/p>\n<p class=\"paragraph\">Durante su estancia en\u00a0<b>las Maldivas<\/b>,\u00a0<b>Sabalenka<\/b>\u00a0eligi\u00f3 apartarse de la rutina de entrenamientos y competencias, <b>optando por el esn\u00f3rquel y el contacto con la vida marina. <\/b>Este periodo de descanso marca el cierre de un ciclo para la tenista, quien busca iniciar 2026 renovada tras haber logrado\u00a0<b>un nuevo t\u00edtulo de Grand Slam <\/b>(US Open) y haber consolidado su posici\u00f3n como n\u00famero uno del mundo por segundo a\u00f1o consecutivo.<\/p>\n<p class=\"paragraph\">Cabe recordar que antes de disputar las Finales de la WTA,\u00a0<b>Aryna Sabalenka<\/b>\u00a0<a rel=\"noopener noreferrer nofollow\" href=\"https:\/\/www.infobae.com\/deportes\/2025\/10\/21\/el-album-de-fotos-del-viaje-que-compartieron-dos-estrellas-del-tenis-en-dubai-amo-a-esta-chica\/\" target=\"_blank\" title=\"https:\/\/www.infobae.com\/deportes\/2025\/10\/21\/el-album-de-fotos-del-viaje-que-compartieron-dos-estrellas-del-tenis-en-dubai-amo-a-esta-chica\/\">comparti\u00f3 unas vacaciones en Dub\u00e1i<\/a> con la tenista espa\u00f1ola\u00a0<b>Paula Badosa<\/b>. Durante ese encuentro, ambas deportistas publicaron mensajes y fotograf\u00edas en redes sociales que mostraron una relaci\u00f3n de amistad forjada m\u00e1s all\u00e1 de la competencia profesional. Disfrutaron de cenas, jornadas de piscina y paseos por la playa en el Hotel Atlantis The Royal, acompa\u00f1ando las im\u00e1genes con frases como \u201cUn d\u00eda de chicas muy necesario con mi mejor amiga\u201d y \u201cTe amo\u201d.<\/p>\n<p><img alt=\"(Fuente)\" class=\"global-image\" decoding=\"async\" fetchpriority=\"low\" height=\"1063\" loading=\"lazy\" src=\"https:\/\/www.europesays.com\/es\/wp-content\/uploads\/2025\/11\/4AF2QVYWM5AN5G5FCWTJ7Q7M3A.jpg\" width=\"1889\"\/>(Fuente)<img alt=\"(Fuente)\" class=\"global-image\" decoding=\"async\" fetchpriority=\"low\" height=\"2555\" loading=\"lazy\" src=\"https:\/\/www.europesays.com\/es\/wp-content\/uploads\/2025\/11\/7XB7HOGECJAI7IDAPVB7L6MCIQ.jpg\" width=\"1920\"\/>(Fuente)<img alt=\"(Fuente)\" class=\"global-image\" decoding=\"async\" fetchpriority=\"low\" height=\"2560\" loading=\"lazy\" src=\"https:\/\/www.europesays.com\/es\/wp-content\/uploads\/2025\/11\/L52VVQJUWRDCHLPFDGEDVSAAG4.jpg\" width=\"1920\"\/>(Fuente)<img alt=\"(Fuente)\" class=\"global-image\" decoding=\"async\" fetchpriority=\"low\" height=\"2560\" loading=\"lazy\" src=\"https:\/\/www.europesays.com\/es\/wp-content\/uploads\/2025\/11\/YSSKGBREBNDLHBYYCGKGXI33UE.jpg\" width=\"1920\"\/>(Fuente)<img alt=\"(Fuente)\" class=\"global-image\" decoding=\"async\" fetchpriority=\"low\" height=\"2560\" loading=\"lazy\" src=\"https:\/\/www.europesays.com\/es\/wp-content\/uploads\/2025\/11\/BX25L3KXGJCCLIFJ5HBIRR4E54.jpg\" width=\"1920\"\/>(Fuente)<img alt=\"(Fuente)\" class=\"global-image\" decoding=\"async\" fetchpriority=\"low\" height=\"2560\" loading=\"lazy\" src=\"https:\/\/www.europesays.com\/es\/wp-content\/uploads\/2025\/11\/SAC44EVOINGJ5KASOYNR6WWTHA.jpg\" width=\"1920\"\/>(Fuente)<img alt=\"(Fuente)\" class=\"global-image\" decoding=\"async\" fetchpriority=\"low\" height=\"2560\" loading=\"lazy\" src=\"https:\/\/www.europesays.com\/es\/wp-content\/uploads\/2025\/11\/IPQ3BJUJ7RGF3GZWYF65E6SEDE.jpg\" width=\"1920\"\/>(Fuente)<img alt=\"(Fuente)\" class=\"global-image\" decoding=\"async\" fetchpriority=\"low\" height=\"2560\" loading=\"lazy\" src=\"https:\/\/www.europesays.com\/es\/wp-content\/uploads\/2025\/11\/B55GBIDKHVCHBLI557YTKQR3V4.jpg\" width=\"1920\"\/>(Fuente)<\/p>\n","protected":false},"excerpt":{"rendered":"Sabalenka nad\u00f3 con tiburones La tenista bielorrusa\u00a0Aryna Sabalenka\u00a0protagoniz\u00f3\u00a0una experiencia inusual durante sus vacaciones en las islas Maldivas\u00a0al grabar&hellip;\n","protected":false},"author":2,"featured_media":239542,"comment_status":"","ping_status":"","sticky":false,"template":"","format":"standard","meta":{"footnotes":""},"categories":[274],"tags":[168,25,24,2148,23,3020,167,327,326,5512],"class_list":{"0":"post-239541","1":"post","2":"type-post","3":"status-publish","4":"format-standard","5":"has-post-thumbnail","7":"category-tenis","8":"tag-deportes","9":"tag-es","10":"tag-espana","11":"tag-middle-east","12":"tag-spain","13":"tag-sport","14":"tag-sports","15":"tag-tenis","16":"tag-tennis","17":"tag-tensid"},"share_on_mastodon":{"url":"https:\/\/pubeurope.com\/@es\/115560933695501346","error":""},"_links":{"self":[{"href":"https:\/\/www.europesays.com\/es\/wp-json\/wp\/v2\/posts\/239541","targetHints":{"allow":["GET"]}}],"collection":[{"href":"https:\/\/www.europesays.com\/es\/wp-json\/wp\/v2\/posts"}],"about":[{"href":"https:\/\/www.europesays.com\/es\/wp-json\/wp\/v2\/types\/post"}],"author":[{"embeddable":true,"href":"https:\/\/www.europesays.com\/es\/wp-json\/wp\/v2\/users\/2"}],"replies":[{"embeddable":true,"href":"https:\/\/www.europesays.com\/es\/wp-json\/wp\/v2\/comments?post=239541"}],"version-history":[{"count":0,"href":"https:\/\/www.europesays.com\/es\/wp-json\/wp\/v2\/posts\/239541\/revisions"}],"wp:featuredmedia":[{"embeddable":true,"href":"https:\/\/www.europesays.com\/es\/wp-json\/wp\/v2\/media\/239542"}],"wp:attachment":[{"href":"https:\/\/www.europesays.com\/es\/wp-json\/wp\/v2\/media?parent=239541"}],"wp:term":[{"taxonomy":"category","embeddable":true,"href":"https:\/\/www.europesays.com\/es\/wp-json\/wp\/v2\/categories?post=239541"},{"taxonomy":"post_tag","embeddable":true,"href":"https:\/\/www.europesays.com\/es\/wp-json\/wp\/v2\/tags?post=239541"}],"curies":[{"name":"wp","href":"https:\/\/api.w.org\/{rel}","templated":true}]}}