{"id":239546,"date":"2025-11-16T19:08:09","date_gmt":"2025-11-16T19:08:09","guid":{"rendered":"https:\/\/www.europesays.com\/es\/239546\/"},"modified":"2025-11-16T19:08:09","modified_gmt":"2025-11-16T19:08:09","slug":"isa-pantoja-e-irene-rosales-ponen-tierra-de-por-medio-tras-la-entrevista-de-kiko-rivera-hablando-de-ellas","status":"publish","type":"post","link":"https:\/\/www.europesays.com\/es\/239546\/","title":{"rendered":"Isa Pantoja e Irene Rosales ponen tierra de por medio tras la entrevista de Kiko Rivera hablando de ellas"},"content":{"rendered":"<p class=\"v-mdl-ath__p v-mdl-ath__p--6\">\nDomingo, 16 de noviembre 2025, 14:35<\/p>\n<p class=\"v-p\">Kiko Rivera interesa. Al menos, as\u00ed lo respaldan los n\u00fameros, despu\u00e9s de que la entrevista del DJ en el plat\u00f3 de &#8216;\u00a1De viernes!&#8217; lograra imponerse por segunda semana consecutiva a &#8216;La Voz&#8217; con un 14,3% de cuota y 1.127.000 espectadores frente al 12,3% y poco m\u00e1s de un mill\u00f3n de espectadores del concurso musical. Unas cifras que validan la suspensi\u00f3n del veto al que Mediaset hab\u00eda sometido al hijo de Isabel Pantoja durante los \u00faltimos cinco a\u00f1os. Hasta el punto de que ya se habla de nuevos programas en los que el exmarido de Irene Rosales ser\u00e1 el protagonista. Mientras, tanto Irene Rosales como Isa Pantoja han decidido poner tierra de por medio tras la \u00faltima aparici\u00f3n televisiva de Kiko. <\/p>\n<p class=\"v-p\">Isa, a quien vimos llorando hace unos d\u00edas durante el rodaje de &#8216;Deco Masters&#8217;, concurso de decoraci\u00f3n e interiorismo en el que est\u00e1 participando con su marido, Asraf Beno, ha hecho una escapada a la localidad segoviana de Pedraza, donde ha disfrutado del fr\u00edo oto\u00f1o castellano. \u00abPerderse por Pedraza para encontrarme un poquito m\u00e1s. Justo lo que necesitaba\u00bb, ha reflexionado. <\/p>\n<p class=\"v-p\">Sin embargo, sus seguidores han puesto el acento en la m\u00fasica con la que ha acompa\u00f1ado la imagen, &#8216;La perla&#8217;, del \u00faltimo trabajo de Rosal\u00eda. Una canci\u00f3n dedicada a un hombre al que la artista catalana define como \u00abterrorista emocional\u00bb, \u00abel mayor desastre mundial\u00bb y una \u00abperla\u00bb de la que \u00abnadie se f\u00eda\u00bb. Unos versos que se han interpretado como una indirecta destinada a su hermano Kiko quien, en su intervenci\u00f3n del pasado viernes, volvi\u00f3 a pedir perd\u00f3n a su hermana. \u00abMe gustar\u00eda pedirle disculpas a la cara por todos esos episodios feos\u2026 No estuve a la altura de nada, quiz\u00e1s ni como hermano ni como hijo\u00bb, dijo.<\/p>\n<p class=\"v-p\">El Dj no pudo contener las l\u00e1grimas al hablar del \u00abepisodio horrible\u00bb de la manguera con la que reg\u00f3 a su hermana cuando supo que ella hab\u00eda mantenido sus primeras relaciones sexuales. \u00abEstamos solos y el tiempo pasa r\u00e1pido y la necesito. Joder, la necesito\u00bb, dijo sobre ella. <\/p>\n<p class=\"v-p\">Tambi\u00e9n ha viajado Irene Rosales que, horas despu\u00e9s de que su marido contara en televisi\u00f3n que dorm\u00edan separados y que se enter\u00f3 de su nueva ilusi\u00f3n por televisi\u00f3n, aunque ese mismo d\u00eda ella le inform\u00f3 por un mensaje, subi\u00f3 una fotograf\u00eda en Instagram en la que aparece su actual pareja, Guillermo, junto a una ventanilla de avi\u00f3n con el mensaje: \u00abDonde el cielo toca la calma\u00bb. M\u00e1s tarde, ha sido el empresario sevillano quien ha publicado un autorretrato de la pareja disfrutando de una taza de caf\u00e9 en su destino.<\/p>\n<p class=\"v-p\">Kiko Rivera defendi\u00f3 en todo momento su felicidad e incluso relativiz\u00f3 la posibilidad de que ella hubiera empezado su romance antes de que dieran por terminado su matrimonio porque, para entonces, \u00abya estaba roto\u00bb. <\/p>\n<p class=\"v-p\">Ni siquiera ha dudado en defender a la madre de sus hijas ante los supuestos ataques que podr\u00eda haber recibido de Isabel Pantoja. \u00abMi madre deber\u00eda mirarse al espejo antes de hablar mal\u00a0de Irene. Me parece bochornoso\u00bb, ha dicho al tiempo que la ha acusado de ser \u00abuna persona cegada por el dinero\u00bb. \u00abLo sit\u00faa por encima de sus hijos\u00bb, ha afirmado. \u00abNecesita ayuda psicol\u00f3gica urgentemente. Que se d\u00e9 cuenta de que no es el ombligo del mundo, que no todo el mundo va en contra de ella y que entienda que no siempre tiene la raz\u00f3n.\u00a0No quiero m\u00e1s guerras\u00bb, ha sentenciado. <\/p>\n<p class=\"v-p\">No sabemos si la tonadillera ha visto este mensaje de su hijo, aunque lo que ha trascendido hasta el momento es que ni ha visto las entrevistas ni quiere saber su contenido. De hecho, no querr\u00eda ni escuchar el nombre de Kiko Rivera. Lo que s\u00ed que ha hecho es un gesto p\u00fablico en Instagram, donde ha publicado una imagen del cartel promocional de su gira de 50 aniversario que ha recibido el &#8216;me gusta&#8217; de su sobrina Anabel. Eso s\u00ed, con los comentarios restringidos para evitar cualquier pol\u00e9mica a\u00f1adida. <\/p>\n<p class=\"v-p\">En definitiva, el clan Pantoja parece que ha vuelto a la actualidad para quedarse tras la separaci\u00f3n de Kiko Rivera e Irene Rosales, con los dos cubriendo su cuota de pantalla, cada uno en una de las cadenas privadas. <\/p>\n<p>Reporta un error<\/p>\n","protected":false},"excerpt":{"rendered":"Domingo, 16 de noviembre 2025, 14:35 Kiko Rivera interesa. Al menos, as\u00ed lo respaldan los n\u00fameros, despu\u00e9s de&hellip;\n","protected":false},"author":2,"featured_media":239547,"comment_status":"","ping_status":"","sticky":false,"template":"","format":"standard","meta":{"footnotes":""},"categories":[174],"tags":[255,146,147,3141,25,24,256,10800,8363,10460,3523,697,10878,15611,10787,21307,23,1934,575],"class_list":{"0":"post-239546","1":"post","2":"type-post","3":"status-publish","4":"format-standard","5":"has-post-thumbnail","7":"category-famosos","8":"tag-celebrities","9":"tag-entertainment","10":"tag-entretenimiento","11":"tag-entrevista","12":"tag-es","13":"tag-espana","14":"tag-famosos","15":"tag-hablando","16":"tag-irene","17":"tag-isa","18":"tag-kiko","19":"tag-medio","20":"tag-pantoja","21":"tag-ponen","22":"tag-rivera","23":"tag-rosales","24":"tag-spain","25":"tag-tierra","26":"tag-tras"},"share_on_mastodon":{"url":"https:\/\/pubeurope.com\/@es\/115560953074346586","error":""},"_links":{"self":[{"href":"https:\/\/www.europesays.com\/es\/wp-json\/wp\/v2\/posts\/239546","targetHints":{"allow":["GET"]}}],"collection":[{"href":"https:\/\/www.europesays.com\/es\/wp-json\/wp\/v2\/posts"}],"about":[{"href":"https:\/\/www.europesays.com\/es\/wp-json\/wp\/v2\/types\/post"}],"author":[{"embeddable":true,"href":"https:\/\/www.europesays.com\/es\/wp-json\/wp\/v2\/users\/2"}],"replies":[{"embeddable":true,"href":"https:\/\/www.europesays.com\/es\/wp-json\/wp\/v2\/comments?post=239546"}],"version-history":[{"count":0,"href":"https:\/\/www.europesays.com\/es\/wp-json\/wp\/v2\/posts\/239546\/revisions"}],"wp:featuredmedia":[{"embeddable":true,"href":"https:\/\/www.europesays.com\/es\/wp-json\/wp\/v2\/media\/239547"}],"wp:attachment":[{"href":"https:\/\/www.europesays.com\/es\/wp-json\/wp\/v2\/media?parent=239546"}],"wp:term":[{"taxonomy":"category","embeddable":true,"href":"https:\/\/www.europesays.com\/es\/wp-json\/wp\/v2\/categories?post=239546"},{"taxonomy":"post_tag","embeddable":true,"href":"https:\/\/www.europesays.com\/es\/wp-json\/wp\/v2\/tags?post=239546"}],"curies":[{"name":"wp","href":"https:\/\/api.w.org\/{rel}","templated":true}]}}