{"id":239548,"date":"2025-11-16T19:09:10","date_gmt":"2025-11-16T19:09:10","guid":{"rendered":"https:\/\/www.europesays.com\/es\/239548\/"},"modified":"2025-11-16T19:09:10","modified_gmt":"2025-11-16T19:09:10","slug":"hazme-sonreir-exhibe-en-telde-la-fuerza-emotiva-de-la-fotografia","status":"publish","type":"post","link":"https:\/\/www.europesays.com\/es\/239548\/","title":{"rendered":"&#8216;Hazme Sonre\u00edr&#8217; exhibe en Telde la fuerza emotiva de la fotograf\u00eda"},"content":{"rendered":"<p style=\"text-align:justify;\">La XI Muestra Fotogr\u00e1fica Hazme Sonre\u00edr, organizada por la Asociaci\u00f3n Enfoques Photoart, abri\u00f3 sus puertas este viernes en el C\u00edrculo Cultural de Telde con una propuesta luminosa y humana: capturar instantes capaces de arrancar una sonrisa. La inauguraci\u00f3n, enmarcada en las fiestas de San Gregorio, reuni\u00f3 a autores, socios y p\u00fablico en un encuentro que reivindic\u00f3 la creatividad, la emoci\u00f3n y la fuerza expresiva de la fotograf\u00eda como forma de preservar recuerdos y celebrar la vida.<\/p>\n<p style=\"text-align:justify;\">\u00a0<\/p>\n<p style=\"text-align:center;\"><strong>Cr\u00f3nica de la inauguraci\u00f3n de la exposici\u00f3n fotogr\u00e1fica<\/strong><\/p>\n<p style=\"text-align:center;\"><strong>Por\u00a0 Jes\u00fas Ruiz Mesa, colaborador cultural de TELDEACTUALIDAD<\/strong><\/p>\n<p style=\"text-align:justify;\">Por San Gregorio en sus fiestas patronales y programa popular nos vemos en nueva cita con el mensaje fotogr\u00e1fico de una muestra que ya cumpliendo su XI edici\u00f3n, con el t\u00edtulo Hazme Sonre\u00edr nos presentan la otra cara de la imagen que muchas veces echamos en falta, la sencillez, espontaneidad y sincera sonrisa que no solo nos lleve a la reflexi\u00f3n, sino con la primera mirada nos devuelve al observador un motivo para sonre\u00edr. Y en la tarde del viernes 14 en el C\u00edrculo Cultura de Telde lo pudimos comprobar en la inauguraci\u00f3n de la XI Exposici\u00f3n de la Asociaci\u00f3n Fotogr\u00e1fica Enfoques Photoart.<\/p>\n<p style=\"text-align:justify;\">\u00a0<\/p>\n<p style=\"text-align:justify;\">La presidenta de la Asociaci\u00f3n Chuchi P\u00e9rez Espino en su intervenci\u00f3n destac\u00f3 que esta Muestra ya conforma la n\u00famero once en relaci\u00f3n al paso del tiempo, y en la exclamaci\u00f3n de c\u00f3mo pasa el tiempo, no estar\u00eda de m\u00e1s y como sugerencia una perspectiva gr\u00e1fica sobre la fugacidad y la inexorabilidad del tiempo, seguro que los excelentes, ya no me atrever\u00eda a calificarles de aficionados, sino profesionales que integran Enfoques dentro de la variedad de temas expuestos que nos han ofrecido en sus exposiciones pensaran en la de tempus fugit, imaginaci\u00f3n, creatividad e inspiraci\u00f3n y calidad han demostrado.<\/p>\n<p style=\"text-align:justify;\">\u00a0<\/p>\n<p style=\"text-align:justify;\">La Asociaci\u00f3n Fotogr\u00e1fica Enfoques Photoart en este 2025 ya guarda en la memoria de sus trabajos y de sus componentes desde su fundaci\u00f3n en 2015, el resultado de una vocaci\u00f3n art\u00edstica reflejada en la afici\u00f3n por la creatividad fotogr\u00e1fica como bien expresa su presidenta, Jes\u00fas del Carmen P\u00e9rez Espino, al abrir el acto dando la bienvenida y agradeciendo las colaboraciones:<\/p>\n<p style=\"text-align:justify;\">\u00a0<\/p>\n<p style=\"text-align:justify;\">\u201cA todos bienvenidos a esta nueva exposici\u00f3n de la Asociaci\u00f3n Fotogr\u00e1fica Enfoques Photoart. Contentos de su asistencia agradecemos la presencia y gran apoyo que tenemos de nuestro alcalde Juan Antonio Pe\u00f1a, a Juan Francisco Jim\u00e9nez miembro de la Corporaci\u00f3n, es un placer su asistencia y a Miguel \u00c1ngel Rodr\u00edguez concejal de festejos, ocio y deporte que ha hecho posible que expongamos en la Plaza, el s\u00e1bado, domingo, hasta el lunes a las 12:00. Agradecer el apoyo del C\u00edrculo Cultural de Telde y a su presidente Juan Francisco Padr\u00f3n Rivero, que continua lo que se empez\u00f3 en su momento la anterior directiva del C\u00edrculo Cultural.<\/p>\n<p style=\"text-align:justify;\">\u00a0<\/p>\n<p style=\"text-align:justify;\">En otros aspectos me gustar\u00eda agradecer el trabajo extra que han tenido dos de nuestras compa\u00f1eras de equipo, Leonor Sosa y Fefi Cabrera, por ser este a\u00f1o las comisarias de la exposici\u00f3n que se han encargado del trabajo y organizaci\u00f3n que conlleva esta exposici\u00f3n. No me puedo olvidar de Riccardo Pareschi compa\u00f1ero que, lejos desde Italia, siempre ayuda en todo lo que puede, y esto no saldr\u00eda adelante sino es por todo el equipo de Enfoques y nuestro agradecimiento a todos.<\/p>\n<p style=\"text-align:justify;\">\u00a0<\/p>\n<p style=\"text-align:justify;\">Ya son once las exposiciones que venimos preparando desde principios de a\u00f1o para tener en estas fiestas de San Gregorio nuestra exposici\u00f3n. Veo aqu\u00ed caras conocidas, amigos, familiares, que nos vemos cada a\u00f1o y desde entonces Enfoques ha cambiado, compa\u00f1eros que han volado por sus propios medios y proyectos, Enfoques les sirvi\u00f3 como plataforma y ahora para hacer cosas nuevas trabajan por s\u00ed mismos. Aunque tenemos sangre nueva desde enero compa\u00f1eros que se han incorporado al grupo. Realizamos un viaje fotogr\u00e1fico a Asturias con Sen\u00e9n Cadenas, fot\u00f3grafo reconocido, para trabajar la fotograf\u00eda paisaj\u00edstica. Hemos colaborado con el Ayuntamiento y preparado un concurso, talleres, salidas mensuales, etc, tenemos un grupo vivo que empez\u00f3 con seis personas y hoy ya contamos 26.<\/p>\n<p style=\"text-align:justify;\">\u00a0<\/p>\n<p style=\"text-align:justify;\">Enfoques ha expuesto en la iglesia hospitalaria de San pedro M\u00e1rtir de Verona de Telde, en la Biblioteca P\u00fablica del Estado de Las Palmas de Gran Canaria, y en la sala de exposiciones de la Casa Museo Le\u00f3n y Castillo, el compa\u00f1ero de Enfoques, Jos\u00e9 Molina Artiles que expone su magn\u00edfica muestra individual con el t\u00edtulo Islas Malvinas. Mundo ind\u00f3mito, im\u00e1genes de una belleza y sensibilidad entra\u00f1ables, en un recorrido fotogr\u00e1fico del entorno marino y fauna salvaje donde el autor se recrea en el escenario natural de aquellas islas, \u00a0\u00a0<\/p>\n<p style=\"text-align:justify;\">\u00a0<\/p>\n<p style=\"text-align:justify;\">Estamos ante la exposici\u00f3n Hazme sonre\u00edr, t\u00edtulo subjetivo como subjetivas son las fotograf\u00edas en los temas y, sobre todo, en las colectivas cada uno interpreta el tema a su manera, pueden gustar, m\u00e1s o menos, pero son interpretaciones personales a respetar. En esta muestra espero que les guste y sepan captar el humor, y manifestar por la forma de pensar de cada uno las fotograf\u00edas que exponemos. Disfruten la exposici\u00f3n. Cedo la palabra a la comisaria de la muestra Leonor Sosa. Gracias\u201d. \u00a0\u00a0\u00a0<\/p>\n<p style=\"text-align:justify;\">\u00a0<\/p>\n<p style=\"text-align:justify;\">Leonor Sosa expresa: \u201cEn esta XI muestra fotogr\u00e1fica cuyo tema y t\u00edtulo es Hazme Sonre\u00edr nace de que entre nosotros mismos cada a\u00f1o escogemos el tema de la exposici\u00f3n y con cada tema el trabajo nos ha hecho crear, compartir, apoyarnos, aprender y\u00a0 sobre todo, retarnos a crear, porque este mundo tan cambiante, de inmediatez y automatismos, intentamos mostrar que hay momentos que pueden no ser ef\u00edmeros , que los podemos capturar, hay quien piensa que la fotograf\u00eda solo expresa una realidad tangible o que s\u00f3lo se adapta a la realidad, aqu\u00ed vamos a tener una muestra clara de que no es as\u00ed, que a veces la fotograf\u00eda crea.\u00a0<\/p>\n<p style=\"text-align:justify;\">\u00a0<\/p>\n<p style=\"text-align:justify;\">As\u00ed vemos que las emociones y sentimientos como la felicidad, el cari\u00f1o, la confianza se pueden plasmar en una foto, en una foto que perdure, aunque el tiempo pase y aunque los recuerdos se borren. Cuando pensamos en los seres que se nos han ido tenemos en su foto su presencia. Y esto es lo que se pretende en esta muestra disfrutar de estos momentos que nos hacen sonre\u00edr, disfrutar de la vida queden plasmados.<\/p>\n<p style=\"text-align:justify;\">\u00a0<\/p>\n<p style=\"text-align:justify;\">Aunque como dicen la procesi\u00f3n va por dentro y se buscaron motivos para sonre\u00edr, compa\u00f1eros lograron captar im\u00e1genes que nos hacen sonre\u00edr como son la expresi\u00f3n de una alegr\u00eda que escucha una m\u00fasica y se pone a bailar, disfrutar de una fiesta t\u00edpica o que recuerda los juguetes o dulces de su propia infancia o alguien querido, la ternura de una ni\u00f1a con mirada p\u00edcara que siente la seguridad de las manos de un adulto o qui\u00e9n hace un gui\u00f1o al pasado con un libro que le marc\u00f3. La sonrisa que dibujaban d\u00eda tras d\u00eda nuestros animalitos de compa\u00f1\u00eda, nuestras mascotas que hemos llegado hasta humanizar. Este es nuestra idea buscar un motivo para sonre\u00edr. Agradezco el apoyo de Fefi Cabrera para la realizaci\u00f3n de la exposici\u00f3n. Gracias\u201d.<\/p>\n<p style=\"text-align:justify;\">\u00a0<\/p>\n<p style=\"text-align:justify;\">Exponen: Antonio Mateo Alem\u00e1n Gil.\u00a0 Fefi Cabrera Casimiro. Irene Delgado Luzardo. Fernando Galindo Rodr\u00edguez. Eugenio Gil Quintana. Jos\u00e9 Molina Artiles. Pilar Moros Gil. Riccardo Pareschi Malaguti.\u00a0 Chuchi P\u00e9rez Espino. Pia Poccia. Ana Rivero Jim\u00e9nez.\u00a0 Luc\u00eda Rodr\u00edguez. Gianfranco Rosini. Jos\u00e9 Miguel Ruiz Cruz. Ra\u00fal Santana. Leonor Sosa Aparicio. Sari Tudisco Meli\u00e1n.\u00a0<\/p>\n<p style=\"text-align:justify;\">\u00a0<\/p>\n<p style=\"text-align:justify;\">Finalizado el acto con la foto de familia de los componentes de Enfoques, a la vista sus trabajos para hacer memorable la visita y con la sonrisa en los labios y a flor de piel, brindar por el \u00e9xito obtenido y desear lo mejor en esta maravillosa aventura de, a un segundo del disparo de la c\u00e1mara, sentir emociones, sentimientos, recuerdos, sonrisas, historias, reflexiones y todo lo que en una imagen nos lleve a captar y custodiar nuestras propias memorias. Enhorabuena. Gracias.<\/p>\n<p style=\"text-align:justify;\">\u00a0<\/p>\n<p style=\"text-align:justify;\">\u201cAnte m\u00ed la luz del mundo, lejan\u00eda del cosmos, \/ un clic y mi c\u00e1mara recoge en su seno su color, \/ un instante del tiempo que inexorable discurre, \/ un momento de vida, un irrepetible segundo. \/ La est\u00e1tica fracci\u00f3n de un respiro en el universo, \/ tu ojo detr\u00e1s de la lente el latir del tiempo retiene, \/ una imagen, un gesto, una sensaci\u00f3n, un movimiento, \/ el presente inmediato en el objetivo sin medida inmerso. \/ Mil palabras de un relato en una foto impresionada, \/ un espejo y la sincera respuesta de lo que refleja, \/ mi otro yo, y mi mirada en el escenario expectante, \/ mil fronteras y horizontes ante el visor dibujadas. \/ (del poema Detr\u00e1s del visor del autor del reportaje)<\/p>\n<p style=\"text-align:justify;\">\u00a0<\/p>\n<p style=\"text-align:justify;\"><a href=\"https:\/\/www.flickr.com\/photos\/teldeactualidad1\/54928009530\/in\/album-72177720330110557\" rel=\"nofollow noopener\" target=\"_blank\"><strong>Reportaje gr\u00e1fico de la inaugraci\u00f3n de la exposici\u00f3n de Enfoques PhotoArt<\/strong><\/a><\/p>\n","protected":false},"excerpt":{"rendered":"La XI Muestra Fotogr\u00e1fica Hazme Sonre\u00edr, organizada por la Asociaci\u00f3n Enfoques Photoart, abri\u00f3 sus puertas este viernes en&hellip;\n","protected":false},"author":2,"featured_media":239549,"comment_status":"","ping_status":"","sticky":false,"template":"","format":"standard","meta":{"footnotes":""},"categories":[173],"tags":[61796,229,233,231,230,232,234,146,147,25,24,23],"class_list":{"0":"post-239548","1":"post","2":"type-post","3":"status-publish","4":"format-standard","5":"has-post-thumbnail","7":"category-arte-y-diseno","8":"tag-telde-cultura-fotografia-enfoquesphotoart-hazmesonreir-sangregorio-arte-exposiciones-grancanaria-actualidad","9":"tag-arte","10":"tag-arte-y-diseno","11":"tag-arts","12":"tag-arts-and-design","13":"tag-design","14":"tag-diseno","15":"tag-entertainment","16":"tag-entretenimiento","17":"tag-es","18":"tag-espana","19":"tag-spain"},"share_on_mastodon":{"url":"https:\/\/pubeurope.com\/@es\/115560956730578498","error":""},"_links":{"self":[{"href":"https:\/\/www.europesays.com\/es\/wp-json\/wp\/v2\/posts\/239548","targetHints":{"allow":["GET"]}}],"collection":[{"href":"https:\/\/www.europesays.com\/es\/wp-json\/wp\/v2\/posts"}],"about":[{"href":"https:\/\/www.europesays.com\/es\/wp-json\/wp\/v2\/types\/post"}],"author":[{"embeddable":true,"href":"https:\/\/www.europesays.com\/es\/wp-json\/wp\/v2\/users\/2"}],"replies":[{"embeddable":true,"href":"https:\/\/www.europesays.com\/es\/wp-json\/wp\/v2\/comments?post=239548"}],"version-history":[{"count":0,"href":"https:\/\/www.europesays.com\/es\/wp-json\/wp\/v2\/posts\/239548\/revisions"}],"wp:featuredmedia":[{"embeddable":true,"href":"https:\/\/www.europesays.com\/es\/wp-json\/wp\/v2\/media\/239549"}],"wp:attachment":[{"href":"https:\/\/www.europesays.com\/es\/wp-json\/wp\/v2\/media?parent=239548"}],"wp:term":[{"taxonomy":"category","embeddable":true,"href":"https:\/\/www.europesays.com\/es\/wp-json\/wp\/v2\/categories?post=239548"},{"taxonomy":"post_tag","embeddable":true,"href":"https:\/\/www.europesays.com\/es\/wp-json\/wp\/v2\/tags?post=239548"}],"curies":[{"name":"wp","href":"https:\/\/api.w.org\/{rel}","templated":true}]}}