{"id":239550,"date":"2025-11-16T19:11:10","date_gmt":"2025-11-16T19:11:10","guid":{"rendered":"https:\/\/www.europesays.com\/es\/239550\/"},"modified":"2025-11-16T19:11:10","modified_gmt":"2025-11-16T19:11:10","slug":"un-grupo-empresario-liderado-por-el-argentino-tomas-yankelevich-le-compro-la-cadena-chilevision-a-paramount","status":"publish","type":"post","link":"https:\/\/www.europesays.com\/es\/239550\/","title":{"rendered":"Un grupo empresario liderado por el argentino Tom\u00e1s Yankelevich le compr\u00f3 la cadena Chilevisi\u00f3n a Paramount"},"content":{"rendered":"<p><img alt=\"\" class=\"global-image\" decoding=\"async\" fetchpriority=\"high\" height=\"1080\" loading=\"eager\" src=\"https:\/\/www.europesays.com\/es\/wp-content\/uploads\/2025\/11\/GTYPRGNU7RHLZFQFF4M5J76LRY.jpg\" width=\"1920\"\/><\/p>\n<p class=\"paragraph\"><b>Vytal Group<\/b>, un holding liderado por el empresario argentino de medios <b>Tom\u00e1s Yankelevich<\/b>, acord\u00f3 en las \u00faltimas horas con la compa\u00f1\u00eda norteamericana <b>Paramount <\/b>la adquisici\u00f3n de la cadena <b>Chilevisi\u00f3n<\/b>, seg\u00fan reportaron la agencia de noticias Reuters y medios chilenos.<\/p>\n<p class=\"paragraph\">Las primeras versiones indican que Paramount se desprender\u00e1 de sus operaciones en Chile a cambio de unos <b>US$ 30 millones<\/b>, de manera que as\u00ed se cerrar\u00eda un proceso de desinversi\u00f3n que comenz\u00f3 un a\u00f1o atr\u00e1s y que es parte de la redefinici\u00f3n de los negocios de la empresa estadounidense en Am\u00e9rica Latina.<\/p>\n<p class=\"paragraph\">Seg\u00fan medios locales, el empresario chileno<b> Jorge Carey<\/b> se convertir\u00e1 en el CEO del canal de TV abierta y ser\u00e1 el referente de Vytal Group en ese pa\u00eds; <b>se trata de un holding con sede en Reino Unido sobre el que Tom\u00e1s Yankelevich posee el 75%, <\/b>y el resto est\u00e1 repartido entre los chilenos <b>Edgar Spielmann <\/b>y el propio Carey, actual propietario de <b>CNN Chile<\/b>. <\/p>\n<p class=\"paragraph\">\u201cParamount ha llegado a un acuerdo para vender nuestra se\u00f1al de televisi\u00f3n abierta en Chile, Chilevisi\u00f3n, a Vytal Group LTD. El comprador es un holding controlado por Tom\u00e1s Yankelevich, quien junto a Jorge Carey y Edgar Spielmann liderar\u00e1n el proyecto\u201d, inform\u00f3 el comunicado de <b>Paramount Skydance<\/b> firmado por su presidente, <b>Kevin MacLellan<\/b>.<\/p>\n<p class=\"paragraph\">La operaci\u00f3n ahora est\u00e1 sujeta a las condiciones de cierre habituales y a las aprobaciones regulatorias en Chile por la Fiscal\u00eda Nacional Econ\u00f3mica (FNE).<\/p>\n<p class=\"paragraph\">La desinversi\u00f3n de Paramount en Latinoam\u00e9rica incluye <a rel=\"noopener noreferrer nofollow\" href=\"https:\/\/www.infobae.com\/economia\/2025\/10\/23\/un-grupo-empresario-encabezado-por-gustavo-scaglione-es-el-nuevo-dueno-de-telefe\/\" target=\"_blank\" title=\"https:\/\/www.infobae.com\/economia\/2025\/10\/23\/un-grupo-empresario-encabezado-por-gustavo-scaglione-es-el-nuevo-dueno-de-telefe\/\"><b>la venta de Telef\u00e9<\/b><\/a> en Argentina en octubre pasado, una transacci\u00f3n que se concret\u00f3 por US$ 95 millones.<\/p>\n<p><img alt=\"El argentino Tom\u00e1s Yankelevich adquiri\u00f3\" class=\"global-image\" decoding=\"async\" fetchpriority=\"low\" height=\"1080\" loading=\"lazy\" src=\"https:\/\/www.europesays.com\/es\/wp-content\/uploads\/2025\/11\/6F665QPM6RCYTNTT5O7MG2OUU4.jpg\" width=\"1920\"\/>El argentino Tom\u00e1s Yankelevich adquiri\u00f3 Chilevisi\u00f3n. Foto: Infobae<\/p>\n<p class=\"paragraph\">Chilevisi\u00f3n fue la siguiente operaci\u00f3n por definir. En ese sentido MacLellan explic\u00f3 que \u201cambas transacciones <b>reflejan nuestro cambio estrat\u00e9gico en Am\u00e9rica Latina<\/b>, mientras continuamos evolucionando nuestro portafolio global y enfoc\u00e1ndonos en aquellas \u00e1reas con mayor potencial de crecimiento a largo plazo\u201d.<\/p>\n<p class=\"paragraph\">Paramount abri\u00f3 un proceso para desprenderse de Chilevisi\u00f3n que se cerr\u00f3 el 11 de septiembre. <b>Hab\u00eda recibido tres ofertas<\/b>. La primera integrada por V\u00eda X, Zona Latina, ARTV, Luis Venegas, con el exdirector ejecutivo de Canal 13, Javier Urrutia, que fue la que corr\u00eda con ventajas.<\/p>\n<p class=\"paragraph\">La otra oferta fue propuesta por Yankelevich, ejecutivo de contenidos y de entretenimiento de Turner en Am\u00e9rica. Y la tercera estuvo liderada por el actual controlador de CNN Chile, con Spielmann, exejecutivo de Fox Latinoam\u00e9rica, m\u00e1s un fondo norteamericano. La uni\u00f3n de estas dos \u00faltimas propuestas dej\u00f3 la oferta m\u00e1s competitiva en el camino.<\/p>\n<p class=\"paragraph\">Seg\u00fan medios chilenos, originalmente,<b> Tom\u00e1s Yankelevich hab\u00eda intentado adquirir Telefe y Chilevisi\u00f3n conjuntamente<\/b>, participando en las negociaciones con Paramount, pero su propuesta fue rechazada.<\/p>\n<p><img alt=\"Paramount inici\u00f3 un proceso de\" class=\"global-image\" decoding=\"async\" fetchpriority=\"low\" height=\"2000\" loading=\"lazy\" src=\"https:\/\/www.europesays.com\/es\/wp-content\/uploads\/2025\/11\/2GJL4X4FOJHCZB7PB2OBTMVSJA.JPG\" width=\"3000\"\/>Paramount inici\u00f3 un proceso de desinversi\u00f3n de sus empresa en Am\u00e9rica Latina<\/p>\n<p class=\"paragraph\">Desde Vytal Group LTD explicaron que \u201ces un logro significativo haber concluido con \u00e9xito este proceso, desarrollado en un entorno altamente competitivo\u201d.<\/p>\n<p class=\"paragraph\">El argentino representa el aporte m\u00e1s significativo al holding, apoyado por su esposa, <b>Sof\u00eda Reca<\/b>, hija de <b>Guillermo Reca<\/b>, accionista relevante de la compa\u00f1\u00eda el\u00e9ctrica <b>Edesur<\/b>, empresario de firmas del sector gas\u00edfero y antiguo responsable para Am\u00e9rica Latina del banco de inversi\u00f3n estadounidense <b>Merrill Lynch<\/b>. <\/p>\n<p class=\"paragraph\"><b>Yankelevich<\/b>, procedente de una familia con larga trayectoria en la televisi\u00f3n argentina \u2013hijo de <b>Cris Morena<\/b> y <b>Gustavo Yankelevich<\/b>, ambos figuras reconocidas como productores y directores de televisi\u00f3n\u2013, tambi\u00e9n ejerce esa doble funci\u00f3n en la industria, adem\u00e1s de su reciente adquisici\u00f3n de <b>CHV<\/b>.<\/p>\n<p class=\"paragraph\">Durante el periodo que abarc\u00f3 desde febrero de 2011 hasta 2017, <b>Yankelevich<\/b> ocup\u00f3 la direcci\u00f3n de programaci\u00f3n en <b>Telefe<\/b>; posterior a ello, fue <b>Chief Content Officer<\/b> de <b>Turner<\/b> hasta 2020, cargo que m\u00e1s tarde desempe\u00f1\u00f3 en <b>Warner Media Latam<\/b> hasta 2023.<\/p>\n<p class=\"paragraph\">Por su parte, <b>Carey<\/b> se incorpor\u00f3 al entorno televisivo en 2016 tras integrarse al directorio de <b>CNN Chile<\/b> y, un a\u00f1o m\u00e1s tarde, asumi\u00f3 la presidencia ejecutiva del canal bajo el respaldo de <b>Turner<\/b>. En 2023, complet\u00f3 la adquisici\u00f3n de la representaci\u00f3n total del medio estadounidense en el pa\u00eds.<\/p>\n<p class=\"paragraph\">En cuanto a <b>Edgar Spielmann<\/b>, form\u00f3 parte de <b>Canal 13<\/b> durante dos a\u00f1os liderando el \u00e1rea de nuevos negocios. Su mayor proyecci\u00f3n se dio en <b>Fox<\/b>, permaneciendo all\u00ed una d\u00e9cada como vicepresidente ejecutivo para Latinoam\u00e9rica. Los tres ejecutivos cuentan con una s\u00f3lida experiencia en la industria televisiva.<\/p>\n","protected":false},"excerpt":{"rendered":"Vytal Group, un holding liderado por el empresario argentino de medios Tom\u00e1s Yankelevich, acord\u00f3 en las \u00faltimas horas&hellip;\n","protected":false},"author":2,"featured_media":239551,"comment_status":"","ping_status":"","sticky":false,"template":"","format":"standard","meta":{"footnotes":""},"categories":[171],"tags":[146,147,25,24,406,23,214],"class_list":{"0":"post-239550","1":"post","2":"type-post","3":"status-publish","4":"format-standard","5":"has-post-thumbnail","7":"category-tv","8":"tag-entertainment","9":"tag-entretenimiento","10":"tag-es","11":"tag-espana","12":"tag-europe","13":"tag-spain","14":"tag-tv"},"share_on_mastodon":{"url":"https:\/\/pubeurope.com\/@es\/115560965256429566","error":""},"_links":{"self":[{"href":"https:\/\/www.europesays.com\/es\/wp-json\/wp\/v2\/posts\/239550","targetHints":{"allow":["GET"]}}],"collection":[{"href":"https:\/\/www.europesays.com\/es\/wp-json\/wp\/v2\/posts"}],"about":[{"href":"https:\/\/www.europesays.com\/es\/wp-json\/wp\/v2\/types\/post"}],"author":[{"embeddable":true,"href":"https:\/\/www.europesays.com\/es\/wp-json\/wp\/v2\/users\/2"}],"replies":[{"embeddable":true,"href":"https:\/\/www.europesays.com\/es\/wp-json\/wp\/v2\/comments?post=239550"}],"version-history":[{"count":0,"href":"https:\/\/www.europesays.com\/es\/wp-json\/wp\/v2\/posts\/239550\/revisions"}],"wp:featuredmedia":[{"embeddable":true,"href":"https:\/\/www.europesays.com\/es\/wp-json\/wp\/v2\/media\/239551"}],"wp:attachment":[{"href":"https:\/\/www.europesays.com\/es\/wp-json\/wp\/v2\/media?parent=239550"}],"wp:term":[{"taxonomy":"category","embeddable":true,"href":"https:\/\/www.europesays.com\/es\/wp-json\/wp\/v2\/categories?post=239550"},{"taxonomy":"post_tag","embeddable":true,"href":"https:\/\/www.europesays.com\/es\/wp-json\/wp\/v2\/tags?post=239550"}],"curies":[{"name":"wp","href":"https:\/\/api.w.org\/{rel}","templated":true}]}}