{"id":239566,"date":"2025-11-16T19:19:09","date_gmt":"2025-11-16T19:19:09","guid":{"rendered":"https:\/\/www.europesays.com\/es\/239566\/"},"modified":"2025-11-16T19:19:09","modified_gmt":"2025-11-16T19:19:09","slug":"un-carro-de-combate-israeli-dispara-contra-cascos-azules-de-la-finul-en-el-sur-de-libano","status":"publish","type":"post","link":"https:\/\/www.europesays.com\/es\/239566\/","title":{"rendered":"Un carro de combate israel\u00ed dispara contra &#8216;cascos azules&#8217; de la FINUL en el sur de L\u00edbano"},"content":{"rendered":"<p>    MADRID 16 Nov. (EUROPA PRESS) &#8211; <\/p>\n<p>   La Fuerza Interina de Naciones Unidas en L\u00edbano (FINUL) ha denunciado que militares israel\u00edes han disparado este domingo contra miembros de la misi\u00f3n internacional desde un carro de combate Merkava ubicado dentro del territorio liban\u00e9s ocupado por fuerzas israel\u00ed.<\/p>\n<p>    \u00abLos disparos de ametralladora pesada impactaron a unos cinco metros de los &#8216;cascos azules&#8217;, que iban a pie y tuvieron que refugiarse aprovechando el terreno\u00bb, ha explicado la FINUL en un comunicado publicado en su cuenta en X.<\/p>\n<p>   Los &#8216;cascos azules&#8217; pidieron a las Fuerzas Armadas israel\u00edes que cesaran el fuego a trav\u00e9s de los canales de enlace. \u00abPudieron salir de la zona a salvo 30 minutos m\u00e1s tarde, cuando el carro de combate Merkava se retir\u00f3 hacia la posici\u00f3n de las Fuerzas Armadas israel\u00edes\u00bb en suelo liban\u00e9s, ha relatado la misi\u00f3n de mantenimiento de la paz.<\/p>\n<p>   \u00abAfortunadamente no hay ning\u00fan herido\u00bb, ha destacado la FINUL, que denuncia en cualquier caso que este incidente \u00absupone una grave violaci\u00f3n de la Resoluci\u00f3n 1701 del Consejo de Seguridad\u00bb.<\/p>\n<p>    \u00abPedimos otra vez a las Fuerzas Armadas israel\u00edes que cesen cualquier comportamiento agresivo y los ataques sobre o cerca de las fuerzas de mantenimiento de la paz que trabajan para apoyar el retorno a la estabilidad que tanto Israel, como L\u00edbano dicen querer\u00bb, ha apelado.<\/p>\n<p>   El viernes la propia FINUL denunci\u00f3 que las fuerzas israel\u00edes han erigido un muro en T que impide a la poblaci\u00f3n libanesa acceder a una zona de unos 4.000 metros cuadrados cerca de Yarun, dentro de territorio liban\u00e9s y ha instado a las autoridades israel\u00edes a retirarse de todas sus posiciones al norte de la L\u00ednea Azul de alto el fuego.<\/p>\n<p>   Israel ha lanzado decenas de bombardeos contra L\u00edbano a pesar del alto el fuego acordado argumentando que act\u00faa contra actividades de Hezbol\u00e1 y asegura que, por ello, no viola el pacto de alto el fuego, si bien tanto Beirut como el grupo se han mostrado cr\u00edticos con estas acciones, igualmente condenadas por Naciones Unidas.<\/p>\n<p>   El alto el fuego, alcanzado tras meses de combates al hilo de los ataques del 7 de octubre de 2023, contemplaba que tanto Israel como Hezbol\u00e1 deb\u00edan retirar sus efectivos del sur de L\u00edbano. Sin embargo, el Ej\u00e9rcito israel\u00ed ha mantenido cinco puestos en el territorio de su pa\u00eds vecino, algo tambi\u00e9n criticado por las autoridades libanesas y el grupo chi\u00ed, que exigen el fin de este despliegue.<\/p>\n","protected":false},"excerpt":{"rendered":"MADRID 16 Nov. (EUROPA PRESS) &#8211; La Fuerza Interina de Naciones Unidas en L\u00edbano (FINUL) ha denunciado que&hellip;\n","protected":false},"author":2,"featured_media":239567,"comment_status":"","ping_status":"","sticky":false,"template":"","format":"standard","meta":{"footnotes":""},"categories":[42],"tags":[17,18,13,14,11,61,62,63,64,19,20,9,10,15,16,12,21,22,65,66,67],"class_list":{"0":"post-239566","1":"post","2":"type-post","3":"status-publish","4":"format-standard","5":"has-post-thumbnail","7":"category-internacional","8":"tag-breaking-news","9":"tag-breakingnews","10":"tag-featured-news","11":"tag-featurednews","12":"tag-headlines","13":"tag-internacional","14":"tag-international","15":"tag-international-news","16":"tag-internationalnews","17":"tag-latest-news","18":"tag-latestnews","19":"tag-news","20":"tag-noticias","21":"tag-noticias-destacadas","22":"tag-noticiasdestacadas","23":"tag-titulares","24":"tag-ultimas-noticias","25":"tag-ultimasnoticias","26":"tag-world","27":"tag-world-news","28":"tag-worldnews"},"share_on_mastodon":{"url":"https:\/\/pubeurope.com\/@es\/115560996157855113","error":""},"_links":{"self":[{"href":"https:\/\/www.europesays.com\/es\/wp-json\/wp\/v2\/posts\/239566","targetHints":{"allow":["GET"]}}],"collection":[{"href":"https:\/\/www.europesays.com\/es\/wp-json\/wp\/v2\/posts"}],"about":[{"href":"https:\/\/www.europesays.com\/es\/wp-json\/wp\/v2\/types\/post"}],"author":[{"embeddable":true,"href":"https:\/\/www.europesays.com\/es\/wp-json\/wp\/v2\/users\/2"}],"replies":[{"embeddable":true,"href":"https:\/\/www.europesays.com\/es\/wp-json\/wp\/v2\/comments?post=239566"}],"version-history":[{"count":0,"href":"https:\/\/www.europesays.com\/es\/wp-json\/wp\/v2\/posts\/239566\/revisions"}],"wp:featuredmedia":[{"embeddable":true,"href":"https:\/\/www.europesays.com\/es\/wp-json\/wp\/v2\/media\/239567"}],"wp:attachment":[{"href":"https:\/\/www.europesays.com\/es\/wp-json\/wp\/v2\/media?parent=239566"}],"wp:term":[{"taxonomy":"category","embeddable":true,"href":"https:\/\/www.europesays.com\/es\/wp-json\/wp\/v2\/categories?post=239566"},{"taxonomy":"post_tag","embeddable":true,"href":"https:\/\/www.europesays.com\/es\/wp-json\/wp\/v2\/tags?post=239566"}],"curies":[{"name":"wp","href":"https:\/\/api.w.org\/{rel}","templated":true}]}}