{"id":239570,"date":"2025-11-16T19:21:08","date_gmt":"2025-11-16T19:21:08","guid":{"rendered":"https:\/\/www.europesays.com\/es\/239570\/"},"modified":"2025-11-16T19:21:08","modified_gmt":"2025-11-16T19:21:08","slug":"0-2-bellingham-titular-en-el-triunfo-de-inglaterra-en-albania-real-madrid-cf","status":"publish","type":"post","link":"https:\/\/www.europesays.com\/es\/239570\/","title":{"rendered":"0-2: Bellingham, titular en el triunfo de Inglaterra en Albania &#8211; Real Madrid CF"},"content":{"rendered":"<ol>\n<li><a href=\"https:\/\/news.google.com\/rss\/articles\/CBMi5gFBVV95cUxNS2taamN1QWdodktyNk1wdHlyUXd4Tl96X1U3TmFkSkxISlM3ZHNoeE1nSnBSQVotODVuVFdKMC1CUU81QmEzamRNLUlOTF9hQnQzcVViRWpCekprWjBubzZ6VG9mYk53WTFvOXRhNWpwc2ljeTBIS19Pc2haOEN3WDV3OHZvVVdnMzdZU2dLQ1dPbkpVUFlQUjZBY1JwbW5rbWtqaUx1Rk9FYm5CSWdDTXNLQlFid003SlNlNTNDTWNaT1JYcmktVlEtdFkxaG9Od1NBRzJKTU1zSEkyWk9oVHZMUGxQUQ?oc=5\" target=\"_blank\" rel=\"nofollow noopener\">0-2: Bellingham, titular en el triunfo de Inglaterra en Albania<\/a>&nbsp;&nbsp;Real Madrid CF<\/li>\n<li><a href=\"https:\/\/news.google.com\/rss\/articles\/CBMiuwFBVV95cUxPajlPMzhvUzRVdEY4RXhBR2xlT3VUZnBlZWxmUko5eXBiR19JbVFFOVZjQnNvX1RtRzAyV0pVSjFMdkVzdW4wNlExUWstQm90V1dDbnFfcFdlZGxKSTZhYlFqMHh4YVJYbGFRb0ZaaFpiR1otdWZjcy1nbEVtZ3FQUUxrY25fLUZ2VTc2RkpnZXJqRGdvajBfWWdjZVZrRUp1NUtFNFlSTGl2akRIcW14eHJzVEk2UzRwMUc40gHPAUFVX3lxTE9Xcmx4czdiY3ViaUVQbXFLaDQ3NmRHOU9zUzJscjVWazNGWEpYQnFsNmVrZGFVRUxMVmJyalBZQ2o3UnJUV0VTY3E1OUZ1S2FCb1dfWXJpbnJnMmRQMXhJdEIxNkJFMHFvb3JJdFp6STdMbXhic0xIWnZhWUNyVFFWa1BqSkoycHBHLUQwdDNoSWZJc3ZvbXVmTTNqSEJhQ3JsWEdqM1hIdUpac3JpemlTU0E3a3lMdVVxb1Vmc3ExODZkNURZRC16c1dNa1BNTQ?oc=5\" target=\"_blank\" rel=\"nofollow noopener\">Albania 0 &#8211; 2 Inglaterra: resumen, goles y resultado de la clasificaci\u00f3n del Mundial 2026<\/a>&nbsp;&nbsp;Diario AS<\/li>\n<li><a href=\"https:\/\/news.google.com\/rss\/articles\/CBMivAFBVV95cUxPQUFoMzBtVnhvcmlWZHhTa09BYlJyR0EzZHZuR0lhNnlQUENNM1hEdGx5elZKWjBRQjdldE9rMEtPWThodlFwUEt5Q0FqQTJ3bG5UZUdhdTN5aTZWQkk5S2VDbkgtZnptSmZXZ3J2VklsVzczcGc1OE82R0xjRWQtcmlQUnpQZnpzdTVNaHJIbjN6VHNvNTRZRHRHSVZhTXFCOVZ4Y0NOS0RVeFI0UmQ5N3pXT05XN0lNLU1VYg?oc=5\" target=\"_blank\" rel=\"nofollow noopener\">Albania &#8211; Inglaterra en directo &#8211; Clasificaci\u00f3n Mundial UEFA: Resultados y res\u00famenes de F\u00fatbol &#8211; 16\/11\/2025<\/a>&nbsp;&nbsp;Eurosport<\/li>\n<li><a href=\"https:\/\/news.google.com\/rss\/articles\/CBMi4gFBVV95cUxNUmRhbDEweGdVamx0N0RhUjZ1emNXQzIwWmpaOTRjVHNOM3Jnd1ZvSDludUdvT0RKUTdWNzBKSkZhRXJUcXE5MzZhaXEwcU9uSG1MbkV6Q0pDYjBWT3ZIelRoeDlvaHFvT0V5T2JTMVpQaE5oQzh6VFJuLXdJZm9zQUFzUThVbGxpdkxUclZRbE1iQS1uVXBRd2hoMFd0MWRkNWppMm4zMXl6eFhmX2lsYkJnZWNsUEFkRW1GTEwxYmdIUlhoS0F1cGtNWXFYcE5GY3M0QUxBUmNwV3JaUHVTbVRB0gHvAUFVX3lxTE4yZXVHcFUybWMtelBSdGRJcmtPMzRlN0ROc3VaVVdBWHFYV0ZfN2tLTFk2QUl1bzNMY2pVUkN1b3NBTzFVOTFlRW1GbW5Na0Zpb3RDSnNSQ201ODNndDFyZmoyUGJTeG1ycTVnc3ppNW5lb1hYVEFueDVjQWx4TDRVNzI5bTJfTTBnRWlBS29NYUZMaGRDSmFSbWJET3dCZFJEUWRRSGF5cnJxNkw5M1dQVktqWDRrU1hsN0FQTkFoUEtCQ21SWExLY1dYaVU2eHlic2NGeUJESnQtMWlLdTFJdm1FZ0dMZWNVMXpLUEI4?oc=5\" target=\"_blank\" rel=\"nofollow noopener\">0-2: Inglaterra consigue el pleno de victorias gracias al imparable Kane y a Rashford<\/a>&nbsp;&nbsp;Mundo Deportivo<\/li>\n<li><a href=\"https:\/\/news.google.com\/rss\/articles\/CBMiwwFBVV95cUxPZnE2VTBwRkpUOEpSZmhkcl9tZ2RIN0FLdUFqRjJBdVBfaDZiQVhTLTRtdEczVXZOUHYwS1Ftbm9vbHJrbmIyejdxUThzZV90VjBMdWNwc3RPSlpUWG9TV3haWFRLNXpuQ0JQVWgyZ2dhQ1F1WTQ1czdTS29xUzlRR1RURmUxQ0VRODJaQ0RHb2IxZWgySWlkQk1vemhhMXNKcjNrT19JNHVScXQtY2FwSE1DT0dGRnp3WXo4ZnRCZWlac2M?oc=5\" target=\"_blank\" rel=\"nofollow noopener\">Tuchel no quiere saber nada de los r\u00e9cord que pueden batir los jugadores ingleses<\/a>&nbsp;&nbsp;Flashscore.es<\/li>\n<\/ol>\n","protected":false},"excerpt":{"rendered":"0-2: Bellingham, titular en el triunfo de Inglaterra en Albania&nbsp;&nbsp;Real Madrid CF Albania 0 &#8211; 2 Inglaterra: resumen,&hellip;\n","protected":false},"author":2,"featured_media":171506,"comment_status":"","ping_status":"","sticky":false,"template":"","format":"standard","meta":{"footnotes":""},"categories":[5],"tags":[17,18,25,24,13,14,11,6523,19,20,9,10,15,16,3048,23,12,21,22],"class_list":{"0":"post-239570","1":"post","2":"type-post","3":"status-publish","4":"format-standard","5":"has-post-thumbnail","7":"category-titulares","8":"tag-breaking-news","9":"tag-breakingnews","10":"tag-es","11":"tag-espana","12":"tag-featured-news","13":"tag-featurednews","14":"tag-headlines","15":"tag-home","16":"tag-latest-news","17":"tag-latestnews","18":"tag-news","19":"tag-noticias","20":"tag-noticias-destacadas","21":"tag-noticiasdestacadas","22":"tag-real-madrid","23":"tag-spain","24":"tag-titulares","25":"tag-ultimas-noticias","26":"tag-ultimasnoticias"},"share_on_mastodon":{"url":"https:\/\/pubeurope.com\/@es\/115561003940340607","error":""},"_links":{"self":[{"href":"https:\/\/www.europesays.com\/es\/wp-json\/wp\/v2\/posts\/239570","targetHints":{"allow":["GET"]}}],"collection":[{"href":"https:\/\/www.europesays.com\/es\/wp-json\/wp\/v2\/posts"}],"about":[{"href":"https:\/\/www.europesays.com\/es\/wp-json\/wp\/v2\/types\/post"}],"author":[{"embeddable":true,"href":"https:\/\/www.europesays.com\/es\/wp-json\/wp\/v2\/users\/2"}],"replies":[{"embeddable":true,"href":"https:\/\/www.europesays.com\/es\/wp-json\/wp\/v2\/comments?post=239570"}],"version-history":[{"count":0,"href":"https:\/\/www.europesays.com\/es\/wp-json\/wp\/v2\/posts\/239570\/revisions"}],"wp:featuredmedia":[{"embeddable":true,"href":"https:\/\/www.europesays.com\/es\/wp-json\/wp\/v2\/media\/171506"}],"wp:attachment":[{"href":"https:\/\/www.europesays.com\/es\/wp-json\/wp\/v2\/media?parent=239570"}],"wp:term":[{"taxonomy":"category","embeddable":true,"href":"https:\/\/www.europesays.com\/es\/wp-json\/wp\/v2\/categories?post=239570"},{"taxonomy":"post_tag","embeddable":true,"href":"https:\/\/www.europesays.com\/es\/wp-json\/wp\/v2\/tags?post=239570"}],"curies":[{"name":"wp","href":"https:\/\/api.w.org\/{rel}","templated":true}]}}