{"id":239600,"date":"2025-11-16T19:42:10","date_gmt":"2025-11-16T19:42:10","guid":{"rendered":"https:\/\/www.europesays.com\/es\/239600\/"},"modified":"2025-11-16T19:42:10","modified_gmt":"2025-11-16T19:42:10","slug":"detienen-en-espana-a-pipo-lider-de-la-organizacion-criminal-los-lobos-de-ecuador","status":"publish","type":"post","link":"https:\/\/www.europesays.com\/es\/239600\/","title":{"rendered":"Detienen en Espa\u00f1a a \u201cPipo\u201d, l\u00edder de la organizaci\u00f3n criminal Los Lobos de Ecuador"},"content":{"rendered":"<p>      CNN Espa\u00f1ol<br \/>\n        \u00a0\u2014\u00a0<\/p>\n<p class=\"paragraph inline-placeholder vossi-paragraph\" data-uri=\"es.cms.cnn.com\/_components\/paragraph\/instances\/cmi1u0qq700hn27qa5chaddv7@published\" data-editable=\"text\" data-component-name=\"paragraph\" data-article-gutter=\"true\">\n            Wilmer Chavarr\u00eda, alias \u201cPipo\u201d, supuesto l\u00edder de Los Lobos, la banda criminal m\u00e1s grande y poderosa de Ecuador, fue detenido este domingo, seg\u00fan inform\u00f3 el presidente Daniel Noboa. El anuncio ocurre el mismo d\u00eda en que los ecuatorianos votan en un refer\u00e9ndum que incluye medidas que el Gobierno considera clave para fortalecer la lucha contra el crimen organizado.\n    <\/p>\n<p class=\"paragraph inline-placeholder vossi-paragraph\" data-uri=\"es.cms.cnn.com\/_components\/paragraph\/instances\/cmi1u1vqt0005356n00s4sr61@published\" data-editable=\"text\" data-component-name=\"paragraph\" data-article-gutter=\"true\">\n            \u201cHoy capturamos a \u201cPipo\u201d Chavarr\u00eda, el delincuente m\u00e1s buscado de la regi\u00f3n y m\u00e1ximo l\u00edder de Los Lobos\u201d, <a href=\"https:\/\/x.com\/DanielNoboaOk\/status\/1990030648287858909\" target=\"_blank\" rel=\"nofollow\">escribi\u00f3 Noboa en su cuenta oficial de X.<\/a>\n    <\/p>\n<p class=\"paragraph inline-placeholder vossi-paragraph\" data-uri=\"es.cms.cnn.com\/_components\/paragraph\/instances\/cmi1u1vqt0006356noilzogc2@published\" data-editable=\"text\" data-component-name=\"paragraph\" data-article-gutter=\"true\">\n            El ministro de Defensa, John Reimberg, <a href=\"https:\/\/x.com\/JohnReimberg\/status\/1990042592529031197\" target=\"_blank\" rel=\"nofollow\">se\u00f1al\u00f3 <\/a>que la detenci\u00f3n se produjo en Espa\u00f1a y asegur\u00f3 que Chavarr\u00eda \u201ces responsable de al menos 400 muertes\u201d.\n    <\/p>\n<p class=\"paragraph inline-placeholder vossi-paragraph\" data-uri=\"es.cms.cnn.com\/_components\/paragraph\/instances\/cmi1u1vqt0007356nudtkkwui@published\" data-editable=\"text\" data-component-name=\"paragraph\" data-article-gutter=\"true\">\n            \u201cLa Polic\u00eda Nacional del Ecuador, en una operaci\u00f3n impecable y coordinada con la Polic\u00eda de Espa\u00f1a, captur\u00f3 a WILMER GEOVANNY CHAVARR\u00cdA  BARRE, alias \u201cPIPO\u201d, m\u00e1ximo l\u00edder de la organizaci\u00f3n criminal Los Lobos y el delincuente m\u00e1s peligroso y buscado de la regi\u00f3n\u201d, agreg\u00f3 el ministro.\n    <\/p>\n<p class=\"paragraph inline-placeholder vossi-paragraph\" data-uri=\"es.cms.cnn.com\/_components\/paragraph\/instances\/cmi1u1vqt0008356n5imjn028@published\" data-editable=\"text\" data-component-name=\"paragraph\" data-article-gutter=\"true\">\n            El anuncio de la captura se hizo al inicio de la jornada electoral del refer\u00e9ndum en el que los ecuatorianos deciden, entre otras preguntas, sobre la posible autorizaci\u00f3n para el regreso de bases militares extranjeras al pa\u00eds, que seg\u00fan Noboa son fundamentales para fortalecer la lucha contra el crimen organizado.\n    <\/p>\n<p class=\"paragraph inline-placeholder vossi-paragraph\" data-uri=\"es.cms.cnn.com\/_components\/paragraph\/instances\/cmi1u1vqt0009356n45m2qyfp@published\" data-editable=\"text\" data-component-name=\"paragraph\" data-article-gutter=\"true\">\n            Chavarr\u00eda dirige la banda criminal Los Lobos, un poderoso grupo que Estados Unidos design\u00f3 en septiembre como organizaci\u00f3n terrorista extranjera, junto con su rival, Los Choneros.\n    <\/p>\n<p class=\"paragraph inline-placeholder vossi-paragraph\" data-uri=\"es.cms.cnn.com\/_components\/paragraph\/instances\/cmi1u1vqt000a356nh0p2vbr2@published\" data-editable=\"text\" data-component-name=\"paragraph\" data-article-gutter=\"true\">\n            Noboa afirm\u00f3 que Chavarr\u00eda \u201cfingi\u00f3 su muerte, cambi\u00f3 de identidad y se escondi\u00f3 en Europa mientras ordenaba asesinatos en Ecuador, controlaba las operaciones de miner\u00eda ilegal y mov\u00eda rutas de droga junto al C\u00e1rtel Jalisco Nueva Generaci\u00f3n\u201d.\n    <\/p>\n<p class=\"paragraph inline-placeholder vossi-paragraph\" data-uri=\"es.cms.cnn.com\/_components\/paragraph\/instances\/cmi1u7rml000g356nhkl71xfb@published\" data-editable=\"text\" data-component-name=\"paragraph\" data-article-gutter=\"true\">\n            En junio de 2024, el Departamento del Tesoro de Estados Unidos sancion\u00f3 a Los Lobos y describi\u00f3 al grupo como una organizaci\u00f3n con \u201cmiles de miembros\u201d que ha contribuido de forma significativa al aumento de la violencia en Ecuador.\n    <\/p>\n<p class=\"paragraph inline-placeholder vossi-paragraph\" data-uri=\"es.cms.cnn.com\/_components\/paragraph\/instances\/cmi1u1vqt000b356nsfo6n38p@published\" data-editable=\"text\" data-component-name=\"paragraph\" data-article-gutter=\"true\">\n            Los Lobos se inici\u00f3 como un grupo de sicarios que operaban junto a Los Choneros, que ahora es su rival en la disputa por el tr\u00e1fico de drogas, seg\u00fan ha informado el Departamento del Tesoro de EE.UU.\n    <\/p>\n<p class=\"paragraph inline-placeholder vossi-paragraph\" data-uri=\"es.cms.cnn.com\/_components\/paragraph\/instances\/cmi1u1vqt000c356n64az19un@published\" data-editable=\"text\" data-component-name=\"paragraph\" data-article-gutter=\"true\">\n            \u201cLos Lobos han estado involucrados en el tr\u00e1fico de drogas, asesinatos a sueldo y miner\u00eda ilegal de oro y, adem\u00e1s, brinda servicios de seguridad para el Cartel Jalisco Nueva Generaci\u00f3n de M\u00e9xico en apoyo a los esfuerzos del Cartel Jalisco Nueva Generaci\u00f3n para dominar las rutas de tr\u00e1fico de coca\u00edna en la ciudad portuaria de Guayaquil en Ecuador\u201d, reportaron las autoridades estadounidenses.\n    <\/p>\n<p class=\"paragraph inline-placeholder vossi-paragraph\" data-uri=\"es.cms.cnn.com\/_components\/paragraph\/instances\/cmi1u1vqu000d356n7jw3wxyc@published\" data-editable=\"text\" data-component-name=\"paragraph\" data-article-gutter=\"true\">\n            Este grupo tambi\u00e9n fue se\u00f1alado por planificar el asesinato del candidato presidencial Fernando Villavicencio el 9 de agosto de 2023 tras un mitin en Quito.\n    <\/p>\n","protected":false},"excerpt":{"rendered":"CNN Espa\u00f1ol \u00a0\u2014\u00a0 Wilmer Chavarr\u00eda, alias \u201cPipo\u201d, supuesto l\u00edder de Los Lobos, la banda criminal m\u00e1s grande y&hellip;\n","protected":false},"author":2,"featured_media":239601,"comment_status":"","ping_status":"","sticky":false,"template":"","format":"standard","meta":{"footnotes":""},"categories":[42],"tags":[17,18,2622,13,14,11,61,62,63,64,19,20,61799,9,10,15,16,58944,12,21,22,65,66,67],"class_list":{"0":"post-239600","1":"post","2":"type-post","3":"status-publish","4":"format-standard","5":"has-post-thumbnail","7":"category-internacional","8":"tag-breaking-news","9":"tag-breakingnews","10":"tag-ecuador","11":"tag-featured-news","12":"tag-featurednews","13":"tag-headlines","14":"tag-internacional","15":"tag-international","16":"tag-international-news","17":"tag-internationalnews","18":"tag-latest-news","19":"tag-latestnews","20":"tag-los-lobos","21":"tag-news","22":"tag-noticias","23":"tag-noticias-destacadas","24":"tag-noticiasdestacadas","25":"tag-pipo","26":"tag-titulares","27":"tag-ultimas-noticias","28":"tag-ultimasnoticias","29":"tag-world","30":"tag-world-news","31":"tag-worldnews"},"share_on_mastodon":{"url":"https:\/\/pubeurope.com\/@es\/115561086684421082","error":""},"_links":{"self":[{"href":"https:\/\/www.europesays.com\/es\/wp-json\/wp\/v2\/posts\/239600","targetHints":{"allow":["GET"]}}],"collection":[{"href":"https:\/\/www.europesays.com\/es\/wp-json\/wp\/v2\/posts"}],"about":[{"href":"https:\/\/www.europesays.com\/es\/wp-json\/wp\/v2\/types\/post"}],"author":[{"embeddable":true,"href":"https:\/\/www.europesays.com\/es\/wp-json\/wp\/v2\/users\/2"}],"replies":[{"embeddable":true,"href":"https:\/\/www.europesays.com\/es\/wp-json\/wp\/v2\/comments?post=239600"}],"version-history":[{"count":0,"href":"https:\/\/www.europesays.com\/es\/wp-json\/wp\/v2\/posts\/239600\/revisions"}],"wp:featuredmedia":[{"embeddable":true,"href":"https:\/\/www.europesays.com\/es\/wp-json\/wp\/v2\/media\/239601"}],"wp:attachment":[{"href":"https:\/\/www.europesays.com\/es\/wp-json\/wp\/v2\/media?parent=239600"}],"wp:term":[{"taxonomy":"category","embeddable":true,"href":"https:\/\/www.europesays.com\/es\/wp-json\/wp\/v2\/categories?post=239600"},{"taxonomy":"post_tag","embeddable":true,"href":"https:\/\/www.europesays.com\/es\/wp-json\/wp\/v2\/tags?post=239600"}],"curies":[{"name":"wp","href":"https:\/\/api.w.org\/{rel}","templated":true}]}}