{"id":239616,"date":"2025-11-16T19:54:14","date_gmt":"2025-11-16T19:54:14","guid":{"rendered":"https:\/\/www.europesays.com\/es\/239616\/"},"modified":"2025-11-16T19:54:14","modified_gmt":"2025-11-16T19:54:14","slug":"me-exige-mas-a-mi-que-a-ningun-otro","status":"publish","type":"post","link":"https:\/\/www.europesays.com\/es\/239616\/","title":{"rendered":"Me exige m\u00e1s a m\u00ed que a ning\u00fan otro"},"content":{"rendered":"<p data-journey-content=\"true\" data-node-id=\"3\" class=\"css-6wxqfj emevuu60\"><strong data-node-id=\"3.0\">Alejandra Prat <\/strong>pertenece a una de las sagas televisivas m\u00e1s queridas. Hija y hermana de grandes profesionales de la peque\u00f1a pantalla, <strong data-node-id=\"3.2\">Alejandra empez\u00f3 a trabajar con Mar\u00eda Teresa Campos<\/strong> y despu\u00e9s ha trabajado con grandes como <strong data-node-id=\"3.4\"><a href=\"https:\/\/www.diezminutos.es\/ana-rosa-quintana\/\" target=\"_blank\" data-vars-ga-outbound-link=\"https:\/\/www.diezminutos.es\/ana-rosa-quintana\/\" data-vars-ga-ux-element=\"Hyperlink\" data-vars-ga-call-to-action=\"Ana Rosa Quintana\" data-node-id=\"3.4.0\" class=\"body-link css-177bzfx emevuu60\" rel=\"nofollow noopener\">Ana Rosa Quintana<\/a><\/strong> o <strong data-node-id=\"3.6\"><a href=\"https:\/\/www.diezminutos.es\/y-ahora-sonsoles\/\" target=\"_blank\" data-vars-ga-outbound-link=\"https:\/\/www.diezminutos.es\/y-ahora-sonsoles\/\" data-vars-ga-ux-element=\"Hyperlink\" data-vars-ga-call-to-action=\"Sonsoles \u00d3nega\" data-node-id=\"3.6.0\" class=\"body-link css-177bzfx emevuu60\" rel=\"nofollow noopener\">Sonsoles \u00d3nega<\/a><\/strong>. Ahora est\u00e1 junto a su hermano Joaqu\u00edn Prat en &#8216;El tiempo justo&#8217;. Alejandra est\u00e1 orgullosa de \u00e9l, y tambi\u00e9n de <a href=\"https:\/\/www.diezminutos.es\/famosos-corazon\/famosos-espanoles\/a64162212\/alejandra-prat-marido-juan-manuel-alcaraz-viaje-baqueira-sin-hijos\/\" target=\"_blank\" data-vars-ga-outbound-link=\"https:\/\/www.diezminutos.es\/famosos-corazon\/famosos-espanoles\/a64162212\/alejandra-prat-marido-juan-manuel-alcaraz-viaje-baqueira-sin-hijos\/\" data-vars-ga-ux-element=\"Hyperlink\" data-vars-ga-call-to-action=\"la familia que ha formado con Juan Manuel Alcaraz\" data-node-id=\"3.8\" class=\"body-link css-177bzfx emevuu60\" rel=\"nofollow noopener\">la familia que ha formado con<strong data-node-id=\"3.8.1\"> J<\/strong><strong data-node-id=\"3.8.2\">uan Manuel Alcaraz<\/strong><\/a>, con quien tiene tres hijos: Adriana, Alejandro y Amaro. Junto a su marido, con quien se cas\u00f3 en 2007, forma <strong data-node-id=\"3.10\">una de las parejas m\u00e1s consolidadas del panorama<\/strong>.  Y tambi\u00e9n aclara la relaci\u00f3n con su hermano Joaqu\u00edn Prat al trabajar juntos: \u00abMe exige m\u00e1s a m\u00ed que a ning\u00fan otro\u00bb.<\/p>\n<p><img draggable=\"true\" alt=\"alejandra prat posa para su entrevista con la revista diez minutos\" title=\"Alejandra Prat posa para su entrevista con la revista Diez Minutos\" loading=\"lazy\" width=\"3000\" height=\"4561\" decoding=\"async\" data-nimg=\"1\" style=\"color:transparent;width:100%;height:auto;\"   src=\"https:\/\/www.europesays.com\/es\/wp-content\/uploads\/2025\/11\/alejandra-prat-entrevista-diez-minutos-vestido-blanco-6914763e68187.jpg\" class=\"css-0 e1g79fud0\"\/>Guillermo Jim\u00e9nez \/ HEARSTAlejandra luce jersey y falda de <a href=\"https:\/\/es.maje.com\/\" target=\"_blank\" rel=\"nofollow noopener\" data-vars-ga-outbound-link=\"https:\/\/es.maje.com\/\" data-vars-ga-ux-element=\"Hyperlink\" data-vars-ga-call-to-action=\"Maje\" data-vars-ga-product-id=\"6cca05b6-5fd5-4b52-ba07-c577a53e4634\" data-href=\"https:\/\/es.maje.com\/\" data-product-url=\"https:\/\/es.maje.com\/\" data-affiliate=\"false\" data-affiliate-network=\"\" data-vars-ga-product-price=\"0,00\u00a0$\" data-vars-ga-product-retailer-id=\"d2cda000-8c4d-4cde-9d7f-b51492017783\" data-vars-ga-link-treatment=\"(not set) | (not set)\" class=\"body-link product-links css-177bzfx e1aq0z090\" data->Maje<\/a>, 225 \u20ac y 245 \u20ac; zapatos de <a href=\"https:\/\/magrit.es\/\" target=\"_blank\" rel=\"nofollow noopener\" data-vars-ga-outbound-link=\"https:\/\/magrit.es\/\" data-vars-ga-ux-element=\"Hyperlink\" data-vars-ga-call-to-action=\"Magrit\" class=\"body-link css-177bzfx emevuu60\">Magrit<\/a>, 232 \u20ac; pendientes de <a href=\"https:\/\/www.shopbriana.com\/?logged_in_customer_id=&amp;lang=es\" target=\"_blank\" rel=\"nofollow noopener\" data-vars-ga-outbound-link=\"https:\/\/www.shopbriana.com\/?logged_in_customer_id=&amp;lang=es\" data-vars-ga-ux-element=\"Hyperlink\" data-vars-ga-call-to-action=\"Briana\" class=\"body-link css-177bzfx emevuu60\">Briana<\/a>, 95 \u20ac, y reloj de <a href=\"https:\/\/www.rabat.net\/es\/\" target=\"_blank\" rel=\"nofollow noopener\" data-vars-ga-outbound-link=\"https:\/\/www.rabat.net\/es\/\" data-vars-ga-ux-element=\"Hyperlink\" data-vars-ga-call-to-action=\"Rabat\" class=\"body-link css-177bzfx emevuu60\">Rabat<\/a>, (c.p.v.).<\/p>\n<p data-journey-content=\"true\" data-node-id=\"7\" class=\"css-6wxqfj emevuu60\"><strong data-node-id=\"7.0\">\u00bfEst\u00e1s a gusto en las tardes de Telecinco?<\/strong><\/p>\n<p data-journey-content=\"true\" data-node-id=\"9\" class=\"css-6wxqfj emevuu60\">Estoy muy contenta, a m\u00ed me gusta adaptarme a las nuevas etapas.<\/p>\n<p data-journey-content=\"true\" data-node-id=\"13\" class=\"css-6wxqfj emevuu60\"><strong data-node-id=\"13.0\">\u00bfTe gusta trabajar con tu hermano?<\/strong><\/p>\n<p data-journey-content=\"true\" data-node-id=\"15\" class=\"css-6wxqfj emevuu60\">A m\u00ed me encanta, porque Joaqu\u00edn es uno de los mejores profesionales que hay.<\/p>\n<p data-journey-content=\"true\" data-node-id=\"17\" class=\"css-6wxqfj emevuu60\"><strong data-node-id=\"17.0\">\u00bfNo te sientes una enchufada?<\/strong><\/p>\n<p data-journey-content=\"true\" data-node-id=\"19\" class=\"css-6wxqfj emevuu60\">Al contrario, porque mi hermano me exige m\u00e1s a m\u00ed que a ning\u00fan otro colaborador. \u00bfEnchufada? Creo que igual prefiere llamarme a m\u00ed que a otra persona. Adem\u00e1s, sabe que soy periodista y sabe c\u00f3mo soy como profesional. De todas formas, hay una productora detr\u00e1s que es quien decide. <\/p>\n<p><img draggable=\"true\" alt=\"alejandra prat posa para su entrevista con la revista diez minutos\" title=\"Alejandra Prat posa para su entrevista con la revista Diez Minutos\" loading=\"lazy\" width=\"3000\" height=\"4491\" decoding=\"async\" data-nimg=\"1\" style=\"color:transparent;width:100%;height:auto;\"   src=\"https:\/\/www.europesays.com\/es\/wp-content\/uploads\/2025\/11\/alejandra-prat-entrevista-diez-minutos-coctel-6914763e739b6.jpg\" class=\"css-0 e1g79fud0\"\/>Guillermo Jim\u00e9nez \/ HEARSTAlejandra viste jersey y falda de <a href=\"https:\/\/www.samsoe.com\/\" target=\"_blank\" rel=\"nofollow noopener\" data-vars-ga-outbound-link=\"https:\/\/www.samsoe.com\/\" data-vars-ga-ux-element=\"Hyperlink\" data-vars-ga-call-to-action=\"Samsoe Samsoe\" class=\"body-link css-177bzfx emevuu60\">Samsoe Samsoe<\/a>, 160 \u20ac y 150 \u20ac; y collar con colgante y brazalete de <a href=\"https:\/\/coolook.es\/\" target=\"_blank\" rel=\"nofollow noopener\" data-vars-ga-outbound-link=\"https:\/\/coolook.es\/\" data-vars-ga-ux-element=\"Hyperlink\" data-vars-ga-call-to-action=\"Coolook\" class=\"body-link css-177bzfx emevuu60\">Coolook<\/a>, 397 \u20ac y 586 \u20ac.<\/p>\n<p data-journey-content=\"true\" data-node-id=\"22\" class=\"css-6wxqfj emevuu60\"><strong data-node-id=\"22.0\">\u00bfTu hermano te rega\u00f1a mucho?<\/strong><\/p>\n<p data-journey-content=\"true\" data-node-id=\"24\" class=\"css-6wxqfj emevuu60\">No, pero s\u00ed me da buenos consejos. Solo con la mirada s\u00e9 perfectamente lo que me est\u00e1 diciendo.<\/p>\n<p data-journey-content=\"true\" data-node-id=\"26\" class=\"css-6wxqfj emevuu60\"><strong data-node-id=\"26.0\">Por cierto, \u00bfse casa?<\/strong><\/p>\n<p data-journey-content=\"true\" data-node-id=\"28\" class=\"css-6wxqfj emevuu60\">\u00c9l est\u00e1 ilusionado con su relaci\u00f3n y quiere casarse, pero no es una cosa inminente. Alg\u00fan d\u00eda se casar\u00e1 con Alexia.<\/p>\n<p data-journey-content=\"true\" data-node-id=\"30\" class=\"css-6wxqfj emevuu60\"><strong data-node-id=\"30.0\">Volviendo al tema profesional. \u00bfTe gustar\u00eda que te dieran un programa?<\/strong><\/p>\n<p data-journey-content=\"true\" data-node-id=\"32\" class=\"css-6wxqfj emevuu60\">Claro que s\u00ed, pero ahora hay mucha gente y muy buena. Es una cosa dif\u00edcil.<\/p>\n<blockquote data-theme-key=\"pullquote\" class=\"css-1eiql25 e1pe3zr91\">\n<blockquote class=\"css-16wh41i e1pe3zr90\"><p>\u00abAhora creo que perdonar\u00eda una infidelidad. Antes no lo har\u00eda ni loca\u00bb<\/p><\/blockquote>\n<\/blockquote>\n<p data-journey-content=\"true\" data-node-id=\"35\" class=\"css-6wxqfj emevuu60\"><strong data-node-id=\"35.0\">\u00bfTienes envidia sana de tu hermano?<\/strong><\/p>\n<p data-journey-content=\"true\" data-node-id=\"37\" class=\"css-6wxqfj emevuu60\">\u00a1Cero! Jam\u00e1s he tenido envidia de mi hermano. Al contrario, me alegro del \u00e9xito de la gente que me rodea y ojal\u00e1 vaya a m\u00e1s. <\/p>\n<p data-journey-content=\"true\" data-node-id=\"39\" class=\"css-6wxqfj emevuu60\"><strong data-node-id=\"39.0\">Cuando te casaste, te fuiste a vivir a Barcelona, \u00bfechas de menos la vida que ten\u00edas en Madrid?<\/strong><\/p>\n<p data-journey-content=\"true\" data-node-id=\"41\" class=\"css-6wxqfj emevuu60\">Ahora tengo la suerte que tengo lo mejor de las dos ciudades, porque vengo a Madrid todas las semanas. <\/p>\n<p><img draggable=\"true\" alt=\"alejandra prat posa para su entrevista con la revista diez minutos\" title=\"Alejandra Prat posa para su entrevista con la revista Diez Minutos\" loading=\"lazy\" width=\"3000\" height=\"4813\" decoding=\"async\" data-nimg=\"1\" style=\"color:transparent;width:100%;height:auto;\"   src=\"https:\/\/www.europesays.com\/es\/wp-content\/uploads\/2025\/11\/alejandra-prat-entrevista-diez-minutos-conjunto-seda-691476455ec93.jpg\" class=\"css-0 e1g79fud0\"\/>Guillermo Jim\u00e9nez \/ HEARSTLa presentadora luce una chaqueta y pantal\u00f3n de <a href=\"https:\/\/www.zara.com\/es\/\" target=\"_blank\" rel=\"nofollow noopener\" data-vars-ga-outbound-link=\"https:\/\/www.zara.com\/es\/\" data-vars-ga-ux-element=\"Hyperlink\" data-vars-ga-call-to-action=\"Zara\" class=\"body-link css-177bzfx emevuu60\">Zara<\/a>, 39,95 \u20ac y 39,95 \u20ac; sandalias de <a href=\"https:\/\/magrit.es\/\" target=\"_blank\" rel=\"nofollow noopener\" data-vars-ga-outbound-link=\"https:\/\/magrit.es\/\" data-vars-ga-ux-element=\"Hyperlink\" data-vars-ga-call-to-action=\"Magrit\" class=\"body-link css-177bzfx emevuu60\">Magrit<\/a>, 340 \u20ac, y pendientes de <a href=\"https:\/\/coolook.es\/\" target=\"_blank\" rel=\"nofollow noopener\" data-vars-ga-outbound-link=\"https:\/\/coolook.es\/\" data-vars-ga-ux-element=\"Hyperlink\" data-vars-ga-call-to-action=\"Coolook\" class=\"body-link css-177bzfx emevuu60\">Coolook<\/a>, 455 \u20ac.<\/p>\n<p data-journey-content=\"true\" data-node-id=\"44\" class=\"css-6wxqfj emevuu60\"><strong data-node-id=\"44.0\">Tus hijos ya no son unos ni\u00f1os, \u00bfte da miedo la adolescencia?<\/strong><\/p>\n<p data-journey-content=\"true\" data-node-id=\"46\" class=\"css-6wxqfj emevuu60\">No, lo estoy viviendo con alegr\u00edas y alguna vez con resignaci\u00f3n. Tengo la suerte de tener tres hijos que no me dan quebraderos de cabeza. Son ni\u00f1os muy buenos. La mayor empieza la universidad el a\u00f1o que viene. El tiempo vuela. <\/p>\n<p data-journey-content=\"true\" data-node-id=\"48\" class=\"css-6wxqfj emevuu60\"><strong data-node-id=\"48.0\">\u00bfAlguno de los tres seguir\u00e1 la saga familiar?<\/strong><\/p>\n<p data-journey-content=\"true\" data-node-id=\"50\" class=\"css-6wxqfj emevuu60\">El peque\u00f1o es el \u00fanico que quiere ser periodista.<\/p>\n<p data-journey-content=\"true\" data-node-id=\"52\" class=\"css-6wxqfj emevuu60\"><strong data-node-id=\"52.0\">\u00bfTe dar\u00e1 pena cuando vuelen del nido? Porque tu familia siempre ha sido muy pi\u00f1a.<\/strong><\/p>\n<p data-journey-content=\"true\" data-node-id=\"54\" class=\"css-6wxqfj emevuu60\">Me dar\u00e1 pena, pero es ley de vida. Mi madre siempre ha sido muy abierta con nosotros. Nos ha dado alas y siempre hemos vuelto a casa. Que vuelen del nido creo que es sano, porque tienen que construir su vida y equivocarse.<\/p>\n<p><img draggable=\"true\" alt=\"alejandra prat posa para su entrevista con la revista diez minutos\" title=\"Alejandra Prat posa para su entrevista con la revista Diez Minutos\" loading=\"lazy\" width=\"3000\" height=\"4493\" decoding=\"async\" data-nimg=\"1\" style=\"color:transparent;width:100%;height:auto;\"   src=\"https:\/\/www.europesays.com\/es\/wp-content\/uploads\/2025\/11\/alejandra-prat-entrevista-diez-minutos-vestido-azul-6914763e727f7.jpg\" class=\"css-0 e1g79fud0\"\/>Guillermo Jim\u00e9nez \/ HEARST<\/p>\n<p data-journey-content=\"true\" data-node-id=\"57\" class=\"css-6wxqfj emevuu60\"><strong data-node-id=\"57.0\">Tu madre es la gran desconocida de la familia. <\/strong><\/p>\n<p data-journey-content=\"true\" data-node-id=\"59\" class=\"css-6wxqfj emevuu60\">Puede ser. Es una mujer divertida y ha llegado a una edad que dice todo lo que piensa sin importarle. Ahora est\u00e1 muy contenta porque por fin han proclamado a mi padre Hijo P\u00f3stumo de Valencia. Un poco tarde, pero bueno. Se lo ten\u00edan que haber dado en vida, pero los gobernantes de ahora no son culpables de que no se lo diesen en el momento.<\/p>\n<p data-journey-content=\"true\" data-node-id=\"61\" class=\"css-6wxqfj emevuu60\"><strong data-node-id=\"61.0\">\u00bfPor qu\u00e9 en este pa\u00eds se tarda tanto en reconocer a los grandes?<\/strong><\/p>\n<p data-journey-content=\"true\" data-node-id=\"63\" class=\"css-6wxqfj emevuu60\">No se entiende. Pero a m\u00ed no me ha molestado que se lo dieran tan tarde, porque lo m\u00e1s importante es el reconocimiento del p\u00fablico y \u00e9l lo tuvo en vida. Hace treinta a\u00f1os que muri\u00f3 y todav\u00eda me paran en la calle para decirme lo maravilloso que era. La gente sigue hablando de \u00e9l como si estuviera vivo. Es un orgullo, a m\u00ed nunca me ha pesado la etiqueta de \u00abhija de\u00bb, porque me encantaba ver que la gente le quer\u00eda y profesionalmente era un todoterreno, y eso que la tele de ahora no es la de antes. <\/p>\n<blockquote data-theme-key=\"pullquote\" class=\"css-1eiql25 e1pe3zr91\">\n<blockquote class=\"css-16wh41i e1pe3zr90\"><p>\u00abNunca he tenido envidia de mi hermano. Al contrario, me alegra el \u00e9xito de la gente que me rodea\u00bb<\/p><\/blockquote>\n<\/blockquote>\n<p data-journey-content=\"true\" data-node-id=\"66\" class=\"css-6wxqfj emevuu60\"><strong data-node-id=\"66.0\">\u00bfTus padres han sido un ejemplo para ti en tu matrimonio?<\/strong><\/p>\n<p data-journey-content=\"true\" data-node-id=\"68\" class=\"css-6wxqfj emevuu60\">Totalmente. Mi padre era el hombre m\u00e1s enamorado del mundo y estaba siempre con mi madre. Mi casa siempre ha sido un matriarcado, porque mi madre era la jefa. Ellos han sido un ejemplo para m\u00ed a la hora de formar una familia.<\/p>\n<p data-journey-content=\"true\" data-node-id=\"70\" class=\"css-6wxqfj emevuu60\"><strong data-node-id=\"70.0\">\u00bfCu\u00e1l es el secreto de vuestro matrimonio?<\/strong><\/p>\n<p data-journey-content=\"true\" data-node-id=\"72\" class=\"css-6wxqfj emevuu60\">Llevamos 19 a\u00f1os juntos y estamos felices, y la pasi\u00f3n contin\u00faa, aunque hemos tenido nuestras cosas.<\/p>\n<p data-journey-content=\"true\" data-node-id=\"74\" class=\"css-6wxqfj emevuu60\"><strong data-node-id=\"74.0\">\u00bfHab\u00e9is tenido crisis?<\/strong><\/p>\n<p data-journey-content=\"true\" data-node-id=\"76\" class=\"css-6wxqfj emevuu60\">Yo no dir\u00eda que hayamos tenido crisis. A lo largo de todos estos a\u00f1os nos hemos tenido que adaptar el uno al otro.<\/p>\n<p data-journey-content=\"true\" data-node-id=\"78\" class=\"css-6wxqfj emevuu60\"><strong data-node-id=\"78.0\">Juan Manuel no pertenece a este mundo.<\/strong><\/p>\n<p data-journey-content=\"true\" data-node-id=\"80\" class=\"css-6wxqfj emevuu60\">No, y nunca ha querido cortarme las alas. Adem\u00e1s, yo tengo mi ego cubierto y no tengo la necesidad de demostrar lo que valgo. <\/p>\n<p data-journey-content=\"true\" data-node-id=\"82\" class=\"css-6wxqfj emevuu60\"><strong data-node-id=\"82.0\">Tienes 48 a\u00f1os, \u00bfcuesta el paso del tiempo?<\/strong><\/p>\n<p data-journey-content=\"true\" data-node-id=\"84\" class=\"css-6wxqfj emevuu60\">Hasta ahora no me costaba cumplir a\u00f1os, pero ya voy notando las arrugas, que las resacas no son iguales, te haces m\u00e1s selectiva a la hora de hacer planes. Ahora, tengo que cuidarme m\u00e1s f\u00edsicamente y en la alimentaci\u00f3n. Tengo la suerte de ser muy disciplinada.<\/p>\n<p data-journey-content=\"true\" data-node-id=\"86\" class=\"css-6wxqfj emevuu60\"><strong data-node-id=\"86.0\">Ten\u00e9is tres hijos, \u00bfJuan Manuel y t\u00fa busc\u00e1is huecos para estar los dos solos?<\/strong><\/p>\n<p data-journey-content=\"true\" data-node-id=\"88\" class=\"css-6wxqfj emevuu60\">Claro. Eso es muy importante para una pareja. La suerte es que ahora nuestros  hijos tienen una edad que est\u00e1n deseando que nos vayamos de casa. <\/p>\n<blockquote data-theme-key=\"pullquote\" class=\"css-1eiql25 e1pe3zr91\">\n<blockquote class=\"css-16wh41i e1pe3zr90\"><p>\u00abMi hermano Joaqu\u00edn me exige m\u00e1s a m\u00ed que a cualquier otro colaborador del programa\u00bb<\/p><\/blockquote>\n<\/blockquote>\n<p data-journey-content=\"true\" data-node-id=\"91\" class=\"css-6wxqfj emevuu60\"><strong data-node-id=\"91.0\">Casi veinte a\u00f1os juntos, \u00bfhas sacrificado cosas profesionalmente?<\/strong><\/p>\n<p data-journey-content=\"true\" data-node-id=\"93\" class=\"css-6wxqfj emevuu60\">No, creo que no he desaprovechado oportunidades. He hecho lo que he querido. Me he podido haber equivocado. Cuando tuve a mi hijo peque\u00f1o, s\u00ed me quise retirar y disfrutar de aquel momento. No me arrepiento.<\/p>\n<p data-journey-content=\"true\" data-node-id=\"95\" class=\"css-6wxqfj emevuu60\"><strong data-node-id=\"95.0\">La adolescencia de ahora no es la misma que la de antes. Hay nuevas herramientas como las redes sociales.<\/strong><\/p>\n<p data-journey-content=\"true\" data-node-id=\"97\" class=\"css-6wxqfj emevuu60\">Ya, pero a m\u00ed no me da miedo porque lo que tenga que venir, vendr\u00e1. No soy una madre obsesiva, aunque intento que no se expongan demasiado. Hay una cosa graciosa, ellos siempre me preguntan por qu\u00e9 en las revistas les tapan la cara. No les gusta nada.<\/p>\n<p><img draggable=\"true\" alt=\"alejandra prat posa para su entrevista con la revista diez minutos\" title=\"Alejandra Prat posa para su entrevista con la revista Diez Minutos\" loading=\"lazy\" width=\"3000\" height=\"4500\" decoding=\"async\" data-nimg=\"1\" style=\"color:transparent;width:100%;height:auto;\"   src=\"https:\/\/www.europesays.com\/es\/wp-content\/uploads\/2025\/11\/alejandra-prat-entrevista-diez-minutos-chaqueta-marron-6914763e7cd71.jpg\" class=\"css-0 e1g79fud0\"\/>Guillermo Jim\u00e9nez \/ HEARSTLa periodista lleva una chaqueta de <a href=\"https:\/\/go.redirectingat.com?id=86370X1538915&amp;url=https%3A%2F%2Fwww.sezane.com%2Fes-es\" target=\"_blank\" rel=\"nofollow noopener\" data-vars-ga-outbound-link=\"https:\/\/www.sezane.com\/es-es\" data-vars-ga-ux-element=\"Hyperlink\" data-vars-ga-call-to-action=\"Sezane\" data-vars-ga-product-id=\"8404c431-3c0f-4787-b15a-75d85b96f896\" data-href=\"https:\/\/www.sezane.com\/es-es\" data-product-url=\"https:\/\/www.sezane.com\/es-es\" data-affiliate=\"true\" data-affiliate-url=\"https:\/\/go.redirectingat.com?id=86370X1538915&amp;url=https%3A%2F%2Fwww.sezane.com%2Fes-es\" data-affiliate-network=\"{&quot;afflink_redirect&quot;:&quot;\/_p\/afflink\/zYRb\/sezane-s-es-es&quot;,&quot;site_id&quot;:&quot;b22e688a-7e22-416b-81d8-c6bfbd6717c5&quot;,&quot;network&quot;:{&quot;name&quot;:&quot;&quot;}}\" data-vars-ga-product-price=\"0,00\u00a0$\" data-vars-ga-product-retailer-id=\"f1c44f7c-f752-4f46-88a9-ec1878fae5f2\" data-vars-ga-link-treatment=\"(not set) | (not set)\" class=\"body-link product-links css-177bzfx e1aq0z090\">Sezane<\/a>, 420 \u20ac; camiseta de <a href=\"https:\/\/www.americanvintage-store.com\/es\/es\/\" target=\"_blank\" rel=\"nofollow noopener\" data-vars-ga-outbound-link=\"https:\/\/www.americanvintage-store.com\/es\/es\/\" data-vars-ga-ux-element=\"Hyperlink\" data-vars-ga-call-to-action=\"American Vintage\" class=\"body-link css-177bzfx emevuu60\">American Vintage<\/a>, 50 \u20ac; vaqueros de <a href=\"https:\/\/es.maje.com\/\" target=\"_blank\" rel=\"nofollow noopener\" data-vars-ga-outbound-link=\"https:\/\/es.maje.com\/\" data-vars-ga-ux-element=\"Hyperlink\" data-vars-ga-call-to-action=\"Maje\" data-vars-ga-product-id=\"6cca05b6-5fd5-4b52-ba07-c577a53e4634\" data-href=\"https:\/\/es.maje.com\/\" data-product-url=\"https:\/\/es.maje.com\/\" data-affiliate=\"false\" data-affiliate-network=\"\" data-vars-ga-product-price=\"0,00\u00a0$\" data-vars-ga-product-retailer-id=\"d2cda000-8c4d-4cde-9d7f-b51492017783\" data-vars-ga-link-treatment=\"(not set) | (not set)\" class=\"body-link product-links css-177bzfx e1aq0z090\" data->Maje<\/a>, 215 \u20ac; pendientes y collar de <a href=\"https:\/\/coolook.es\/\" target=\"_blank\" rel=\"nofollow noopener\" data-vars-ga-outbound-link=\"https:\/\/coolook.es\/\" data-vars-ga-ux-element=\"Hyperlink\" data-vars-ga-call-to-action=\"Coolook\" class=\"body-link css-177bzfx emevuu60\">Coolook<\/a>, 129 \u20ac y 397 \u20ac.<\/p>\n<p data-journey-content=\"true\" data-node-id=\"100\" class=\"css-6wxqfj emevuu60\"><strong data-node-id=\"100.0\">Has dado tus pasos en el mundo de la moda. <\/strong><\/p>\n<p data-journey-content=\"true\" data-node-id=\"102\" class=\"css-6wxqfj emevuu60\">S\u00ed, y f\u00edjate que me veo mejor ahora que antes. Ahora, ser\u00eda modelo madurita, pero \u00faltimamente no me llaman. <\/p>\n<p data-journey-content=\"true\" data-node-id=\"104\" class=\"css-6wxqfj emevuu60\"><strong data-node-id=\"104.0\">\u00bfEres celosa?<\/strong><\/p>\n<p data-journey-content=\"true\" data-node-id=\"106\" class=\"css-6wxqfj emevuu60\">Alguna vez s\u00ed lo he sido y se lo digo a mi marido. Aunque tambi\u00e9n es verdad que si te quieren enga\u00f1ar, lo van a hacer igual. Y ahora creo que perdonar\u00eda una infidelidad, antes ni loca.<\/p>\n<p>Los secretos de Alejandra Prat al descubierto<img draggable=\"true\" alt=\"alejandra prat junto al maquillador y peluquero javier reyes para su entrevista con la revista diez minutos\" title=\"Alejandra Prat junto al maquillador y peluquero Javier Reyes para su entrevista con la revista Diez Minutos\" loading=\"lazy\" width=\"3000\" height=\"2244\" decoding=\"async\" data-nimg=\"1\" style=\"color:transparent;width:100%;height:auto;\"   src=\"https:\/\/www.europesays.com\/es\/wp-content\/uploads\/2025\/11\/alejandra-prat-entrevista-diez-minutos-maquillador-javier-reyes-6914763e3a73f.jpg\" class=\"css-0 e1g79fud0\"\/>Guillermo Jim\u00e9nez \/ HEARST<\/p>\n<p>Alejandra Prat junto al maquillador y peluquero Javier Reyes para su entrevista con la revista Diez Minutos.<\/p>\n<p data-journey-content=\"true\" data-node-id=\"110\" class=\"css-6wxqfj emevuu60\"><strong data-node-id=\"110.0\">Antes de irme a la cama\u2026<\/strong> Me lavo muy bien la piel.<\/p>\n<p data-journey-content=\"true\" data-node-id=\"112\" class=\"css-6wxqfj emevuu60\"><strong data-node-id=\"112.0\">Mi producto de belleza ideal\u2026<\/strong> Voy por temporadas. Ahora me gusta un producto natural que es una crema hidratante con aceite de oliva.<\/p>\n<p data-journey-content=\"true\" data-node-id=\"114\" class=\"css-6wxqfj emevuu60\"><strong data-node-id=\"114.0\">Mi perfume\u2026<\/strong> Dior.<\/p>\n<p data-journey-content=\"true\" data-node-id=\"116\" class=\"css-6wxqfj emevuu60\"><strong data-node-id=\"116.0\">En mi neceser siempre llevo\u2026<\/strong> Perfilador de labios, base de maquillaje y cremas.<\/p>\n<p data-journey-content=\"true\" data-node-id=\"118\" class=\"css-6wxqfj emevuu60\"><strong data-node-id=\"118.0\">Dieta\u2026 <\/strong>S\u00ed, sana para mantener mi peso.<\/p>\n<p data-journey-content=\"true\" data-node-id=\"120\" class=\"css-6wxqfj emevuu60\"><strong data-node-id=\"120.0\">Cirug\u00eda est\u00e9tica&#8230;<\/strong> A d\u00eda de hoy solo me pincho vitaminas con mi doctora Amaya Jim\u00e9nez.<\/p>\n<p>Los favoritos de belleza del maquillador Javier Reyes para Alejandra Prat<\/p>\n<p>Delfy Cosmetics Colorete l\u00edquido Kiss and Blush Terracotta Tubo<\/p>\n<p><a target=\"_blank\" rel=\"nofollow noopener\" data-theme-key=\"product-image-wrapper\" href=\"https:\/\/www.delfycosmetics.com\/es\/maquillaje\/kiss-and-blush-terracotta-tubo\" aria-label=\"22\u00a0\u20ac en Delfy Cosmetics for Colorete l\u00edquido Kiss and Blush Terracotta Tubo\" data-href=\"https:\/\/www.delfycosmetics.com\/es\/maquillaje\/kiss-and-blush-terracotta-tubo\" data-product-url=\"https:\/\/www.delfycosmetics.com\/es\/maquillaje\/kiss-and-blush-terracotta-tubo\" data-affiliate=\"false\" data-affiliate-network=\"\" data-vars-ga-call-to-action=\"22\u00a0\u20ac en Delfy Cosmetics\" data-vars-ga-media-role=\"\" data-vars-ga-media-type=\"Single Product Embed\" data-vars-ga-outbound-link=\"https:\/\/www.delfycosmetics.com\/es\/maquillaje\/kiss-and-blush-terracotta-tubo\" data-vars-ga-product-brand=\"Delfy Cosmetics\" data-vars-ga-product-id=\"227e0135-96d9-4fd0-ab08-80a191f48649\" data-vars-ga-product-price=\"22,00\u00a0\u20ac\" data-vars-ga-product-retailer-id=\"0e4d3bc3-e684-4a72-976b-0877e38177da\" data-vars-ga-product-sem3-brand=\"Delfy Cosmetics\" data-vars-ga-link-treatment=\"(not set) | (not set)\" class=\"product-image-link ebgq4gw2 e1b8bpvs0 css-1b9n4r1 e1c1bym14\" data-><img  alt=\"Colorete l\u00edquido Kiss and Blush Terracotta Tubo\" title=\"Colorete l\u00edquido Kiss and Blush Terracotta Tubo\" src=\"https:\/\/www.europesays.com\/es\/wp-content\/uploads\/2025\/11\/1744799969-shy-tubo-67ff85dfad1aa.png\" width=\"1080\" height=\"1080\" decoding=\"async\" loading=\"lazy\"\/><\/a>Cr\u00e9dito: Delfy Cosmetics<\/p>\n<p>Delfy Cosmetics Delineador de larga duraci\u00f3n para ojos Long Lasting WP Eyeliner<\/p>\n<p><a target=\"_blank\" rel=\"nofollow noopener\" data-theme-key=\"product-image-wrapper\" href=\"https:\/\/www.delfycosmetics.com\/es\/maquillaje\/eyeliner\/long-lasting-wp-eyeliner\" aria-label=\"15\u00a0\u20ac en Delfy Cosmetics for Delineador de larga duraci\u00f3n para ojos Long Lasting WP Eyeliner\" data-href=\"https:\/\/www.delfycosmetics.com\/es\/maquillaje\/eyeliner\/long-lasting-wp-eyeliner\" data-product-url=\"https:\/\/www.delfycosmetics.com\/es\/maquillaje\/eyeliner\/long-lasting-wp-eyeliner\" data-affiliate=\"false\" data-affiliate-network=\"\" data-vars-ga-call-to-action=\"15\u00a0\u20ac en Delfy Cosmetics\" data-vars-ga-media-role=\"\" data-vars-ga-media-type=\"Single Product Embed\" data-vars-ga-outbound-link=\"https:\/\/www.delfycosmetics.com\/es\/maquillaje\/eyeliner\/long-lasting-wp-eyeliner\" data-vars-ga-product-brand=\"Delfy Cosmetics\" data-vars-ga-product-id=\"2a8623ca-2ba6-4cea-9c64-d7ce5b222a29\" data-vars-ga-product-price=\"15,00\u00a0\u20ac\" data-vars-ga-product-retailer-id=\"bdaaa06a-5814-45d9-baba-fca990db3195\" data-vars-ga-product-sem3-brand=\"Delfy Cosmetics\" data-vars-ga-link-treatment=\"sale | (not set)\" class=\"product-image-link ebgq4gw2 e1b8bpvs0 css-1b9n4r1 e1c1bym14\" data-><img  alt=\"Delineador de larga duraci\u00f3n para ojos Long Lasting WP Eyeliner\" title=\"Delineador de larga duraci\u00f3n para ojos Long Lasting WP Eyeliner\" src=\"https:\/\/www.europesays.com\/es\/wp-content\/uploads\/2025\/11\/1760456532-delfy-eyerline-68ee6dc580dba.jpg\" width=\"4800\" height=\"7200\" decoding=\"async\" loading=\"lazy\"\/><\/a><\/p>\n<p>Ahora 21% de descuento<\/p>\n<p>Cr\u00e9dito: Delfy Cosmetics<\/p>\n<p>Delfy Cosmetics Elixir de juventud<\/p>\n<p><a target=\"_blank\" rel=\"nofollow noopener\" data-theme-key=\"product-image-wrapper\" href=\"https:\/\/www.delfycosmetics.com\/es\/piel\/elixir-de-juventud\" aria-label=\"32\u00a0\u20ac en Delfy Cosmetics for Elixir de juventud\" data-href=\"https:\/\/www.delfycosmetics.com\/es\/piel\/elixir-de-juventud\" data-product-url=\"https:\/\/www.delfycosmetics.com\/es\/piel\/elixir-de-juventud\" data-affiliate=\"false\" data-affiliate-network=\"\" data-vars-ga-call-to-action=\"32\u00a0\u20ac en Delfy Cosmetics\" data-vars-ga-media-role=\"\" data-vars-ga-media-type=\"Single Product Embed\" data-vars-ga-outbound-link=\"https:\/\/www.delfycosmetics.com\/es\/piel\/elixir-de-juventud\" data-vars-ga-product-brand=\"Delfy Cosmetics\" data-vars-ga-product-id=\"d437c0ed-5313-4f0d-9554-7127d2e170fb\" data-vars-ga-product-price=\"32,00\u00a0\u20ac\" data-vars-ga-product-retailer-id=\"0fcf9e56-e5e7-41ed-8c4e-cc3740f7ee3f\" data-vars-ga-product-sem3-brand=\"Delfy Cosmetics\" data-vars-ga-link-treatment=\"(not set) | (not set)\" class=\"product-image-link ebgq4gw2 e1b8bpvs0 css-1b9n4r1 e1c1bym14\" data-><img  alt=\"Elixir de juventud\" title=\"Elixir de juventud\" src=\"https:\/\/www.europesays.com\/es\/wp-content\/uploads\/2025\/11\/1748443223-delfy-cosmetics-elixir-juventud-6837201439a55.jpg\" width=\"2400\" height=\"2400\" decoding=\"async\" loading=\"lazy\"\/><\/a>Cr\u00e9dito: Delfy Cosmetics<\/p>\n<p>Delfy Cosmetics Labial l\u00edquido Lipfix en el tono Cameo<\/p>\n<p><a target=\"_blank\" rel=\"nofollow noopener\" data-theme-key=\"product-image-wrapper\" href=\"https:\/\/www.delfycosmetics.com\/es\/cameo\" aria-label=\"22\u00a0\u20ac en Delfy Cosmetics for Labial l\u00edquido Lipfix en el tono Cameo\" data-href=\"https:\/\/www.delfycosmetics.com\/es\/cameo\" data-product-url=\"https:\/\/www.delfycosmetics.com\/es\/cameo\" data-affiliate=\"false\" data-affiliate-network=\"\" data-vars-ga-call-to-action=\"22\u00a0\u20ac en Delfy Cosmetics\" data-vars-ga-media-role=\"\" data-vars-ga-media-type=\"Single Product Embed\" data-vars-ga-outbound-link=\"https:\/\/www.delfycosmetics.com\/es\/cameo\" data-vars-ga-product-brand=\"Delfy Cosmetics\" data-vars-ga-product-id=\"4f4ea3b7-0118-45fd-8438-b28ca8558edc\" data-vars-ga-product-price=\"22,00\u00a0\u20ac\" data-vars-ga-product-retailer-id=\"006a9dfe-0be2-44cd-bf23-219ba3722c1a\" data-vars-ga-product-sem3-brand=\"Delfy Cosmetics\" data-vars-ga-link-treatment=\"(not set) | (not set)\" class=\"product-image-link ebgq4gw2 e1b8bpvs0 css-1b9n4r1 e1c1bym14\" data-><img  alt=\"Labial l\u00edquido Lipfix en el tono Cameo\" title=\"Labial l\u00edquido Lipfix en el tono Cameo\" src=\"https:\/\/www.europesays.com\/es\/wp-content\/uploads\/2025\/11\/1762950011-labial-liquido-lipfix-tono-cameo-delfy-cosmetics-69147b1c3cfc7.jpg\" width=\"3000\" height=\"3000\" decoding=\"async\" loading=\"lazy\"\/><\/a>Cr\u00e9dito: Delfy CosmeticsCita con Alejandra Prat en &#8216;Lobito de Mar&#8217;, de Dani Garc\u00eda<img draggable=\"true\" alt=\"imagen del interior del restaurante lobito de mar, de dani garcia, en madrid\" title=\"imagen del interior del restaurante Lobito de Mar, de Dani Garcia, en Madrid\" loading=\"lazy\" width=\"3000\" height=\"2112\" decoding=\"async\" data-nimg=\"1\" style=\"color:transparent;width:100%;height:auto;\"   src=\"https:\/\/www.europesays.com\/es\/wp-content\/uploads\/2025\/11\/lobito-de-mar-dani-garcia-6914787b9c15a.jpg\" class=\"css-0 e1g79fud0\"\/><\/p>\n<p>Guillermo Jim\u00e9nez \/ HEARST<\/p>\n<p data-journey-content=\"true\" data-node-id=\"129\" class=\"css-6wxqfj emevuu60\">Quedamos con Alejandra en uno de sus restaurantes favoritos de Madrid, <a href=\"https:\/\/grupodanigarcia.com\/lobito-de-mar\/madrid\/\" target=\"_blank\" rel=\"nofollow noopener\" data-vars-ga-outbound-link=\"https:\/\/grupodanigarcia.com\/lobito-de-mar\/madrid\/\" data-vars-ga-ux-element=\"Hyperlink\" data-vars-ga-call-to-action=\"Lobito de Mar\" data-node-id=\"129.1\" class=\"body-link css-177bzfx emevuu60\"><strong data-node-id=\"129.1.0\">Lobito de Mar<\/strong><\/a>, ubicado en plena Milla de Oro. Un lugar donde se puede disfrutar de las mejores recetas del aclamado Dani Garc\u00eda. Un lugar excelente para celebrar las pr\u00f3ximas fiestas navide\u00f1as.<\/p>\n<p data-journey-content=\"true\" data-node-id=\"131\" class=\"body-tip body-accented-tip css-zm1dlw emevuu60\"><strong data-node-id=\"131.0.0\">Texto<\/strong>: Daniel I. Carande | <strong data-node-id=\"131.0.2\">Fotos<\/strong>: Guillermo Jim\u00e9nez | <strong data-node-id=\"131.0.4\">Ayudante de fotograf\u00eda<\/strong>: Asun Penalva |  <strong data-node-id=\"131.0.6\">Estilismo<\/strong>: Mar\u00eda \u00c1lvarez | <strong data-node-id=\"131.0.8\">Maquillaje y peluquer\u00eda<\/strong>: Javier Reyes para Delfy | <strong data-node-id=\"131.0.10\">Agradecimientos<\/strong>: <a href=\"https:\/\/grupodanigarcia.com\/lobito-de-mar\/madrid\/\" target=\"_blank\" rel=\"nofollow noopener\" data-vars-ga-outbound-link=\"https:\/\/grupodanigarcia.com\/lobito-de-mar\/madrid\/\" data-vars-ga-ux-element=\"Hyperlink\" data-vars-ga-call-to-action=\"Restaurante Lobito de Mar\" data-node-id=\"131.0.12\" class=\"body-link css-177bzfx emevuu60\">Restaurante Lobito de Mar<\/a>. Calle de Jorge Juan, 10. Madrid. Telf.: 910 889 440.<\/p>\n<p><img src=\"https:\/\/www.europesays.com\/es\/wp-content\/uploads\/2025\/11\/1763322854_136_8a75e71c-2402-402f-a0f3-a153ec2a9ecd_1700564588.file\" alt=\"Headshot of Daniel I. Carande\" title=\"Headshot of Daniel I. Carande\" width=\"100%\" height=\"100%\" decoding=\"async\" loading=\"lazy\" class=\"css-o0wq4v ev8dhu53\"\/><\/p>\n<p>Daniel I. Carande \u00a0lleva dos d\u00e9cadas en el mundo de la prensa del coraz\u00f3n. Con veinte a\u00f1os comenz\u00f3 su andadura en la revista Diez Minutos, donde contin\u00faa cubriendo las mejores fiestas de nuestro pa\u00eds, hace diferentes reportajes y entrevistas a los rostros m\u00e1s conocidos de nuestro pa\u00eds. Durante unos a\u00f1os, compagin\u00f3 su actividad en la prensa escrita en la revista \u00a1Qu\u00e9 me dices!.\u00a0<\/p>\n<p>\u00a0La radio tambi\u00e9n se ha cruzado en su camino. Desde hace diez a\u00f1os, es uno de los colaboradores en la secci\u00f3n radiof\u00f3nica de \u2018Cr\u00f3nica Rosa\u2019 de \u2018Es la ma\u00f1ana de Federico\u2019 programa presentado por Federico Jim\u00e9nez Losantos en Esradio.\u00a0<\/p>\n<p>\u00a0Adem\u00e1s, tambi\u00e9n ha participado en diferentes programas de televisi\u00f3n como \u2018Las ma\u00f1anas de Cuatro\u2019, \u2018Las ma\u00f1anas\u2019 (La 1 de TVE), \u2018Estando contigo\u2019 (Canal Castilla La Mancha) y actualmente es uno de los colaboradores del programa de Antena 3 \u2018Y ahora, Sonsoles\u2019, presentado por Sonsoles \u00d3nega.\u00a0<\/p>\n<p>\u00a0Estudi\u00f3 Periodismo en la la Universidad San Pablo-CEU de Madrid. Y desde el principio ten\u00eda claro que lo suyo era comunicar y colarnos en la vidas y casas de los famosos m\u00e1s relevantes de nuestro pa\u00eds gracias a sus cr\u00f3nicas y a sus entrevistas.\u00a0<\/p>\n","protected":false},"excerpt":{"rendered":"Alejandra Prat pertenece a una de las sagas televisivas m\u00e1s queridas. Hija y hermana de grandes profesionales de&hellip;\n","protected":false},"author":2,"featured_media":239617,"comment_status":"","ping_status":"","sticky":false,"template":"","format":"standard","meta":{"footnotes":""},"categories":[174],"tags":[1655,255,253,146,147,25,24,256,12719,23],"class_list":{"0":"post-239616","1":"post","2":"type-post","3":"status-publish","4":"format-standard","5":"has-post-thumbnail","7":"category-famosos","8":"tag-afiliacion","9":"tag-celebrities","10":"tag-discover","11":"tag-entertainment","12":"tag-entretenimiento","13":"tag-es","14":"tag-espana","15":"tag-famosos","16":"tag-print","17":"tag-spain"},"share_on_mastodon":{"url":"https:\/\/pubeurope.com\/@es\/115561133970233103","error":""},"_links":{"self":[{"href":"https:\/\/www.europesays.com\/es\/wp-json\/wp\/v2\/posts\/239616","targetHints":{"allow":["GET"]}}],"collection":[{"href":"https:\/\/www.europesays.com\/es\/wp-json\/wp\/v2\/posts"}],"about":[{"href":"https:\/\/www.europesays.com\/es\/wp-json\/wp\/v2\/types\/post"}],"author":[{"embeddable":true,"href":"https:\/\/www.europesays.com\/es\/wp-json\/wp\/v2\/users\/2"}],"replies":[{"embeddable":true,"href":"https:\/\/www.europesays.com\/es\/wp-json\/wp\/v2\/comments?post=239616"}],"version-history":[{"count":0,"href":"https:\/\/www.europesays.com\/es\/wp-json\/wp\/v2\/posts\/239616\/revisions"}],"wp:featuredmedia":[{"embeddable":true,"href":"https:\/\/www.europesays.com\/es\/wp-json\/wp\/v2\/media\/239617"}],"wp:attachment":[{"href":"https:\/\/www.europesays.com\/es\/wp-json\/wp\/v2\/media?parent=239616"}],"wp:term":[{"taxonomy":"category","embeddable":true,"href":"https:\/\/www.europesays.com\/es\/wp-json\/wp\/v2\/categories?post=239616"},{"taxonomy":"post_tag","embeddable":true,"href":"https:\/\/www.europesays.com\/es\/wp-json\/wp\/v2\/tags?post=239616"}],"curies":[{"name":"wp","href":"https:\/\/api.w.org\/{rel}","templated":true}]}}