{"id":239618,"date":"2025-11-16T19:55:10","date_gmt":"2025-11-16T19:55:10","guid":{"rendered":"https:\/\/www.europesays.com\/es\/239618\/"},"modified":"2025-11-16T19:55:10","modified_gmt":"2025-11-16T19:55:10","slug":"mi-padre-siempre-llevo-este-lugar-en-su-corazon","status":"publish","type":"post","link":"https:\/\/www.europesays.com\/es\/239618\/","title":{"rendered":"Mi padre siempre llev\u00f3 este lugar en su coraz\u00f3n"},"content":{"rendered":"<p class=\"ft-text\">Naci\u00f3 en el n\u00famero 11 de la emblem\u00e1tica <strong>calle del Agua<\/strong>, en pleno centro de <a class=\"ft-link ft-link--decoration\" href=\"https:\/\/www.lne.es\/villaviciosa\/\" rel=\"nofollow noopener\" target=\"_blank\">Villaviciosa<\/a>, y, aunque abandon\u00f3 su localidad natal a la temprana edad de diez a\u00f1os, tras la muerte de su padre durante la Guerra Civil, \u00absiempre tuvo sus or\u00edgenes muy presentes\u00bb. As\u00ed lo afirma <strong>Antonio Roble<\/strong>, amigo de infancia y principal promotor de que el pintor maliay\u00e9s<a class=\"ft-link ft-link--decoration\" href=\"https:\/\/www.lne.es\/sociedad\/2021\/11\/03\/fallece-artista-maliayes-luis-fernando-59097931.html\" rel=\"nofollow noopener\" target=\"_blank\"> Luis Fernando Aguirre<\/a> cuente desde este domingo con una<strong> placa conmemorativa<\/strong> en la fachada de la casa donde naci\u00f3.<\/p>\n<p class=\"ft-text\">La <strong>iniciativa <\/strong>parti\u00f3 del propio Roble, tambi\u00e9n pintor local, \u00aba ra\u00edz de una <strong>exposici\u00f3n <\/strong>retrospectiva que se realiz\u00f3 en la Casa de los Hevia despu\u00e9s de que falleciera\u00bb. La propuesta \u00abfue <strong>aprobada en un pleno<\/strong> celebrado hace aproximadamente a\u00f1o y medio por <strong>unanimidad <\/strong>y hoy, por fin, lo hacemos realidad\u00bb.<\/p>\n<p class=\"ft-text\">Al acto acudieron el <strong>alcalde de Villaviciosa, Alejandro Vega<\/strong>, y los <strong>hijos <\/strong>del artista <strong>Jos\u00e9 Ram\u00f3n, Oky y Nadia Aguirre<\/strong>, fruto de su matrimonio con <strong>Cecilia Alonso<\/strong> (fallecida en 2012), que se trasladaron desde Madrid para estar presentes en una ocasi\u00f3n tan especial. <strong>\u00abHoy cerramos un c\u00edrculo\u00bb<\/strong>, comentaron. Y es que el <strong>sue\u00f1o <\/strong>de su padre siempre fue <strong>\u00abregresar a sus or\u00edgenes\u00bb<\/strong>.<\/p>\n<p>Una vinculaci\u00f3n especial<\/p>\n<p class=\"ft-text\">Luis Fernando Aguirre fue un <strong>pintor y periodista visual<\/strong> con una mirada cr\u00edtica y po\u00e9tica que atraves\u00f3 toda la segunda mitad del siglo XX en Espa\u00f1a. De vocaci\u00f3n <strong>autodidacta<\/strong>, abandon\u00f3 la carrera de Derecho para dedicarse a la pintura y, en <strong>1964<\/strong>, realiz\u00f3 su <strong>primera exposici\u00f3n<\/strong> individual en la Galer\u00eda Quixote de <strong>Madrid<\/strong>. Falleci\u00f3 en noviembre de 2021, y \u00ablos \u00faltimos a\u00f1os de su vida, cuando ya empez\u00f3 a enfermar, siempre nos contaba cosas de su <strong>infancia en Villaviciosa<\/strong> y hasta hab\u00eda veces en las que nos hablaba en asturiano\u00bb. Nunca fue capaz de olvidarla. <strong>\u00abLa llevaba en su coraz\u00f3n\u00bb. <\/strong><\/p>\n<p class=\"ft-text\">Tanto es as\u00ed que Jos\u00e9 Ram\u00f3n Aguirre recuerda que \u00abcuando yo viajaba a <strong>Asturias<\/strong>, siempre me dec\u00eda que fuera a la villa, que sacara fotos y que le contara\u00bb. As\u00ed que \u00e9l, obediente, cumpl\u00eda e, incluso, \u00able hac\u00eda videollamadas para que \u00e9l pudiera verlo en directo\u00bb. <strong>\u00abLloraba porque se emocionaba recordando\u00bb<\/strong>, a\u00f1ade su hija.<\/p>\n<p>\u00abUna gran satisfacci\u00f3n\u00bb<\/p>\n<p class=\"ft-text\">Reconocen que \u00abno fue un pintor de los m\u00e1s famosos, pero s\u00ed que fue destacado y creemos que <strong>nunca se le dio el lugar que \u00e9l realmente merec\u00eda<\/strong>\u00ab. Para sus hijos, la instalaci\u00f3n de esta placa conmemorativa que, adem\u00e1s, lleva <strong>grabada su firma de artista<\/strong>, \u00abes una gran <strong>satisfacci\u00f3n<\/strong>\u00ab. Destacan, adem\u00e1s, la casualidad de que en la planta baja de la casa donde Aguirre naci\u00f3, que \u00abantiguamente era una lecher\u00eda\u00bb, haya una tienda de marcos y molduras. \u00ab<strong>Al final todo est\u00e1 relacionado con el arte\u00bb. <\/strong><\/p>\n<p class=\"ft-text\">El recuerdo que este domingo se descubr\u00eda en Villaviciosa, no es la \u00fanica huella que el pintor tiene en la localidad. \u00abTenemos la suerte de contar con tres de sus obras en la <strong>Casa de los Hevia, el Ateneo y la Fundaci\u00f3n Card\u00edn<\/strong> gracias a la generosidad de su familia\u00bb, coment\u00f3 Alejandro Vega. <strong>\u00abSeguro que desde donde est\u00e9, tendr\u00e1 un profundo agradecimiento y felicidad por hacer posible este recuerdo en su honor\u00bb, <\/strong>concluy\u00f3.<\/p>\n","protected":false},"excerpt":{"rendered":"Naci\u00f3 en el n\u00famero 11 de la emblem\u00e1tica calle del Agua, en pleno centro de Villaviciosa, y, aunque&hellip;\n","protected":false},"author":2,"featured_media":239619,"comment_status":"","ping_status":"","sticky":false,"template":"","format":"standard","meta":{"footnotes":""},"categories":[173],"tags":[229,233,231,230,232,234,146,147,25,24,6552,7820,475,3656,23,12140],"class_list":{"0":"post-239618","1":"post","2":"type-post","3":"status-publish","4":"format-standard","5":"has-post-thumbnail","7":"category-arte-y-diseno","8":"tag-arte","9":"tag-arte-y-diseno","10":"tag-arts","11":"tag-arts-and-design","12":"tag-design","13":"tag-diseno","14":"tag-entertainment","15":"tag-entretenimiento","16":"tag-es","17":"tag-espana","18":"tag-homenaje","19":"tag-luis","20":"tag-pintor","21":"tag-rinde","22":"tag-spain","23":"tag-villaviciosa"},"share_on_mastodon":{"url":"","error":""},"_links":{"self":[{"href":"https:\/\/www.europesays.com\/es\/wp-json\/wp\/v2\/posts\/239618","targetHints":{"allow":["GET"]}}],"collection":[{"href":"https:\/\/www.europesays.com\/es\/wp-json\/wp\/v2\/posts"}],"about":[{"href":"https:\/\/www.europesays.com\/es\/wp-json\/wp\/v2\/types\/post"}],"author":[{"embeddable":true,"href":"https:\/\/www.europesays.com\/es\/wp-json\/wp\/v2\/users\/2"}],"replies":[{"embeddable":true,"href":"https:\/\/www.europesays.com\/es\/wp-json\/wp\/v2\/comments?post=239618"}],"version-history":[{"count":0,"href":"https:\/\/www.europesays.com\/es\/wp-json\/wp\/v2\/posts\/239618\/revisions"}],"wp:featuredmedia":[{"embeddable":true,"href":"https:\/\/www.europesays.com\/es\/wp-json\/wp\/v2\/media\/239619"}],"wp:attachment":[{"href":"https:\/\/www.europesays.com\/es\/wp-json\/wp\/v2\/media?parent=239618"}],"wp:term":[{"taxonomy":"category","embeddable":true,"href":"https:\/\/www.europesays.com\/es\/wp-json\/wp\/v2\/categories?post=239618"},{"taxonomy":"post_tag","embeddable":true,"href":"https:\/\/www.europesays.com\/es\/wp-json\/wp\/v2\/tags?post=239618"}],"curies":[{"name":"wp","href":"https:\/\/api.w.org\/{rel}","templated":true}]}}