{"id":239620,"date":"2025-11-16T19:57:08","date_gmt":"2025-11-16T19:57:08","guid":{"rendered":"https:\/\/www.europesays.com\/es\/239620\/"},"modified":"2025-11-16T19:57:08","modified_gmt":"2025-11-16T19:57:08","slug":"es-facil-valorar-las-vidas-de-otros-sin-vivirla","status":"publish","type":"post","link":"https:\/\/www.europesays.com\/es\/239620\/","title":{"rendered":"Es f\u00e1cil valorar las vidas de otros sin vivirla"},"content":{"rendered":"<p class=\"c-paragraph\"><b>Israel Pita<\/b> ha echado la vista atr\u00e1s para recordar su paso por GH 1, el programa que le lanz\u00f3 a la fama. El gallego, que <b>vivi\u00f3 la experiencia junto a Silvia, de la que se enamor\u00f3 en la casa<\/b>, ha querido lanzar una<b> profunda y, a la vez, dura reflexi\u00f3n<\/b> a trav\u00e9s de sus redes sociales.<\/p>\n<p class=\"c-paragraph\">\u00abSois much@s los que me mand\u00e1is fotos, recortes o recuerdos de aquel entonces por el que &#8216;nos conocimos&#8217;. Primero de nada, agradeceros el detalle de compartir vuestras vivencias y a\u00f1oranzas de aquellos tiempos, y lo segundo (y que me llama much\u00edsimo la atenci\u00f3n) es que casi todos me hac\u00e9is las mismas preguntas y reflexiones acerca de lo que sent\u00ed y c\u00f3mo fue todo aquello\u00bb, comenta junto a una serie de im\u00e1genes de la \u00e9poca.<\/p>\n<p class=\"c-paragraph\">\u00abMe doy cuenta que todos veis aquella experiencia como algo positivo, o que &#8216;fue la hostia&#8217;. Algunos hasta dej\u00e1is caer que si os pasase algo as\u00ed ser\u00eda lo mejor de vuestra vida, o que &#8216;ser\u00eda un sue\u00f1o&#8217;. Con lo que os voy a decir no quiero que pens\u00e9is que no lo fue, pero a veces y m\u00e1s con el paso de los a\u00f1os,<b> me pongo a reflexionar sobre lo que sucedi\u00f3 y veo que todo lo positivo a veces encierra cosas negativas<\/b> y que, por el contrario, todo lo que ve\u00edas como negativo, con el paso del tiempo ves que igual no lo fue tanto\u00bb, reflexiona.<\/p>\n<p class=\"c-paragraph\">\u00ab<b>Por supuesto que me alegro de haberlo vivido<\/b> y que quiz\u00e1s, s\u00f3lo quiz\u00e1s, si volviese atr\u00e1s lo har\u00eda de nuevo. Porque hay cosas que sin haber cometido errores hoy en d\u00eda no estar\u00edan o ya no ser\u00edan como son\u00bb, comenta, haciendo hincapi\u00e9 en <b>\u00abdos o tres circunstancias\u00bb que le har\u00edan \u00abvalorar\u00bb si hacerlo de nuevo o no<\/b>.<\/p>\n<p class=\"c-paragraph\">\u00abPor supuesto que <b>las cosas positivas ganan por goleada a las negativas<\/b>, pero que como se suele decir, &#8216;no es oro todo lo que reluce\u00bb, se\u00f1ala el gallego. \u00abLo \u00fanico que os quiero decir con todo esto es que <b>es f\u00e1cil valorar las vidas de otros sin vivirla<\/b> y que lo que para ti es la hostia quiz\u00e1s para otro no lo es tanto. As\u00ed que dejad que la vida os sorprenda con lo que os traiga. Quiz\u00e1s ahora no te parezca la leche, pero qui\u00e9n sabe hac\u00eda d\u00f3nde te lleva\u00bb, remata.<\/p>\n","protected":false},"excerpt":{"rendered":"Israel Pita ha echado la vista atr\u00e1s para recordar su paso por GH 1, el programa que le&hellip;\n","protected":false},"author":2,"featured_media":239621,"comment_status":"","ping_status":"","sticky":false,"template":"","format":"standard","meta":{"footnotes":""},"categories":[171],"tags":[4495,1818,146,147,25,24,74,49306,27958,23,214],"class_list":{"0":"post-239620","1":"post","2":"type-post","3":"status-publish","4":"format-standard","5":"has-post-thumbnail","7":"category-tv","8":"tag-4495","9":"tag-dura","10":"tag-entertainment","11":"tag-entretenimiento","12":"tag-es","13":"tag-espana","14":"tag-israel","15":"tag-pita","16":"tag-reflexion","17":"tag-spain","18":"tag-tv"},"share_on_mastodon":{"url":"https:\/\/pubeurope.com\/@es\/115561145852320194","error":""},"_links":{"self":[{"href":"https:\/\/www.europesays.com\/es\/wp-json\/wp\/v2\/posts\/239620","targetHints":{"allow":["GET"]}}],"collection":[{"href":"https:\/\/www.europesays.com\/es\/wp-json\/wp\/v2\/posts"}],"about":[{"href":"https:\/\/www.europesays.com\/es\/wp-json\/wp\/v2\/types\/post"}],"author":[{"embeddable":true,"href":"https:\/\/www.europesays.com\/es\/wp-json\/wp\/v2\/users\/2"}],"replies":[{"embeddable":true,"href":"https:\/\/www.europesays.com\/es\/wp-json\/wp\/v2\/comments?post=239620"}],"version-history":[{"count":0,"href":"https:\/\/www.europesays.com\/es\/wp-json\/wp\/v2\/posts\/239620\/revisions"}],"wp:featuredmedia":[{"embeddable":true,"href":"https:\/\/www.europesays.com\/es\/wp-json\/wp\/v2\/media\/239621"}],"wp:attachment":[{"href":"https:\/\/www.europesays.com\/es\/wp-json\/wp\/v2\/media?parent=239620"}],"wp:term":[{"taxonomy":"category","embeddable":true,"href":"https:\/\/www.europesays.com\/es\/wp-json\/wp\/v2\/categories?post=239620"},{"taxonomy":"post_tag","embeddable":true,"href":"https:\/\/www.europesays.com\/es\/wp-json\/wp\/v2\/tags?post=239620"}],"curies":[{"name":"wp","href":"https:\/\/api.w.org\/{rel}","templated":true}]}}