{"id":239637,"date":"2025-11-16T20:06:09","date_gmt":"2025-11-16T20:06:09","guid":{"rendered":"https:\/\/www.europesays.com\/es\/239637\/"},"modified":"2025-11-16T20:06:09","modified_gmt":"2025-11-16T20:06:09","slug":"la-autopsia-preliminar-apunta-a-que-la-mujer-muerta-en-alpedrete-fue-asesinada-por-su-marido","status":"publish","type":"post","link":"https:\/\/www.europesays.com\/es\/239637\/","title":{"rendered":"La autopsia preliminar apunta a que la mujer muerta en Alpedrete fue asesinada por su marido"},"content":{"rendered":"<p class=\"article-text\">\n        La autopsia a los cuerpos de la pareja hallada muerta este s\u00e1bado en la localidad madrile\u00f1a de Alpedrete ha confirmado que la mujer presentaba 50 heridas de arma blanca y que muri\u00f3 antes que su marido.\n    <\/p>\n<p class=\"article-text\">\n        As\u00ed lo han confirmado a EFE fuentes pr\u00f3ximas a la investigaci\u00f3n, que han se\u00f1alado que esta es la conclusi\u00f3n de la autopsia preliminar, en espera de la definitiva.\n    <\/p>\n<p class=\"article-text\">\n        Las mismas fuentes han precisado que el marido, y presunto autor del apu\u00f1alamiento, hab\u00eda consumido alcohol y medicamentos y han precisado que padec\u00eda importantes problemas de espalda que le ocasionaban intensos dolores por los que se medicaba y que, adem\u00e1s, sufr\u00eda depresi\u00f3n.\n    <\/p>\n<p class=\"article-text\">\n        Al parecer, y seg\u00fan recalcan las fuentes, todo parece indicar que tras apu\u00f1alar a su mujer, el hombre se suicid\u00f3, a la vez que recuerdan que ya hab\u00eda presentado conductas autol\u00edticas.\n    <\/p>\n<p class=\"article-text\">\n        El hijo de la pareja, que fue quien encontr\u00f3 a sus padres muertos, ha declarado ante la Guardia Civil que nada hac\u00eda prever del comportamiento de sus padres este desenlace.\n    <\/p>\n<p class=\"article-text\">\n        La Guardia Civil considera que se trata de un caso de violencia machista, aunque las fuentes han precisado que no hab\u00eda denuncias previas ni se encontraban en el sistema de seguimiento Viog\u00e9n.\n    <\/p>\n<p class=\"article-text\">\n        Los fallecidos, de 60 a\u00f1os, fueron encontrados muertos con signos visibles de violencia producidos por arma blanca en habitaciones diferentes de un chalet situado en la calle de la Jara de Alpedrete.\n    <\/p>\n<p class=\"article-text\">\n        La llamada alertando de lo ocurrido tuvo lugar a las 12:00 horas del s\u00e1bado. Cuando llegaron hasta el lugar del suceso, los integrantes del equipo m\u00e9dico del Summa 112 solo pudieron confirmar el fallecimiento de ambas personas.\n    <\/p>\n<p class=\"article-text\">\n        La Delegaci\u00f3n del Gobierno contra la Violencia de G\u00e9nero ya inform\u00f3 a primera hora de la tarde de este domingo que estaban \u201c recabando datos del asesinato por presunta violencia de g\u00e9nero de una mujer\u201d el d\u00eda anterior.\n    <\/p>\n<blockquote class=\"twitter-tweet\" data-lang=\"es\"><p><a href=\"https:\/\/twitter.com\/X\/status\/1990060726380351901?ref_src=twsrc%5Etfw\" rel=\"nofollow noopener\" target=\"_blank\"><\/p><\/blockquote>\n<p class=\"article-text\">\n        El 016 atiende a todas las v\u00edctimas de violencia machista las 24 horas del d\u00eda y en 53 idiomas diferentes, al igual que el correo 016-online@igualdad.gob.es; tambi\u00e9n se presta atenci\u00f3n mediante WhatsApp a trav\u00e9s del n\u00famero 600000016, y los menores pueden dirigirse al tel\u00e9fono de la Fundaci\u00f3n ANAR 900 20 20 10.\n    <\/p>\n<p>    <a href=\"https:\/\/www.eldiario.es\/madrid\/hallan-cadaveres-hombre-mujer-signos-violencia-alpedrete-madrid_1_12770793.html\" data-mrf-recirculation=\"saber-mas-abajo\" data-dl-event=\"saber-mas-abajo\" rel=\"nofollow noopener\" target=\"_blank\"><\/p>\n<p class=\"know-more__title\">Hallan los cad\u00e1veres de un hombre y una mujer con signos de violencia en Alpedrete (Madrid)\n<\/p>\n<p>            <img decoding=\"async\" class=\"lazy\" loading=\"lazy\" data-src=\"https:\/\/static.eldiario.es\/clip\/d2fb2a62-d20a-4b5f-8e4e-60ac047b2dd7_16-9-aspect-ratio_default_0.jpg\" src=\"data:image\/svg+xml,%3Csvg xmlns=\" http:=\"\" viewbox=\"0 0 880 495\" alt=\"Hallan los cad\u00e1veres de un hombre y una mujer con signos de violencia en Alpedrete (Madrid)\"\/><\/p>\n<p>                        <\/a><\/p>\n<p class=\"article-text\">\n        En una situaci\u00f3n de emergencia, se puede llamar al 112 o a los tel\u00e9fonos de la Polic\u00eda Nacional (091) y de la Guardia Civil (062) y en caso de no poder llamar se puede recurrir a la aplicaci\u00f3n ALERTCOPS, desde la que se env\u00eda una se\u00f1al de alerta a la Polic\u00eda con geolocalizaci\u00f3n.\n    <\/p>\n<p>                                    <script async src=\"https:\/\/platform.twitter.com\/widgets.js\" charset=\"utf-8\"><\/script><\/p>\n","protected":false},"excerpt":{"rendered":"La autopsia a los cuerpos de la pareja hallada muerta este s\u00e1bado en la localidad madrile\u00f1a de Alpedrete&hellip;\n","protected":false},"author":2,"featured_media":239638,"comment_status":"","ping_status":"","sticky":false,"template":"","format":"standard","meta":{"footnotes":""},"categories":[8],"tags":[1721,61539,12752,17,18,1779,25,24,6038,13,14,11,19,20,22167,9,10,15,16,29039,6382,23,12,21,22],"class_list":{"0":"post-239637","1":"post","2":"type-post","3":"status-publish","4":"format-standard","5":"has-post-thumbnail","7":"category-espana","8":"tag-1721","9":"tag-alpedrete","10":"tag-autopsia","11":"tag-breaking-news","12":"tag-breakingnews","13":"tag-confirma","14":"tag-es","15":"tag-espana","16":"tag-fallecida","17":"tag-featured-news","18":"tag-featurednews","19":"tag-headlines","20":"tag-latest-news","21":"tag-latestnews","22":"tag-marido","23":"tag-news","24":"tag-noticias","25":"tag-noticias-destacadas","26":"tag-noticiasdestacadas","27":"tag-punaladas","28":"tag-recibio","29":"tag-spain","30":"tag-titulares","31":"tag-ultimas-noticias","32":"tag-ultimasnoticias"},"share_on_mastodon":{"url":"https:\/\/pubeurope.com\/@es\/115561181160605815","error":""},"_links":{"self":[{"href":"https:\/\/www.europesays.com\/es\/wp-json\/wp\/v2\/posts\/239637","targetHints":{"allow":["GET"]}}],"collection":[{"href":"https:\/\/www.europesays.com\/es\/wp-json\/wp\/v2\/posts"}],"about":[{"href":"https:\/\/www.europesays.com\/es\/wp-json\/wp\/v2\/types\/post"}],"author":[{"embeddable":true,"href":"https:\/\/www.europesays.com\/es\/wp-json\/wp\/v2\/users\/2"}],"replies":[{"embeddable":true,"href":"https:\/\/www.europesays.com\/es\/wp-json\/wp\/v2\/comments?post=239637"}],"version-history":[{"count":0,"href":"https:\/\/www.europesays.com\/es\/wp-json\/wp\/v2\/posts\/239637\/revisions"}],"wp:featuredmedia":[{"embeddable":true,"href":"https:\/\/www.europesays.com\/es\/wp-json\/wp\/v2\/media\/239638"}],"wp:attachment":[{"href":"https:\/\/www.europesays.com\/es\/wp-json\/wp\/v2\/media?parent=239637"}],"wp:term":[{"taxonomy":"category","embeddable":true,"href":"https:\/\/www.europesays.com\/es\/wp-json\/wp\/v2\/categories?post=239637"},{"taxonomy":"post_tag","embeddable":true,"href":"https:\/\/www.europesays.com\/es\/wp-json\/wp\/v2\/tags?post=239637"}],"curies":[{"name":"wp","href":"https:\/\/api.w.org\/{rel}","templated":true}]}}