{"id":239670,"date":"2025-11-16T20:28:09","date_gmt":"2025-11-16T20:28:09","guid":{"rendered":"https:\/\/www.europesays.com\/es\/239670\/"},"modified":"2025-11-16T20:28:09","modified_gmt":"2025-11-16T20:28:09","slug":"el-gobierno-britanico-alerta-de-que-la-inmigracion-ilegal-destroza-al-pais","status":"publish","type":"post","link":"https:\/\/www.europesays.com\/es\/239670\/","title":{"rendered":"El Gobierno brit\u00e1nico alerta de que la inmigraci\u00f3n ilegal \u00abdestroza al pa\u00eds\u00bb"},"content":{"rendered":"<p style=\"\">En una semana marcada por cifras crecientes de llegadas a las costas brit\u00e1nicas a trav\u00e9s del canal de la Mancha y por un clima pol\u00edtico cada vez m\u00e1s tenso, la ministra del Interior, <strong>Shabana Mahmood,<\/strong> decidi\u00f3 elevar el tono y anticipar el alcance de  &#8230; la importante reforma migratoria que presentar\u00e1 este lunes. Lo hizo en una entrevista este domingo con la BBC en la que advirti\u00f3 de que la inmigraci\u00f3n irregular \u00abest\u00e1 destrozando nuestro pa\u00eds\u00bb, una afirmaci\u00f3n que situ\u00f3 el tema en el centro del debate nacional y que justific\u00f3 como respuesta a un sistema que, en su opini\u00f3n, \u00abha dejado de funcionar\u00bb y ha generado \u00abdivisiones enormes\u00bb en las comunidades que soportan mayor presi\u00f3n. <\/p>\n<p class=\"voc-p\" style=\"\">Mahmood defini\u00f3 su reforma como \u00abuna misi\u00f3n moral\u00bb y defendi\u00f3 que el Reino Unido s\u00f3lo podr\u00e1 preservar el consenso social sobre el asilo si act\u00faa con determinaci\u00f3n y reordena sus prioridades, un mensaje que resume el marco pol\u00edtico en el que el Gobierno de <strong>Keir Starmer<\/strong> intenta recomponer la pol\u00edtica migratoria del pa\u00eds.<\/p>\n<p class=\"voc-p\" style=\"\">Las medidas que adelant\u00f3 y que har\u00e1 oficiales este lunes, incluyen una <strong>transformaci\u00f3n profunda del estatuto de refugiado<\/strong>. En la actualidad, la protecci\u00f3n se concede por cinco a\u00f1os, tras los cuales puede solicitarse la residencia permanente en el pa\u00eds. Mahmood anunci\u00f3 su intenci\u00f3n de ampliar ese plazo a veinte a\u00f1os y revisar la condici\u00f3n del beneficiario cada dos a\u00f1os y medio. \u00abEstamos cambiando la manera en que entendemos el estatuto de refugiado\u00bb, declar\u00f3, al explicar que quienes procedan de pa\u00edses que m\u00e1s adelante se consideren seguros deber\u00e1n regresar a ellos.<\/p>\n<p class=\"voc-p\" style=\"\">La ministra subray\u00f3 que su propuesta <strong>se inspira en el modelo de Dinamarca,<\/strong> donde el Gobierno concede permisos temporales y sujetos a renovaciones frecuentes. El ministro dan\u00e9s de Asuntos Exteriores, <strong>Lars Lokke Rasmussen<\/strong>, declar\u00f3 que estas pol\u00edticas buscan \u00abenviar un mensaje a los traficantes de personas de que no deben elegir Dinamarca\u00bb.<\/p>\n<p>\nUn sistema roto\n<\/p>\n<p class=\"voc-p\" style=\"\">La referencia danesa provoc\u00f3 tensiones internas en el Partido Laborista. El diputado Clive Lewis afirm\u00f3 que este tipo de medidas reproduce \u00abargumentos propios de la extrema derecha\u00bb. Mahmood rechaz\u00f3 esa acusaci\u00f3n, record\u00f3 que ella misma es \u00abhija de migrantes\u00bb, explic\u00f3 que sus padres llegaron al Reino Unido \u00ablegalmente a finales de los a\u00f1os sesenta y en los setenta\u00bb y a\u00f1adi\u00f3 que la inmigraci\u00f3n \u00abforma parte de mi experiencia como brit\u00e1nica\u00bb. La ministra insisti\u00f3 en que su responsabilidad le exige actuar ante \u00abun sistema que est\u00e1 roto y en el que algunas personas pueden burlar las normas, abusar del sistema y salir impunes\u00bb.<\/p>\n<p class=\"voc-p\" style=\"\">El Ministerio del Interior inform\u00f3 de que 109.343 personas solicitaron asilo en los doce meses previos a marzo de este a\u00f1o, un 17% m\u00e1s que en el periodo anterior. Y los datos m\u00e1s recientes indican que m\u00e1s de 10.000 personas cruzaron el canal de la Mancha desde que Mahmood asumi\u00f3 el cargo en septiembre, una cifra que supera los totales de 2024 y 2023, aunque todav\u00eda inferior a la registrada a estas alturas de 2022.<\/p>\n<p class=\"voc-title\">El Ministerio del Interior inform\u00f3 de que 109.343 personas solicitaron asilo en los doce meses previos a marzo de este a\u00f1o, un 17% que en el periodo anterior<\/p>\n<p class=\"voc-p\" style=\"\">Mahmood insisti\u00f3 en que las redes criminales venden \u00abpaquetes\u00bb que prometen alojamiento y comida gratuitos, y se\u00f1al\u00f3 que el pa\u00eds debe \u00abafrontar esos factores de atracci\u00f3n\u00bb que favorecen las llegadas irregulares, y anunci\u00f3 que las ayudas en vivienda y subsistencia pasar\u00e1n a ser discrecionales y se suprimir\u00e1n para quienes tengan derecho a trabajar y no lo hagan.<\/p>\n<p class=\"voc-p\" style=\"\">El director del Refugee Council, <strong>Enver Solomon<\/strong>, advirti\u00f3 de que la ampliaci\u00f3n del per\u00edodo previo a la concesi\u00f3n de la residencia permanente \u00abdejar\u00e1 a las personas en un limbo y en una tensa ansiedad durante muchos, muchos a\u00f1os\u00bb. En su opini\u00f3n, un sistema eficaz debe \u00abresolver los casos con justicia y rapidez\u00bb y permitir que quienes son reconocidos como refugiados \u00abcontribuyan a nuestras comunidades y devuelvan lo recibido\u00bb.<\/p>\n<p>\nMedidas insuficientes, seg\u00fan la oposici\u00f3n\n<\/p>\n<p class=\"voc-p\" style=\"\">La oposici\u00f3n conservadora sostiene que las medidas del Gobierno son insuficientes. El portavoz &#8216;tory&#8217; de Interior, <strong>Chris Philp<\/strong>, declar\u00f3 que las propuestas de Mahmood son \u00abartificios\u00bb y que se limitan a \u00abretoques superficiales\u00bb. Tambi\u00e9n  a\u00f1adi\u00f3 que su formaci\u00f3n propone abandonar el Convenio Europeo de Derechos Humanos y aplicar un sistema en el que quienes lleguen de manera irregular \u00abno puedan solicitar asilo en absoluto y deban ser deportados en el plazo de una semana\u00bb.<\/p>\n<p class=\"voc-p\" style=\"\">Desde el Partido Liberal Dem\u00f3crata, su l\u00edder, Ed Davey, afirm\u00f3 que su partido analizar\u00e1 los detalles de la reforma cuando se publiquen, aunque expres\u00f3 \u00abciertas preocupaciones\u00bb por el rumbo que insin\u00faan las medidas. Davey defendi\u00f3 que los solicitantes de asilo deber\u00edan poder trabajar, porque as\u00ed \u00abno necesitar\u00edan ayuda estatal\u00bb y la medida ser\u00eda \u00abmejor para la econom\u00eda y mejor para los solicitantes\u00bb.<\/p>\n<p class=\"voc-p\" style=\"\">La directora del Observatorio de la Inmigraci\u00f3n de la Universidad de Oxford, <strong>Madeleine Sumption<\/strong>, se\u00f1al\u00f3 por su parte que resulta complejo anticipar el impacto de una norma concreta en los flujos migratorios, ya que \u00ablos solicitantes de asilo, al menos inicialmente, a menudo no saben cu\u00e1les son las pol\u00edticas\u00bb. Sumption record\u00f3 que muchos optan por el Reino Unido porque hablan ingl\u00e9s, tienen familiares en el pa\u00eds o han visto rechazadas sus solicitudes en otros pa\u00edses europeos.<\/p>\n<p class=\"voc-p\" style=\"\">Mahmood declar\u00f3 que su misi\u00f3n consiste en demostrar que la reforma \u00abpuede funcionar\u00bb y en persuadir al pa\u00eds y al Parlamento de que el replanteamiento profundo del sistema migratorio es necesario en un contexto marcado por un aumento de llegadas irregulares, un<strong> deterioro del clima social<\/strong> y un debate que atraviesa no solo al Reino Unido sino a toda Europa.<\/p>\n","protected":false},"excerpt":{"rendered":"En una semana marcada por cifras crecientes de llegadas a las costas brit\u00e1nicas a trav\u00e9s del canal de&hellip;\n","protected":false},"author":2,"featured_media":239671,"comment_status":"","ping_status":"","sticky":false,"template":"","format":"standard","meta":{"footnotes":""},"categories":[42],"tags":[3830,17,18,61813,13,14,11,590,584,61,62,63,64,19,20,1740,9,10,15,16,9444,12,21,22,9445,65,66,67],"class_list":{"0":"post-239670","1":"post","2":"type-post","3":"status-publish","4":"format-standard","5":"has-post-thumbnail","7":"category-internacional","8":"tag-alerta","9":"tag-breaking-news","10":"tag-breakingnews","11":"tag-destrozando","12":"tag-featured-news","13":"tag-featurednews","14":"tag-headlines","15":"tag-inmigracion","16":"tag-interior","17":"tag-internacional","18":"tag-international","19":"tag-international-news","20":"tag-internationalnews","21":"tag-latest-news","22":"tag-latestnews","23":"tag-ministra","24":"tag-news","25":"tag-noticias","26":"tag-noticias-destacadas","27":"tag-noticiasdestacadas","28":"tag-reino","29":"tag-titulares","30":"tag-ultimas-noticias","31":"tag-ultimasnoticias","32":"tag-unido","33":"tag-world","34":"tag-world-news","35":"tag-worldnews"},"share_on_mastodon":{"url":"https:\/\/pubeurope.com\/@es\/115561267531836364","error":""},"_links":{"self":[{"href":"https:\/\/www.europesays.com\/es\/wp-json\/wp\/v2\/posts\/239670","targetHints":{"allow":["GET"]}}],"collection":[{"href":"https:\/\/www.europesays.com\/es\/wp-json\/wp\/v2\/posts"}],"about":[{"href":"https:\/\/www.europesays.com\/es\/wp-json\/wp\/v2\/types\/post"}],"author":[{"embeddable":true,"href":"https:\/\/www.europesays.com\/es\/wp-json\/wp\/v2\/users\/2"}],"replies":[{"embeddable":true,"href":"https:\/\/www.europesays.com\/es\/wp-json\/wp\/v2\/comments?post=239670"}],"version-history":[{"count":0,"href":"https:\/\/www.europesays.com\/es\/wp-json\/wp\/v2\/posts\/239670\/revisions"}],"wp:featuredmedia":[{"embeddable":true,"href":"https:\/\/www.europesays.com\/es\/wp-json\/wp\/v2\/media\/239671"}],"wp:attachment":[{"href":"https:\/\/www.europesays.com\/es\/wp-json\/wp\/v2\/media?parent=239670"}],"wp:term":[{"taxonomy":"category","embeddable":true,"href":"https:\/\/www.europesays.com\/es\/wp-json\/wp\/v2\/categories?post=239670"},{"taxonomy":"post_tag","embeddable":true,"href":"https:\/\/www.europesays.com\/es\/wp-json\/wp\/v2\/tags?post=239670"}],"curies":[{"name":"wp","href":"https:\/\/api.w.org\/{rel}","templated":true}]}}