{"id":239713,"date":"2025-11-16T20:59:14","date_gmt":"2025-11-16T20:59:14","guid":{"rendered":"https:\/\/www.europesays.com\/es\/239713\/"},"modified":"2025-11-16T20:59:14","modified_gmt":"2025-11-16T20:59:14","slug":"el-fichaje-de-movistar-team-que-debe-dar-un-paso-adelante-tras-el-ocaso-de-nairo-quintana","status":"publish","type":"post","link":"https:\/\/www.europesays.com\/es\/239713\/","title":{"rendered":"El fichaje de Movistar Team que debe dar un paso adelante tras el ocaso de Nairo Quintana"},"content":{"rendered":"<p>Tras un a\u00f1o relativamente tranquilo al salvarse del descenso con una temporada de antelaci\u00f3n, la tensi\u00f3n por conseguir puntos UCI volver\u00e1 a <a href=\"https:\/\/ciclismoaldia.es\/movistar-team\" title=\"Movistar Team\" rel=\"nofollow noopener\" target=\"_blank\">Movistar Team<\/a> en 2026. El equipo telef\u00f3nico es consciente de la importancia de empezar con buen pie el nuevo trienio, y por ello ha realizado un gran mercado ciclista. Una de las incorporaciones ha sido la de Juanpe L\u00f3pez, escalador muy reputado del pelot\u00f3n.<a href=\"https:\/\/ciclismoaldia.es\/juan-pedro-lopez\" title=\"Juan Pedro L\u00f3pez\" rel=\"nofollow noopener\" target=\"_blank\">Juan Pedro L\u00f3pez<\/a> ha dejado Lidl-Trek tras firmar un contrato de 2 a\u00f1os en Movistar, y es, junto a Cian Uijtdebroeks, el movimiento m\u00e1s importante para el conjunto espa\u00f1ol. \u00bfPor qu\u00e9? Porque con la llegada del belga y la presencia de Enric Mas, el equipo <a href=\"https:\/\/ciclismoaldia.es\/ciclismo\/como-podria-usar-movistar-team-a-sus-lideres-en-giro-tour-y-vuelta-en-2026\" target=\"_self\" rel=\"nofollow noopener\">ya puede pelear por las clasificaciones generales de todas las grandes vueltas<\/a>, y los dos necesitan gregarios a la altura para la monta\u00f1a.Adem\u00e1s, hay que tener en cuenta que <a href=\"https:\/\/ciclismoaldia.es\/nairo-quintana\" title=\"Nairo Quintana\" rel=\"nofollow noopener\" target=\"_blank\">Nairo Quintana<\/a> ya no puede ejercer ese papel, como ha demostrado a lo largo de la temporada 2025. Movistar Team le ha renovado por un a\u00f1o m\u00e1s, pero ya no est\u00e1 para rendir al m\u00e1ximo nivel, es un hecho. Y Juanpe L\u00f3pez lleva muchos a\u00f1os perfeccionando ese rol en uno de los gigantes del World Tour: Lidl-Trek.Con 28 a\u00f1os, Juanpe L\u00f3pez a\u00fan tiene mucha carrera profesional por delante. Y, aunque ha conseguido resultados bastante buenos por su cuenta como la victoria en la general del Tour de los Alpes 2024, un Top 7 en la <a href=\"https:\/\/www.procyclingstats.com\/race\/tour-de-romandie\/2025\/gc\" target=\"_blank\" rel=\"nofollow noopener\">general del Tour de Romand\u00eda<\/a> de esta temporada, o haber portado la maglia rosa del Giro de Italia 2022 durante 10 d\u00edas (finalizando 9\u00ba), su mejor momento est\u00e1 por llegar.<\/p>\n<p>Revisando la plantilla de Movistar Team para 2026, y contando con el ocaso mencionado de Nairo Quintana, adem\u00e1s de Juanpe L\u00f3pez no hay mucho m\u00e1s escalador puro que pueda ayudar a Uijtdebroeks y Enric Mas en las etapas clave de las vueltas por etapas World Tour. Por eso, al espa\u00f1ol no le queda otra que dar un paso adelante nada m\u00e1s comience su primer a\u00f1o en el equipo.<\/p>\n<p><img decoding=\"async\" width=\"500\" height=\"280\" loading=\"lazy\" src=\"https:\/\/www.europesays.com\/es\/wp-content\/uploads\/2025\/11\/nairo-quintana-1219840533-685527c50ed62.jpg@webp.webp\" class=\"w-auto h-auto\" alt=\"Ante el baj\u00f3n de Nairo Quintana, Juanpe L\u00f3pez debe dar un paso adelante\"\/><\/p>\n<p>Ante el baj\u00f3n de Nairo Quintana, Juanpe L\u00f3pez debe dar un paso adelante<\/p>\n<p>Einer Rubio, la otra mano derecha<\/p>\n<p>Quien tambi\u00e9n tiene que ser muy relevante para Movistar a partir de 2026 en el rol de gregario estelar es Einer Rubio. Hasta ahora, el colombiano disfrutaba de correr con libertad en el Giro de Italia, pero hay mucho en juego, y su nivel no es tan alto como el de Cian Uijtdebroeks o Enric Mas.<\/p>\n<p>Por eso, junto a Juanpe L\u00f3pez, el escalador colombiano tendr\u00e1 que aparecer para sus l\u00edderes cuando las subidas se pongan m\u00e1s duras. Pero, \u00bfen qu\u00e9 gran vuelta deber\u00eda Movistar Team poner todas las cartas sobre la mesa? Si se hace caso a los calendarios de las principales estrellas, ni Jonas Vingegaard ni Tadej Pogacar estar\u00e1n en la Vuelta a Espa\u00f1a.<\/p>\n<p>Una gran oportunidad para que Movistar sue\u00f1e con romper su sequ\u00eda de triunfos en una general de una grande es en la edici\u00f3n de 2026 de La Vuelta de Javier Guill\u00e9n. Con Enric Mas y Cian Uijtdebroeks compartiendo liderazgo, y con Einer Rubio y Juanpe L\u00f3pez como principales gregarios. 4 escaladores de ese nivel deber\u00edan estar en la pelea por el maillot rojo. Tiene que ser el a\u00f1o.<\/p>\n","protected":false},"excerpt":{"rendered":"Tras un a\u00f1o relativamente tranquilo al salvarse del descenso con una temporada de antelaci\u00f3n, la tensi\u00f3n por conseguir&hellip;\n","protected":false},"author":2,"featured_media":239714,"comment_status":"","ping_status":"","sticky":false,"template":"","format":"standard","meta":{"footnotes":""},"categories":[273],"tags":[313,312,168,25,24,61833,8660,16348,23,167],"class_list":{"0":"post-239713","1":"post","2":"type-post","3":"status-publish","4":"format-standard","5":"has-post-thumbnail","7":"category-ciclismo","8":"tag-ciclismo","9":"tag-cycling","10":"tag-deportes","11":"tag-es","12":"tag-espana","13":"tag-juan-pedro-lopez","14":"tag-movistar-team","15":"tag-nairo-quintana","16":"tag-spain","17":"tag-sports"},"share_on_mastodon":{"url":"https:\/\/pubeurope.com\/@es\/115561389646836757","error":""},"_links":{"self":[{"href":"https:\/\/www.europesays.com\/es\/wp-json\/wp\/v2\/posts\/239713","targetHints":{"allow":["GET"]}}],"collection":[{"href":"https:\/\/www.europesays.com\/es\/wp-json\/wp\/v2\/posts"}],"about":[{"href":"https:\/\/www.europesays.com\/es\/wp-json\/wp\/v2\/types\/post"}],"author":[{"embeddable":true,"href":"https:\/\/www.europesays.com\/es\/wp-json\/wp\/v2\/users\/2"}],"replies":[{"embeddable":true,"href":"https:\/\/www.europesays.com\/es\/wp-json\/wp\/v2\/comments?post=239713"}],"version-history":[{"count":0,"href":"https:\/\/www.europesays.com\/es\/wp-json\/wp\/v2\/posts\/239713\/revisions"}],"wp:featuredmedia":[{"embeddable":true,"href":"https:\/\/www.europesays.com\/es\/wp-json\/wp\/v2\/media\/239714"}],"wp:attachment":[{"href":"https:\/\/www.europesays.com\/es\/wp-json\/wp\/v2\/media?parent=239713"}],"wp:term":[{"taxonomy":"category","embeddable":true,"href":"https:\/\/www.europesays.com\/es\/wp-json\/wp\/v2\/categories?post=239713"},{"taxonomy":"post_tag","embeddable":true,"href":"https:\/\/www.europesays.com\/es\/wp-json\/wp\/v2\/tags?post=239713"}],"curies":[{"name":"wp","href":"https:\/\/api.w.org\/{rel}","templated":true}]}}