{"id":239723,"date":"2025-11-16T21:07:12","date_gmt":"2025-11-16T21:07:12","guid":{"rendered":"https:\/\/www.europesays.com\/es\/239723\/"},"modified":"2025-11-16T21:07:12","modified_gmt":"2025-11-16T21:07:12","slug":"dee-snider-sobre-la-retirada-de-twisted-sister-de-vuelta-por-su-50o-aniversario-vi-a-mujeres-pegando-a-sus-maridos","status":"publish","type":"post","link":"https:\/\/www.europesays.com\/es\/239723\/","title":{"rendered":"Dee Snider, sobre la retirada de Twisted Sister, de vuelta por su 50\u00ba aniversario: \u201cVi a mujeres pegando a sus maridos\u201d"},"content":{"rendered":"<p>La <strong><a target=\"_blank\" href=\"https:\/\/mariskalrock.com\/actualidad\/twisted-sister-anuncia-su-reunion-diez-anos-despues-para-celebrar-el-50o-aniversario-de-la-banda-con-una-gira-mundial\/\" rel=\"nofollow noopener\">gira de reuni\u00f3n de Twisted Sister<\/a><\/strong>, con la que la banda regresar\u00e1 por su 50\u00ba aniversario, contar\u00e1 con <strong><a target=\"_blank\" href=\"https:\/\/mariskalrock.com\/actualidad\/twisted-sister-anuncia-en-espana-su-primer-concierto-de-la-gira-de-reunion-conmemorando-su-50o-aniversario\/\" rel=\"nofollow noopener\">un primer concierto en nuestro pa\u00eds<\/a><\/strong>, pero no ser\u00e1 el \u00fanico, puesto que tambi\u00e9n encabezar\u00e1 el cartel del <strong><a target=\"_blank\" href=\"https:\/\/mariskalrock.com\/actualidad\/z-live-rock-fest-incorpora-a-dos-grandes-bandas-de-metal-nacional-a-su-cartel-de-2026-encabezado-por-twisted-sister\/\" rel=\"nofollow noopener\">Z! Live Rock Fest junto a H.E.A.T., Tesseract, Soziedad Alkoholika<\/a> <\/strong>y muchos m\u00e1s. El carism\u00e1tico vocalista <strong>Dee Snider<\/strong> ha explicado recientemente los motivos de la vuelta de su banda: \u201cVi a mujeres pegando a sus maridos\u201d.<\/p>\n<p>Durante una intervenci\u00f3n en <strong><a target=\"_blank\" href=\"https:\/\/www.youtube.com\/watch?v=e1WY4tZ86PA&amp;t=2s\" rel=\"nofollow noopener\">Steve and Rik\u2019s POTcast<\/a><\/strong>, <strong>Snider<\/strong> se explay\u00f3 acerca de las causas que motivaron el regreso de <strong>Twisted Sister<\/strong>: \u201c\u00bfPor qu\u00e9 estoy reuni\u00e9ndome con Twisted Sister? Dir\u00e9 que fue idea m\u00eda. Los chicos ni siquiera pod\u00edan creer que estuviera haciendo la llamada. Y tuvo que ver con que, ya lo dije p\u00fablicamente, tuve un peque\u00f1o susto de salud. Todo sali\u00f3 bien, estuvo bien, pero fue suficiente para hacerme decir: \u201cVaya, eso fue extra\u00f1o\u201d. Nunca antes hab\u00eda tenido que pensar en esas cosas\u201d.<\/p>\n<p>Aquel susto le hizo plantearse diversos aspectos: \u201cTengo 70 a\u00f1os, y es como: \u201c\u00bfQuiero irme as\u00ed, en silencio, o quiero irme pataleando y gritando?\u201d. Y levant\u00e9 el tel\u00e9fono y llam\u00e9 a John y Eddie, Jay Jay y Eddie, y les dije: \u201c\u00bfQu\u00e9 os parece si nos juntamos?\u201d. No pod\u00edan creer que lo estuviera sugiriendo, porque les dije: \u201cNo va a pasar. Nunca va a pasar\u201d. Pero las circunstancias, particularmente emocionales en este caso, me hicieron cambiar de opini\u00f3n. \u00bfMe arrepiento? Un poco ahora mismo, lamento decirlo\u201d.<\/p>\n<p style=\"text-align: center;\">\n<p>M\u00e1s adelante, el presentador calific\u00f3 a <strong>Snider <\/strong>de \u201cvaliente\u201d por reunir a <strong>Twisted Sister<\/strong> despu\u00e9s de casi una d\u00e9cada de silencio. El m\u00fasico se\u00f1al\u00f3 que lo que m\u00e1s valoraba de las actuaciones de la banda era el cari\u00f1o del p\u00fablico: \u201cSoy valiente o est\u00fapido. Hasta la retirada de Twisted, que hicimos en 2016\u2026 Quiero decir, antes que nada, pesaba 79 kilos y estaba marcad\u00edsimo. Ten\u00eda una cintura de 73 cent\u00edmetros. Ten\u00eda 62 a\u00f1os, y la gente dec\u00eda: \u201c\u00bfQu\u00e9 carajo est\u00e1 pasando aqu\u00ed?\u201d. Me quitaba la camiseta en cada show, y la gente dec\u00eda: \u201cDemonios, mira a ese tipo\u201d. Vi a mujeres pegando a sus maridos, diciendo: \u201c\u00bfPor qu\u00e9 no est\u00e1s as\u00ed?\u201d\u201d.<\/p>\n<p>El cari\u00f1o de los seguidores era lo que emocionaba al vocalista: \u201cLo que realmente me encantaba eran las sonrisas, t\u00edo. Cuando empiezas a cantar y est\u00e1s en forma y sigues cumpliendo, el p\u00fablico simplemente se ilumina. Y ve\u00eda a padres haciendo as\u00ed con sus hijos, diciendo: \u201cEse es el puto Dee Snider\u201d. Estaban siendo transportados de vuelta a su juventud a trav\u00e9s de la actuaci\u00f3n. Y era tal como lo recordaban, y yo me ve\u00eda como me recordaban. Y eso me encantaba. Y me fui diciendo: \u201cBien, no quiero volver a ver una mirada de insatisfacci\u00f3n\u201d\u201d.<\/p>\n<p><a target=\"_blank\" href=\"https:\/\/www.europesays.com\/es\/wp-content\/uploads\/2025\/11\/Cartel-Z-Live-Rock-Fest-2026.jpg\"><img fetchpriority=\"high\" decoding=\"async\" class=\"aligncenter wp-image-374770 size-full\" src=\"https:\/\/www.europesays.com\/es\/wp-content\/uploads\/2025\/11\/Cartel-Z-Live-Rock-Fest-2026.jpg\" alt=\"\" width=\"525\" height=\"700\"  \/><\/a><\/p>\n<p>El <strong><a target=\"_blank\" href=\"https:\/\/zliverock.com\/\" rel=\"nofollow noopener\">Z! Live Rock Fest<\/a><\/strong> celebrar\u00e1 su und\u00e9cima edici\u00f3n del <strong>11 al 13 de junio en el recinto ferial IFEZA (Zamora)<\/strong>. <strong>Twisted Sister<\/strong> encabezar\u00e1 un colosal cartel en el que tambi\u00e9n est\u00e1n <strong>H.E.A.T.<\/strong>, <strong>Emperor<\/strong>, <strong>Tesseract<\/strong>, <strong>Soziedad Alkoholika<\/strong>, <strong>Su Ta Gar<\/strong> o <strong>Latzen<\/strong>, entre otros. Puedes conseguir entradas <strong><a target=\"_blank\" href=\"https:\/\/zliverock.com\/entradas\/\" rel=\"nofollow noopener\">aqu\u00ed<\/a><\/strong>.<\/p>\n<p>                         <a target=\"_blank\" href=\"http:\/\/\/\/mariskalrock.com\/author\/alfredo-villaescusa\" class=\"url\" title=\"Alfredo Villaescusa\" rel=\"nofollow\"> <img loading=\"lazy\" decoding=\"async\" alt=\"Alfredo Villaescusa\" src=\"https:\/\/www.europesays.com\/es\/wp-content\/uploads\/2025\/11\/1763327232_179_530a443b1b382213cd8904d80e5db5b65050f07dbbdf467c1fe992f8b069826e\"  class=\"avatar avatar-250 photo\" height=\"250\" width=\"250\"\/><\/a> <\/p>\n<p>Eclecticismo en vena. No hay nadie que no dispare el viernes por la noche, ni hay quien esquive los disparos.<\/p>\n<p> <a href=\"http:\/\/\/\/mariskalrock.com\/author\/alfredo-villaescusa\" class=\"url\" target=\"_blank\" title=\"Alfredo Villaescusa\" rel=\"nofollow\"><img loading=\"lazy\" decoding=\"async\" alt=\"Alfredo Villaescusa\" src=\"https:\/\/www.europesays.com\/es\/wp-content\/uploads\/2025\/11\/1763327232_179_530a443b1b382213cd8904d80e5db5b65050f07dbbdf467c1fe992f8b069826e\"  class=\"avatar avatar-250 photo\" height=\"250\" width=\"250\"\/><\/a>\u00daltimas entradas de Alfredo Villaescusa (<a target=\"_blank\" href=\"https:\/\/mariskalrock.com\/author\/alfredo-villaescusa\/\" rel=\"nofollow noopener\">ver todo<\/a>)  <\/p>\n","protected":false},"excerpt":{"rendered":"La gira de reuni\u00f3n de Twisted Sister, con la que la banda regresar\u00e1 por su 50\u00ba aniversario, contar\u00e1&hellip;\n","protected":false},"author":2,"featured_media":239724,"comment_status":"","ping_status":"","sticky":false,"template":"","format":"standard","meta":{"footnotes":""},"categories":[170],"tags":[61834,146,147,25,24,4622,184,185,23,36786],"class_list":{"0":"post-239723","1":"post","2":"type-post","3":"status-publish","4":"format-standard","5":"has-post-thumbnail","7":"category-musica","8":"tag-dee-snider","9":"tag-entertainment","10":"tag-entretenimiento","11":"tag-es","12":"tag-espana","13":"tag-mr2022","14":"tag-music","15":"tag-musica","16":"tag-spain","17":"tag-twisted-sister"},"share_on_mastodon":{"url":"https:\/\/pubeurope.com\/@es\/115561421167182661","error":""},"_links":{"self":[{"href":"https:\/\/www.europesays.com\/es\/wp-json\/wp\/v2\/posts\/239723","targetHints":{"allow":["GET"]}}],"collection":[{"href":"https:\/\/www.europesays.com\/es\/wp-json\/wp\/v2\/posts"}],"about":[{"href":"https:\/\/www.europesays.com\/es\/wp-json\/wp\/v2\/types\/post"}],"author":[{"embeddable":true,"href":"https:\/\/www.europesays.com\/es\/wp-json\/wp\/v2\/users\/2"}],"replies":[{"embeddable":true,"href":"https:\/\/www.europesays.com\/es\/wp-json\/wp\/v2\/comments?post=239723"}],"version-history":[{"count":0,"href":"https:\/\/www.europesays.com\/es\/wp-json\/wp\/v2\/posts\/239723\/revisions"}],"wp:featuredmedia":[{"embeddable":true,"href":"https:\/\/www.europesays.com\/es\/wp-json\/wp\/v2\/media\/239724"}],"wp:attachment":[{"href":"https:\/\/www.europesays.com\/es\/wp-json\/wp\/v2\/media?parent=239723"}],"wp:term":[{"taxonomy":"category","embeddable":true,"href":"https:\/\/www.europesays.com\/es\/wp-json\/wp\/v2\/categories?post=239723"},{"taxonomy":"post_tag","embeddable":true,"href":"https:\/\/www.europesays.com\/es\/wp-json\/wp\/v2\/tags?post=239723"}],"curies":[{"name":"wp","href":"https:\/\/api.w.org\/{rel}","templated":true}]}}