{"id":239758,"date":"2025-11-16T21:32:11","date_gmt":"2025-11-16T21:32:11","guid":{"rendered":"https:\/\/www.europesays.com\/es\/239758\/"},"modified":"2025-11-16T21:32:11","modified_gmt":"2025-11-16T21:32:11","slug":"si-yo-no-soy-numero-uno-quiero","status":"publish","type":"post","link":"https:\/\/www.europesays.com\/es\/239758\/","title":{"rendered":"Si yo no soy n\u00famero uno, quiero&#8230;"},"content":{"rendered":"<p class=\"L6-news-detail__text\"><b><a title=\"Carlos Alcaraz\" href=\"https:\/\/www.lasexta.com\/noticias\/deportes\/tenis\/alcaraz-cae-final-copa-maestros-sinner_20251116691a262c39b3f1652bf2d624.html\" target=\"_blank\" rel=\"nofollow noopener\">Carlos Alcaraz<\/a><\/b> no pudo con <b>Jannik Sinner<\/b> en la final de la <b>Copa de Maestros<\/b>. El murciano firm\u00f3 una gran actuaci\u00f3n pero la solidez del italiano termin\u00f3 por imponerse en un partido en el que rein\u00f3 la igualdad durante gran parte del tiempo.<\/p>\n<p class=\"L6-news-detail__text\">Solo los detalles, en favor de <b><a title=\"Sinner\" href=\"https:\/\/www.lasexta.com\/noticias\/deportes\/tenis\/susto-que-dio-carlos-alcaraz-sinner-nitto-atp-finals_20251116691a19b639b3f1652bf2c8a9.html\" target=\"_blank\" rel=\"nofollow noopener\">Sinner<\/a><\/b>, terminaron por decidir la final y el segundo t\u00edtulo de Maestro para el n\u00famero dos del mundo. Es la segunda corona consecutiva que consigue Jannik en Tur\u00edn. Todo sin haber <b>cedido ni un solo set<\/b>.<\/p>\n<p class=\"L6-news-detail__text\">A\u00fan as\u00ed, el n\u00famero uno ha sido para <b><a title=\"Alcaraz\" href=\"https:\/\/www.lasexta.com\/noticias\/deportes\/tenis\/susto-que-dio-carlos-alcaraz-sinner-nitto-atp-finals_20251116691a19b639b3f1652bf2c8a9.html\" target=\"_blank\" rel=\"nofollow noopener\">Alcaraz<\/a><\/b> esta temporada, as\u00ed lo certific\u00f3 el murciano en la fase de grupos. Con respecto a eso, <b>Sinner <\/b>ha aprovechado para dedicarle unas bonitas palabras a Carlitos tras la final. A pesar de su rivalidad dentro de la pista, ambos mantienen una gran relaci\u00f3n.<\/p>\n<p class=\"L6-news-detail__text\">\u00abSi yo no soy n\u00famero uno, <b>quiero que lo seas t\u00fa<\/b>\u00ab, ha confesado Jannik en la entrega de premios. Tanto \u00e9l como Carlos se han dedicado <b>emotivos<\/b> mensajes tras otra gran final entre ellos.<\/p>\n<p class=\"L6-support-news-video__title\">Tras ser campe\u00f3n del mundo<\/p>\n<p>            <a href=\"https:\/\/www.lasexta.com\/noticias\/deportes\/motor\/increible-detalle-marquez-que-detecto-fonsi-nieto-japon-mientras-otros-bebian-champan-marc_202511166919a65eeba8bc0ece01ddb2.html\" class=\"L6-news__link\" rel=\"nofollow noopener\" target=\"_blank\"><br \/>\n                El incre\u00edble detalle de M\u00e1rquez que detect\u00f3 Fonsi Nieto en Jap\u00f3n: \u00abMientras otros beb\u00edan champ\u00e1n, Marc&#8230;\u00bb<\/p>\n<p class=\"recirculation-video-desc\">El expiloto revel\u00f3 en los micr\u00f3fonos de &#8216;laSexta&#8217; una an\u00e9cdota del nueve veces campe\u00f3n del mundo sobre la celebraci\u00f3n del t\u00edtulo en Motegi. Una muestra m\u00e1s de la incre\u00edble mentalidad de Marc.<\/p>\n<p>            <\/a><\/p>\n","protected":false},"excerpt":{"rendered":"Carlos Alcaraz no pudo con Jannik Sinner en la final de la Copa de Maestros. El murciano firm\u00f3&hellip;\n","protected":false},"author":2,"featured_media":239759,"comment_status":"","ping_status":"","sticky":false,"template":"","format":"standard","meta":{"footnotes":""},"categories":[93],"tags":[168,25,24,23,167],"class_list":{"0":"post-239758","1":"post","2":"type-post","3":"status-publish","4":"format-standard","5":"has-post-thumbnail","7":"category-deportes","8":"tag-deportes","9":"tag-es","10":"tag-espana","11":"tag-spain","12":"tag-sports"},"share_on_mastodon":{"url":"https:\/\/pubeurope.com\/@es\/115561519276512996","error":""},"_links":{"self":[{"href":"https:\/\/www.europesays.com\/es\/wp-json\/wp\/v2\/posts\/239758","targetHints":{"allow":["GET"]}}],"collection":[{"href":"https:\/\/www.europesays.com\/es\/wp-json\/wp\/v2\/posts"}],"about":[{"href":"https:\/\/www.europesays.com\/es\/wp-json\/wp\/v2\/types\/post"}],"author":[{"embeddable":true,"href":"https:\/\/www.europesays.com\/es\/wp-json\/wp\/v2\/users\/2"}],"replies":[{"embeddable":true,"href":"https:\/\/www.europesays.com\/es\/wp-json\/wp\/v2\/comments?post=239758"}],"version-history":[{"count":0,"href":"https:\/\/www.europesays.com\/es\/wp-json\/wp\/v2\/posts\/239758\/revisions"}],"wp:featuredmedia":[{"embeddable":true,"href":"https:\/\/www.europesays.com\/es\/wp-json\/wp\/v2\/media\/239759"}],"wp:attachment":[{"href":"https:\/\/www.europesays.com\/es\/wp-json\/wp\/v2\/media?parent=239758"}],"wp:term":[{"taxonomy":"category","embeddable":true,"href":"https:\/\/www.europesays.com\/es\/wp-json\/wp\/v2\/categories?post=239758"},{"taxonomy":"post_tag","embeddable":true,"href":"https:\/\/www.europesays.com\/es\/wp-json\/wp\/v2\/tags?post=239758"}],"curies":[{"name":"wp","href":"https:\/\/api.w.org\/{rel}","templated":true}]}}