{"id":239760,"date":"2025-11-16T21:33:13","date_gmt":"2025-11-16T21:33:13","guid":{"rendered":"https:\/\/www.europesays.com\/es\/239760\/"},"modified":"2025-11-16T21:33:13","modified_gmt":"2025-11-16T21:33:13","slug":"los-recortes-de-estados-unidos-tendran-un-efecto-devastador-e-irreparable-para-la-salud-global","status":"publish","type":"post","link":"https:\/\/www.europesays.com\/es\/239760\/","title":{"rendered":"Los recortes de Estados Unidos tendr\u00e1n un efecto devastador e irreparable para la salud global"},"content":{"rendered":"<p>BarcelonaRaphael J. Landovitz es una de las voces m\u00e1s autorizadas en el mundo en prevenci\u00f3n y control del VIH. Es el director del centro para la identificaci\u00f3n, prevenci\u00f3n y tratamiento del virus de la Universidad de California en Los \u00c1ngeles (UCLA) y jefe de la Divisi\u00f3n de Enfermedades Infecciosas de David Geffen School of Medicine de la misma universidad, desde donde lidera investigaciones cl\u00ednicas de impacto mundial sobre la enfermedad. Ha visitado Barcelona con motivo de la jornada pensada para romper barreras de acceso a la p\u00edldora preventiva del VIH, un tratamiento llamado profilaxis de preexposici\u00f3n (PrEP), que ha organizado el BCN Checkpoint, centro de referencia del control de la infecci\u00f3n. En Catalu\u00f1a, las listas de espera para el tratamiento son cada vez mayores, el Govern desconoce cu\u00e1ntas personas est\u00e1n pendientes de recibirlo y <a href=\"https:\/\/es.ara.cat\/sociedad\/salud\/infectarse-vih-espera-pildora-preventiva-he-anos-lista_1_5455662.html\" rel=\"nofollow noopener\" target=\"_blank\">ya se han detectado las primeras infecciones<\/a> entre personas que llevan m\u00e1s de dos a\u00f1os en la cola por una p\u00edldora que les habr\u00eda protegido del virus.<\/p>\n<p class=\"question\">\u00bfC\u00f3mo funciona la PrEP?<\/p>\n<p class=\"answer\">\u2014 Son medicamentos antirretrovirales contra el VIH. Si pensamos en el virus como un robot que tiene engranajes, estos medicamentos act\u00faan como si lanzaras una llave inglesa y \u00e9sta quedara varada, impidiendo que los engranajes giren y que el robot avance. As\u00ed, el virus ya no se puede replicar dentro del cuerpo de la persona y, por tanto, se esquiva la infecci\u00f3n. Es una herramienta muy potente de prevenci\u00f3n. <\/p>\n<p class=\"question\">\u00bfY en qu\u00e9 punto est\u00e1 su implementaci\u00f3n en todo el mundo?<\/p>\n<p class=\"answer\">\u2014  Hemos fracasado a la hora de llevarla a las personas que m\u00e1s la necesitan y es uno de los mayores retos que tenemos actualmente. Cada vez tenemos m\u00e1s herramientas de prevenci\u00f3n, pero si no conseguimos hacerlas llegar a los pa\u00edses que sufren m\u00e1s los efectos del VIH, no habr\u00e1mos conseguido nada desarrollando estos productos. <\/p>\n<p class=\"question\">Incluso en los pa\u00edses con m\u00e1s recursos existen problemas de acceso.<\/p>\n<p class=\"answer\">\u2014 S\u00ed, en Estados Unidos, por ejemplo, tenemos un sistema sanitario muy fragmentado que hace que las herramientas de prevenci\u00f3n no lleguen a las poblaciones m\u00e1s pobres, las minor\u00edas raciales, el colectivo trans o las personas que se inyectan drogas. Las personas con bajo nivel socioecon\u00f3mico, pocos estudios o que no est\u00e1n vinculadas al sistema sanitario no podr\u00e1n acceder a la PrEP. <\/p>\n<p class=\"question\">Aqu\u00ed tenemos <a href=\"https:\/\/es.ara.cat\/sociedad\/salud\/salut-dice-arreglara-ahora-desbarajuste-listas-espera-pastilla-preventiva-vih_1_5536742.html\" rel=\"nofollow noopener\" target=\"_blank\">largas listas de espera<\/a>.<\/p>\n<p class=\"answer\">\u2014 S\u00ed, en Catalu\u00f1a tiene menos herramientas de prevenci\u00f3n y, adem\u00e1s, su coste recae completamente en el departamento de Salut. Esto obliga a racionar los f\u00e1rmacos disponibles. Cuando sale de un presupuesto hospitalario, los centros deben tomar decisiones muy dif\u00edciles sobre d\u00f3nde destinar los recursos y no les envidio para tener que tomar estas decisiones, ya que pase lo que pase alguien saldr\u00e1 perjudicado. <\/p>\n<p class=\"question\">El gasto de tratar a alguien con VIH es m\u00e1s alto que el de prevenir a alguien de infectarse.<\/p>\n<p class=\"answer\">\u2014 S\u00ed, es una enfermedad con consecuencias de por vida y comporta unos costes adicionales si no se previene. Para m\u00ed es una oportunidad perdida y no s\u00f3lo culpo al Gobierno, creo que debe haber un esfuerzo colectivo por mejorar la prevenci\u00f3n. Debe haber apoyo del sector privado, soporte del sistema de salud y apoyo global. Y sobre todo voluntad pol\u00edtica, alguien que lo coordine, y eso todav\u00eda no ha ocurrido.<\/p>\n<p class=\"question\">\u00bfUsted entiende que no se destinen m\u00e1s esfuerzos teniendo herramientas preventivas tan potentes?<\/p>\n<p class=\"answer\">\u2014 Mucha gente piensa que la epidemia del VIH ya ha terminado, que ya est\u00e1 resuelta. Al tener tratamientos, ya no es importante. Hay que hacer campa\u00f1as de educaci\u00f3n y de concienciaci\u00f3n a los l\u00edderes pol\u00edticos y aquellos que toman decisiones para hacerles entender que no ha terminado, ni local ni globalmente. Est\u00e1 a s\u00f3lo un vuelo en avi\u00f3n que vuelva a ser un problema. Ignorar esto y las oportunidades de prevenci\u00f3n es un error. <\/p>\n<p class=\"question\">Este a\u00f1o la administraci\u00f3n de Donald Trump <a href=\"https:\/\/es.ara.cat\/internacional\/estados-unidos\/recortes-trump-provocaran-2-000-contagios-sida-diarios-mundo_1_5325899.html\" rel=\"nofollow noopener\" target=\"_blank\">ha recortado muchos proyectos de cooperaci\u00f3n internacional por el control del VIH<\/a>. \u00bfQu\u00e9 impacto cree que tendr\u00e1?<\/p>\n<p class=\"answer\">\u2014 Los recortes de Estados Unidos en investigaci\u00f3n tendr\u00e1n un efecto devastador e irreparable para la salud global. Se necesitaron treinta a\u00f1os de progreso para implementar algunos de estos programas para el tratamiento y la prevenci\u00f3n del VIH, es decir, que en s\u00f3lo seis meses se han cargado tres d\u00e9cadas de lucha contra el virus. Aunque se volvieran a destinar los mismos recursos que antes, el personal ya se ha ido y las cl\u00ednicas se han desmantelado. Es una p\u00e9rdida devastadora de la que tardaremos a\u00f1os en recuperarnos. Si es que lo hacemos. <\/p>\n<p class=\"question\">\u00bfCu\u00e1l cree que deber\u00eda ser la respuesta de los dem\u00e1s pa\u00edses?<\/p>\n<p class=\"answer\">\u2014 Espero que den un paso adelante y cubran al menos parte de los vac\u00edos que ha dejado ese abandono por parte del gobierno de Estados Unidos. Mirando atr\u00e1s, quiz\u00e1 deber\u00eda haberse hecho un esfuerzo por ser m\u00e1s independientes, pero nadie pod\u00eda prever que la pol\u00edtica exterior estadounidense cambiar\u00eda de esta manera. No hab\u00eda pasado con ninguna administraci\u00f3n hasta ahora. <\/p>\n<p class=\"question\">\u00bfQu\u00e9 cree que ocurrir\u00e1 si no llegan nuevos recursos?<\/p>\n<p class=\"answer\">\u2014 Estoy absolutamente aterrorizado de que tantos a\u00f1os de progreso se pierdan. Ya est\u00e1 pasando de forma muy dram\u00e1tica en \u00c1frica y s\u00f3lo es cuesti\u00f3n de tiempo que pase en otras regiones. La cifra m\u00e1s inquietante que he visto hasta ahora es que 400.000 personas han muerto ya a causa de los recortes de la Agencia de Estados Unidos para el Desarrollo Internacional (USAID) desde enero.<\/p>\n","protected":false},"excerpt":{"rendered":"BarcelonaRaphael J. Landovitz es una de las voces m\u00e1s autorizadas en el mundo en prevenci\u00f3n y control del&hellip;\n","protected":false},"author":2,"featured_media":239761,"comment_status":"","ping_status":"","sticky":false,"template":"","format":"standard","meta":{"footnotes":""},"categories":[92],"tags":[22924,10378,3427,25,24,4217,4975,165,61838,13437,166,23,2892,4218],"class_list":{"0":"post-239760","1":"post","2":"type-post","3":"status-publish","4":"format-standard","5":"has-post-thumbnail","7":"category-salud","8":"tag-devastador","9":"tag-e","10":"tag-efecto","11":"tag-es","12":"tag-espana","13":"tag-estados","14":"tag-global","15":"tag-health","16":"tag-irreparable","17":"tag-recortes","18":"tag-salud","19":"tag-spain","20":"tag-tendran","21":"tag-unidos"},"share_on_mastodon":{"url":"https:\/\/pubeurope.com\/@es\/115561523138735326","error":""},"_links":{"self":[{"href":"https:\/\/www.europesays.com\/es\/wp-json\/wp\/v2\/posts\/239760","targetHints":{"allow":["GET"]}}],"collection":[{"href":"https:\/\/www.europesays.com\/es\/wp-json\/wp\/v2\/posts"}],"about":[{"href":"https:\/\/www.europesays.com\/es\/wp-json\/wp\/v2\/types\/post"}],"author":[{"embeddable":true,"href":"https:\/\/www.europesays.com\/es\/wp-json\/wp\/v2\/users\/2"}],"replies":[{"embeddable":true,"href":"https:\/\/www.europesays.com\/es\/wp-json\/wp\/v2\/comments?post=239760"}],"version-history":[{"count":0,"href":"https:\/\/www.europesays.com\/es\/wp-json\/wp\/v2\/posts\/239760\/revisions"}],"wp:featuredmedia":[{"embeddable":true,"href":"https:\/\/www.europesays.com\/es\/wp-json\/wp\/v2\/media\/239761"}],"wp:attachment":[{"href":"https:\/\/www.europesays.com\/es\/wp-json\/wp\/v2\/media?parent=239760"}],"wp:term":[{"taxonomy":"category","embeddable":true,"href":"https:\/\/www.europesays.com\/es\/wp-json\/wp\/v2\/categories?post=239760"},{"taxonomy":"post_tag","embeddable":true,"href":"https:\/\/www.europesays.com\/es\/wp-json\/wp\/v2\/tags?post=239760"}],"curies":[{"name":"wp","href":"https:\/\/api.w.org\/{rel}","templated":true}]}}