{"id":239812,"date":"2025-11-16T22:15:13","date_gmt":"2025-11-16T22:15:13","guid":{"rendered":"https:\/\/www.europesays.com\/es\/239812\/"},"modified":"2025-11-16T22:15:13","modified_gmt":"2025-11-16T22:15:13","slug":"la-granja-vip-a-que-hora-cierran-las-votaciones-este-domingo-16-de-noviembre","status":"publish","type":"post","link":"https:\/\/www.europesays.com\/es\/239812\/","title":{"rendered":"La Granja VIP \u00bfA qu\u00e9 hora cierran las votaciones este domingo 16 de noviembre?"},"content":{"rendered":"<p>Esta quinta semana de <b>La Granja VIP<\/b> nos ha dejado momentos de alta tensi\u00f3n, pues desde que conocimos el Legado de <b>Jawy M\u00e9ndez<\/b>, pudimos saber la t\u00f3nica por la que se llevar\u00edan estos d\u00edas, donde tras el martes de Duelo, la Asamblea del mi\u00e9rcoles, el jueves de Salvaci\u00f3n y por \u00faltimo, el viernes de Traici\u00f3n supimos que <b>los granjeros que corren el riesgo de salir son: Manola D\u00edez, C\u00e9sar Doroteo, Alfredo Adame y <\/b><a class=\"Link \" href=\"https:\/\/www.tvazteca.com\/aztecauno\/la-granja-vip\/fuerte-pelea-alberto-del-rio-el-patron-y-eleazar-gomez#eleazar\" target=\"_blank\" rel=\"nofollow noopener\"><b>Eleazar G\u00f3mez.<\/b><\/a><\/p>\n<p>En los \u00faltimos d\u00edas las votaciones para salvar a tu granjero o granjera favorita han estado activas y podemos decir que cada voto marca la diferencia y como el p\u00fablico ha podido ver, mantiene la transparencia en este reality show que cada vez se pone mejor, donde hemos visto de TODO, por lo que <b>te detallaremos hasta qu\u00e9 hora puedes votar este domingo de<\/b> <b>Gala<\/b>.<\/p>\n<p>\u00bfA qu\u00e9 hora inicia La Gala de La Granja VIP HOY?\n<\/p>\n<p><b>La Gala de la quinta semana de La Granja VIP dar\u00e1 inicio en punto de las 8:00 p.m.<\/b> a trav\u00e9s de la se\u00f1al de Azteca UNO, misma que puedes ver en tu televisi\u00f3n acompa\u00f1ado por toda la familia y tambi\u00e9n a trav\u00e9s de la app TV Azteca En Vivo y nuestro sitio web oficial, mismas que son totalmente gratis, donde podr\u00e1s votar hasta esta noche.<\/p>\n<p>\u00bfC\u00f3mo votar en La Granja VIP?\n<\/p>\n<p>Para votar por tu o tus granjeros favoritos puedes hacerlo de manera muy r\u00e1pida y sencilla de las siguientes maneras:<\/p>\n<p><b>Entra a nuestro sitio web oficial:<\/b><a class=\"Link \" href=\"https:\/\/www.tvazteca.com\/aztecauno\/la-granja-vip\/lagranjavip.tv\/vota\" rel=\"nofollow noopener\" target=\"_blank\"><b> lagranjavip.tv\/vota<\/b><\/a><\/p>\n<ul>\n<li>Localiza a tu granjero o granjera favorita<\/li>\n<li>Usa tus 10 votos diarios de la forma que desees. (Se los puedes dar a un solo granjero o dividirlos entre tus favoritos).<\/li>\n<li>Recuerda que puedes conseguir 10 VOTOS EXTRA de menaera gratuita si respondes una r\u00e1pida encuesta, as\u00ed que \u00a1No lo dudes!<\/li>\n<\/ul>\n<p><b>C\u00f3mo votar en La Granja VIP: APP TV Azteca EN VIVO<\/b><\/p>\n<ul>\n<li>Instala la app de TV Azteca EN VIVO, la cu\u00e1l est\u00e1 disponible para iOS o Android.<\/li>\n<li>Ingresa al apartado de La Granja VIP, donde en seguida encontrar\u00e1s la secci\u00f3n para votar.<\/li>\n<li>Usa tus 10 votos diarios\u2026 Y de igual modo, puedes conseguir 10 VOTOS EXTRA si respondes una breve encuesta.<\/li>\n<\/ul>\n<p>\u00a1Hazte escuchar y lleva a tu granjera o granjero favorito hasta LA FINAL!<\/p>\n","protected":false},"excerpt":{"rendered":"Esta quinta semana de La Granja VIP nos ha dejado momentos de alta tensi\u00f3n, pues desde que conocimos&hellip;\n","protected":false},"author":2,"featured_media":239813,"comment_status":"","ping_status":"","sticky":false,"template":"","format":"standard","meta":{"footnotes":""},"categories":[171],"tags":[61853,61854,61855,61856,61857,146,147,25,24,19991,58283,61852,52853,58285,23,214],"class_list":{"0":"post-239812","1":"post","2":"type-post","3":"status-publish","4":"format-standard","5":"has-post-thumbnail","7":"category-tv","8":"tag-alfredo-adame-la-granja-vip","9":"tag-cesar-doroteo-la-granja-vip","10":"tag-como-votar-la-granja-vip","11":"tag-eleazar-gomez-la-granja-vip","12":"tag-eliminado-de-la-granja-vip","13":"tag-entertainment","14":"tag-entretenimiento","15":"tag-es","16":"tag-espana","17":"tag-la-granja-vip","18":"tag-la-granja-vip-en-vivo","19":"tag-la-granja-vip-hoy","20":"tag-la-granja-vip-votaciones","21":"tag-la-granja-vip-votar","22":"tag-spain","23":"tag-tv"},"share_on_mastodon":{"url":"https:\/\/pubeurope.com\/@es\/115561688331000929","error":""},"_links":{"self":[{"href":"https:\/\/www.europesays.com\/es\/wp-json\/wp\/v2\/posts\/239812","targetHints":{"allow":["GET"]}}],"collection":[{"href":"https:\/\/www.europesays.com\/es\/wp-json\/wp\/v2\/posts"}],"about":[{"href":"https:\/\/www.europesays.com\/es\/wp-json\/wp\/v2\/types\/post"}],"author":[{"embeddable":true,"href":"https:\/\/www.europesays.com\/es\/wp-json\/wp\/v2\/users\/2"}],"replies":[{"embeddable":true,"href":"https:\/\/www.europesays.com\/es\/wp-json\/wp\/v2\/comments?post=239812"}],"version-history":[{"count":0,"href":"https:\/\/www.europesays.com\/es\/wp-json\/wp\/v2\/posts\/239812\/revisions"}],"wp:featuredmedia":[{"embeddable":true,"href":"https:\/\/www.europesays.com\/es\/wp-json\/wp\/v2\/media\/239813"}],"wp:attachment":[{"href":"https:\/\/www.europesays.com\/es\/wp-json\/wp\/v2\/media?parent=239812"}],"wp:term":[{"taxonomy":"category","embeddable":true,"href":"https:\/\/www.europesays.com\/es\/wp-json\/wp\/v2\/categories?post=239812"},{"taxonomy":"post_tag","embeddable":true,"href":"https:\/\/www.europesays.com\/es\/wp-json\/wp\/v2\/tags?post=239812"}],"curies":[{"name":"wp","href":"https:\/\/api.w.org\/{rel}","templated":true}]}}