{"id":239814,"date":"2025-11-16T22:16:11","date_gmt":"2025-11-16T22:16:11","guid":{"rendered":"https:\/\/www.europesays.com\/es\/239814\/"},"modified":"2025-11-16T22:16:11","modified_gmt":"2025-11-16T22:16:11","slug":"la-banda-que-para-robert-fripp-era-pesima-en-vivo-me-parecieron-bastante-malos","status":"publish","type":"post","link":"https:\/\/www.europesays.com\/es\/239814\/","title":{"rendered":"La banda que para Robert Fripp era p\u00e9sima en vivo: \u00abMe parecieron bastante malos\u00bb"},"content":{"rendered":"<p><strong>Robert Fripp<\/strong> no es de esas personas que prefieren ser pol\u00edticamente correctas y maquillar sus opiniones para quedar bien con los dem\u00e1s, sino todo lo contrario: prefiere ser leal a su pensamiento y expresarlo tal y como lo siente. Un claro ejemplo de lo propio fue cuando dispar\u00f3 contra <strong><a href=\"https:\/\/indiehoy.com\/historias\/el-disco-que-conmovio-a-eric-clapton-y-elton-john-es-un-album-historico\/\" target=\"_blank\" rel=\"noreferrer noopener nofollow\">Eric Clapton<\/a><\/strong>.<\/p>\n<p>En una nota con Guitar Player realizada en 1974, el l\u00edder de King Crimson habl\u00f3 sobre su colega y compatriota, as\u00ed como tambi\u00e9n del legendario <a href=\"https:\/\/indiehoy.com\/historias\/jimi-hendrix-5-bandas-favoritas\/\" target=\"_blank\" rel=\"noreferrer noopener nofollow\">Jimi Hendrix<\/a>, y admiti\u00f3 que ninguno de estos dos \u00edconos de la seis cuerdas tuvo mucho que ver en su formaci\u00f3n como guitarrista.<\/p>\n<p>\u201cNo me han influenciado Hendrix y Clapton como mucha gente dir\u00eda\u201d, reconoci\u00f3. \u201cNo creo que Hendrix fuera guitarrista. Dudo mucho que le interesara tocar la guitarra como tal. Simplemente era una persona que ten\u00eda algo que decir y lo dec\u00eda\u201d.<\/p>\n<p><img loading=\"lazy\" decoding=\"async\" width=\"1200\" height=\"800\" src=\"https:\/\/www.europesays.com\/es\/wp-content\/uploads\/2025\/11\/eric-clapton.jpg\" alt=\"Eric Clapton\" class=\"wp-image-720884\"  \/>Eric Clapton. Foto: Majvdl.<\/p>\n<p>Sin embargo, m\u00e1s adelante en el di\u00e1logo, el nacido en la localidad inglesa de Wimborne Minster le peg\u00f3 duro a Slowhand al afirmar que \u201c<strong>es bastante banal en general, aunque hizo cosas interesantes al principio de su carrera con<\/strong> <strong>Mayall<\/strong>\u201d.<\/p>\n<p>De igual manera, Fripp dispar\u00f3 contra Cream, el legendario supergrupo que Clapton supo conformar junto a <strong>Jack Bruce<\/strong> y <strong>Ginger Baker<\/strong> a finales de la d\u00e9cada de los 60 y que fue introducido al Rock and Roll Hall of Fame en 1993. \u201c<strong>Vi a Cream en vivo una vez y me parecieron bastante malos. Desde entonces, su trabajo me ha parecido excesivamente tedioso<\/strong>\u201d, sentenci\u00f3 Fripp.<\/p>\n","protected":false},"excerpt":{"rendered":"Robert Fripp no es de esas personas que prefieren ser pol\u00edticamente correctas y maquillar sus opiniones para quedar&hellip;\n","protected":false},"author":2,"featured_media":239815,"comment_status":"","ping_status":"","sticky":false,"template":"","format":"standard","meta":{"footnotes":""},"categories":[170],"tags":[146,147,25,24,184,185,61858,23],"class_list":{"0":"post-239814","1":"post","2":"type-post","3":"status-publish","4":"format-standard","5":"has-post-thumbnail","7":"category-musica","8":"tag-entertainment","9":"tag-entretenimiento","10":"tag-es","11":"tag-espana","12":"tag-music","13":"tag-musica","14":"tag-robert-fripp","15":"tag-spain"},"share_on_mastodon":{"url":"https:\/\/pubeurope.com\/@es\/115561692729060584","error":""},"_links":{"self":[{"href":"https:\/\/www.europesays.com\/es\/wp-json\/wp\/v2\/posts\/239814","targetHints":{"allow":["GET"]}}],"collection":[{"href":"https:\/\/www.europesays.com\/es\/wp-json\/wp\/v2\/posts"}],"about":[{"href":"https:\/\/www.europesays.com\/es\/wp-json\/wp\/v2\/types\/post"}],"author":[{"embeddable":true,"href":"https:\/\/www.europesays.com\/es\/wp-json\/wp\/v2\/users\/2"}],"replies":[{"embeddable":true,"href":"https:\/\/www.europesays.com\/es\/wp-json\/wp\/v2\/comments?post=239814"}],"version-history":[{"count":0,"href":"https:\/\/www.europesays.com\/es\/wp-json\/wp\/v2\/posts\/239814\/revisions"}],"wp:featuredmedia":[{"embeddable":true,"href":"https:\/\/www.europesays.com\/es\/wp-json\/wp\/v2\/media\/239815"}],"wp:attachment":[{"href":"https:\/\/www.europesays.com\/es\/wp-json\/wp\/v2\/media?parent=239814"}],"wp:term":[{"taxonomy":"category","embeddable":true,"href":"https:\/\/www.europesays.com\/es\/wp-json\/wp\/v2\/categories?post=239814"},{"taxonomy":"post_tag","embeddable":true,"href":"https:\/\/www.europesays.com\/es\/wp-json\/wp\/v2\/tags?post=239814"}],"curies":[{"name":"wp","href":"https:\/\/api.w.org\/{rel}","templated":true}]}}