{"id":239820,"date":"2025-11-16T22:19:10","date_gmt":"2025-11-16T22:19:10","guid":{"rendered":"https:\/\/www.europesays.com\/es\/239820\/"},"modified":"2025-11-16T22:19:10","modified_gmt":"2025-11-16T22:19:10","slug":"estudio-camon-mas-de-11-000-pacientes-de-ocho-hospitales-espanoles-para-mejorar-la-practica-clinica-en-cancer-de-mama-metastasico","status":"publish","type":"post","link":"https:\/\/www.europesays.com\/es\/239820\/","title":{"rendered":"Estudio CamON: m\u00e1s de 11.000 pacientes de ocho hospitales espa\u00f1oles para mejorar la pr\u00e1ctica cl\u00ednica en c\u00e1ncer de mama metast\u00e1sico"},"content":{"rendered":"<p><strong>Redacci\u00f3n<br \/><\/strong>Comprender qu\u00e9 funciona en la pr\u00e1ctica cl\u00ednica real, comparar resultados entre centros y fomentar un aprendizaje colaborativo son retos clave en el manejo del <strong>c\u00e1ncer de mama metast\u00e1sico<\/strong>. En este contexto se enmarca <strong data-start=\"1393\" data-end=\"1402\">CamON<\/strong>, presentado en el Congreso Nacional de la Sociedad Espa\u00f1ola de Oncolog\u00eda M\u00e9dica (<strong data-start=\"1484\" data-end=\"1497\">#Seom2025<\/strong>), uno de los proyectos m\u00e1s ambiciosos realizados en Espa\u00f1a sobre c\u00e1ncer de mama en la pr\u00e1ctica cl\u00ednica real.<\/p>\n<p data-start=\"1596\" data-end=\"2100\">El estudio, impulsado por la <strong data-start=\"1625\" data-end=\"1665\">Alianza Daiichi Sankyo | AstraZeneca<\/strong> y desarrollado por <strong data-start=\"1685\" data-end=\"1694\">IQVIA<\/strong>, es un <strong data-start=\"1702\" data-end=\"1742\">an\u00e1lisis observacional retrospectivo<\/strong> que integra <strong data-start=\"1755\" data-end=\"1804\">m\u00e1s de 11.000 historias cl\u00ednicas electr\u00f3nicas<\/strong> de pacientes atendidos entre 2016 y 2023 en ocho hospitales espa\u00f1oles: <strong data-start=\"1863\" data-end=\"1880\">12 de Octubre<\/strong>, <strong data-start=\"1882\" data-end=\"1908\">Fundaci\u00f3n Jim\u00e9nez D\u00edaz<\/strong> y <strong data-start=\"1911\" data-end=\"1923\">Torrej\u00f3n<\/strong> (Madrid); <strong data-start=\"1934\" data-end=\"1943\">La Fe<\/strong> (Valencia); <strong data-start=\"1956\" data-end=\"1975\">Duran i Reynals<\/strong> y <strong data-start=\"1978\" data-end=\"1991\">Bellvitge<\/strong> (Barcelona); <strong data-start=\"2005\" data-end=\"2020\">Son Espases<\/strong> (Palma de Mallorca); <strong data-start=\"2042\" data-end=\"2054\">Vinalop\u00f3<\/strong> (Alicante); y <strong data-start=\"2069\" data-end=\"2086\">Ribera Povisa<\/strong> (Pontevedra).<\/p>\n<p data-start=\"2102\" data-end=\"2494\">Para ello, CamON ha utilizado <strong>procesamiento del lenguaje natural <\/strong>(PLN), una rama de la IA capaz de extraer informaci\u00f3n relevante de informes de anatom\u00eda patol\u00f3gica y otros documentos cl\u00ednicos. Esta metodolog\u00eda permite analizar <strong data-start=\"2333\" data-end=\"2420\">prevalencia, subtipos tumorales, comorbilidades, progresi\u00f3n y tiempos asistenciales<\/strong>, generando <strong data-start=\"2432\" data-end=\"2493\">evidencia con impacto directo en la pr\u00e1ctica hospitalaria<\/strong>.<\/p>\n<p>De los 11.060 pacientes evaluados, 1.166 (10,5%) presentaban enfermedad metast\u00e1sica, siendo el 99,3% mujeres con una edad media de 61,6 a\u00f1os al diagn\u00f3stico<\/p>\n<p data-start=\"2496\" data-end=\"2845\">Seg\u00fan el <strong data-start=\"2505\" data-end=\"2523\">Dr. Luis Manso<\/strong>, onc\u00f3logo m\u00e9dico del Hospital Universitario 12 de Octubre y autor principal del estudio Epidemiolog\u00eda y caracter\u00edsticas cl\u00ednicas del c\u00e1ncer de mama metast\u00e1sico en Espa\u00f1a, los datos <strong data-start=\"2719\" data-end=\"2844\">\u201cofrecen una visi\u00f3n real y actualizada del c\u00e1ncer de mama en Espa\u00f1a<\/strong>, con informaci\u00f3n valiosa para orientar<strong> nuevas estrategias terap\u00e9uticas y l\u00edneas de investigaci\u00f3n<\/strong> que impulsen mejoras en el abordaje multidisciplinar de esta enfermedad\u201d.<\/p>\n<p><strong>Retrato cl\u00ednico del c\u00e1ncer de mama en Espa\u00f1a<\/strong><\/p>\n<p data-start=\"2920\" data-end=\"3270\">Entre los 11.060 pacientes analizados, <strong data-start=\"2963\" data-end=\"2980\">1.166 (10,5%)<\/strong> <strong>presentaban enfermedad metast\u00e1sica<\/strong>, con una <strong data-start=\"3025\" data-end=\"3052\">edad media de 61,6 a\u00f1os<\/strong>; el 99,3% eran mujeres. Del total, <strong data-start=\"3092\" data-end=\"3104\">el 47,6%<\/strong> de los casos fueron <strong data-start=\"3125\" data-end=\"3147\">met\u00e1stasis de novo<\/strong>, frente al <strong data-start=\"3159\" data-end=\"3168\">52,4%<\/strong> que progresaron tras un diagn\u00f3stico inicial, con un <strong data-start=\"3221\" data-end=\"3269\">tiempo medio hasta la progresi\u00f3n de 2,7 a\u00f1os<\/strong>.<\/p>\n<p data-start=\"3272\" data-end=\"3320\">En concreto, los <strong data-start=\"3276\" data-end=\"3298\">subtipos tumorales<\/strong> identificados fueron: <strong data-start=\"3324\" data-end=\"3333\">29,6%\u00a0HER2 negativo \/ receptores hormonales positivos; 27,5%\u00a0HER2-low; 15,6%\u00a0HER2+; y 4,3% triple negativo<\/strong>. Adem\u00e1s, <strong data-start=\"3469\" data-end=\"3481\">el 22,9%<\/strong> de los pacientes carec\u00eda de informaci\u00f3n sobre el subtipo tumoral, un aspecto que, seg\u00fan el equipo investigador, puede deberse tanto a <strong data-start=\"3616\" data-end=\"3640\">limitaciones del PLN<\/strong> como a la incorporaci\u00f3n progresiva del subtipo <strong data-start=\"3688\" data-end=\"3700\">HER2-low<\/strong> a la pr\u00e1ctica asistencial durante el periodo evaluado.<\/p>\n<p>Del total de casos, el 47,6% present\u00f3 met\u00e1stasis de novo, mientras que el 52,4% desarroll\u00f3 met\u00e1stasis tras un diagn\u00f3stico inicial de c\u00e1ncer de mama, con un tiempo medio hasta la progresi\u00f3n de 2,7 a\u00f1os<\/p>\n<p data-start=\"3757\" data-end=\"4101\">En cuanto a la <strong data-start=\"3772\" data-end=\"3800\">distribuci\u00f3n metast\u00e1sica<\/strong>, las localizaciones m\u00e1s frecuentes fueron <strong data-start=\"3843\" data-end=\"3860\">hueso (51,2%)<\/strong>, <strong data-start=\"3862\" data-end=\"3880\">h\u00edgado (35,2%)<\/strong> y <strong data-start=\"3883\" data-end=\"3915\">aparato respiratorio (33,9%)<\/strong>.<br data-start=\"3916\" data-end=\"3919\"\/>Las <strong data-start=\"3923\" data-end=\"3941\">comorbilidades<\/strong> m\u00e1s prevalentes fueron <strong data-start=\"3965\" data-end=\"3987\">hipertensi\u00f3n (40%)<\/strong>, <strong data-start=\"3989\" data-end=\"4011\">dislipemia (32,3%)<\/strong> y <strong data-start=\"4014\" data-end=\"4034\">diabetes (17,4%)<\/strong>, lo que refuerza la importancia de un <strong data-start=\"4073\" data-end=\"4100\">manejo multidisciplinar<\/strong>. Por su parte, el <strong data-start=\"4106\" data-end=\"4148\">tiempo medio al inicio del tratamiento<\/strong> fue de <strong data-start=\"4156\" data-end=\"4169\">35,4 d\u00edas<\/strong>, y el periodo hasta la cirug\u00eda, en ausencia de neoadyuvancia, alcanz\u00f3 los <strong data-start=\"4244\" data-end=\"4257\">43,8 d\u00edas<\/strong>. La mayor\u00eda de las intervenciones fueron <strong data-start=\"4299\" data-end=\"4333\">cirug\u00edas conservadoras (54,7%)<\/strong>, frente a un <strong data-start=\"4347\" data-end=\"4356\">27,1%<\/strong> de cirug\u00edas radicales.<\/p>\n<p><strong>Evidencia para la toma de decisiones cl\u00ednicas y de gesti\u00f3n asistencial<\/strong><\/p>\n<p data-start=\"4461\" data-end=\"4681\">Los resultados de CamON <strong data-start=\"4485\" data-end=\"4547\">aportan datos fundamentales para personalizar tratamientos<\/strong>, acelerar decisiones diagn\u00f3sticas, optimizar circuitos asistenciales y <strong data-start=\"4619\" data-end=\"4680\">facilitar la captaci\u00f3n de pacientes para ensayos cl\u00ednicos<\/strong>. Para <strong data-start=\"4688\" data-end=\"4704\">Ana Zubeldia<\/strong>, VP Head de Oncolog\u00eda de Daiichi Sankyo Espa\u00f1a, \u201c<strong data-start=\"4754\" data-end=\"4827\">CamON refleja el compromiso con una innovaci\u00f3n basada en datos reales<\/strong>, <strong>transformando informaci\u00f3n cl\u00ednica en conocimiento \u00fatil<\/strong> para mejorar la atenci\u00f3n en c\u00e1ncer de mama metast\u00e1sico\u201d.<\/p>\n<p data-start=\"4942\" data-end=\"5283\">Por otro lado, <strong data-start=\"4956\" data-end=\"4971\">Carles Illa<\/strong>, director Healthcare en Iqvia Espa\u00f1a, subraya que la combinaci\u00f3n de <strong data-start=\"5040\" data-end=\"5064\">datos del mundo real<\/strong> y <strong data-start=\"5067\" data-end=\"5074\">Pln<\/strong> permite <strong data-start=\"5083\" data-end=\"5167\">\u201cuna visi\u00f3n m\u00e1s representativa de lo que ocurre en la pr\u00e1ctica cl\u00ednica habitual\u201d<\/strong>, reforzando el papel de la <strong data-start=\"5195\" data-end=\"5201\">IA<\/strong> como herramienta para apoyar tanto decisiones cl\u00ednicas como de gesti\u00f3n sanitaria.<\/p>\n","protected":false},"excerpt":{"rendered":"Redacci\u00f3nComprender qu\u00e9 funciona en la pr\u00e1ctica cl\u00ednica real, comparar resultados entre centros y fomentar un aprendizaje colaborativo son&hellip;\n","protected":false},"author":2,"featured_media":239821,"comment_status":"","ping_status":"","sticky":false,"template":"","format":"standard","meta":{"footnotes":""},"categories":[92],"tags":[18049,35809,61859,43185,25,24,165,136,1294,166,23],"class_list":{"0":"post-239820","1":"post","2":"type-post","3":"status-publish","4":"format-standard","5":"has-post-thumbnail","7":"category-salud","8":"tag-astrazeneca","9":"tag-c1","10":"tag-cancer-de-mama-metastasico","11":"tag-daiichi-sankyo","12":"tag-es","13":"tag-espana","14":"tag-health","15":"tag-inteligencia-artificial","16":"tag-investigacion","17":"tag-salud","18":"tag-spain"},"share_on_mastodon":{"url":"https:\/\/pubeurope.com\/@es\/115561704028173241","error":""},"_links":{"self":[{"href":"https:\/\/www.europesays.com\/es\/wp-json\/wp\/v2\/posts\/239820","targetHints":{"allow":["GET"]}}],"collection":[{"href":"https:\/\/www.europesays.com\/es\/wp-json\/wp\/v2\/posts"}],"about":[{"href":"https:\/\/www.europesays.com\/es\/wp-json\/wp\/v2\/types\/post"}],"author":[{"embeddable":true,"href":"https:\/\/www.europesays.com\/es\/wp-json\/wp\/v2\/users\/2"}],"replies":[{"embeddable":true,"href":"https:\/\/www.europesays.com\/es\/wp-json\/wp\/v2\/comments?post=239820"}],"version-history":[{"count":0,"href":"https:\/\/www.europesays.com\/es\/wp-json\/wp\/v2\/posts\/239820\/revisions"}],"wp:featuredmedia":[{"embeddable":true,"href":"https:\/\/www.europesays.com\/es\/wp-json\/wp\/v2\/media\/239821"}],"wp:attachment":[{"href":"https:\/\/www.europesays.com\/es\/wp-json\/wp\/v2\/media?parent=239820"}],"wp:term":[{"taxonomy":"category","embeddable":true,"href":"https:\/\/www.europesays.com\/es\/wp-json\/wp\/v2\/categories?post=239820"},{"taxonomy":"post_tag","embeddable":true,"href":"https:\/\/www.europesays.com\/es\/wp-json\/wp\/v2\/tags?post=239820"}],"curies":[{"name":"wp","href":"https:\/\/api.w.org\/{rel}","templated":true}]}}