{"id":239822,"date":"2025-11-16T22:20:20","date_gmt":"2025-11-16T22:20:20","guid":{"rendered":"https:\/\/www.europesays.com\/es\/239822\/"},"modified":"2025-11-16T22:20:20","modified_gmt":"2025-11-16T22:20:20","slug":"las-actividades-de-la-pena-taurina-de-daimiel-acaparan-gran-parte-del-protagonismo-durante-el-fin-de-semana","status":"publish","type":"post","link":"https:\/\/www.europesays.com\/es\/239822\/","title":{"rendered":"Las actividades de la Pe\u00f1a Taurina de Daimiel acaparan gran parte del protagonismo durante el fin de semana"},"content":{"rendered":"<p dir=\"ltr\"><b id=\"docs-internal-guid-a2408b76-7fff-dc8d-35df-1e8a751ce928\">El programa ha incluido la inauguraci\u00f3n de la exposici\u00f3n \u2018Rey de la Dehesa\u2019, del artista Jos\u00e9 Garc\u00eda Ram\u00edrez, el fallo del concurso fotogr\u00e1fico \u2018Una tarde en im\u00e1genes\u2019, y la tradicional tertulia, cena de hermandad y entrega del Trofeo Triunfador de Feria, que este a\u00f1o ha sido para el torero David Galv\u00e1n.\u00a0<\/b><\/p>\n<p dir=\"ltr\"><b id=\"docs-internal-guid-a2408b76-7fff-dc8d-35df-1e8a751ce928\">Daimiel Noticias. \u2013 <\/b>Las actividades taurinas organizadas por la Pe\u00f1a Taurina Daimiele\u00f1a para este fin de semana reunieron a numerosos aficionados en las distintas propuestas culturales y sociales programadas para viernes y s\u00e1bado. El programa comenz\u00f3 el viernes por la tarde en la Casa de la Cultura con la inauguraci\u00f3n conjunta de la exposici\u00f3n de pintura \u2018Rey de la Dehesa\u2019, del artista Jos\u00e9 Garc\u00eda Ram\u00edrez \u2014conocido como Toro Tribal\u2014, y la muestra fotogr\u00e1fica del concurso \u2018Una tarde en im\u00e1genes\u2019, que este a\u00f1o ha batido un r\u00e9cord hist\u00f3rico de participaci\u00f3n con 105 instant\u00e1neas inscritas.<\/p>\n<p>  <img loading=\"lazy\" decoding=\"async\" src=\"https:\/\/www.europesays.com\/es\/wp-content\/uploads\/2025\/11\/20251114_191014_1.jpg\" width=\"4000\" height=\"1800\" alt=\"'Una tarde en im\u00e1genes' 2025.\" typeof=\"foaf:Image\" class=\"img-fluid\"\/><br \/>\n&#8216;Una tarde en im\u00e1genes&#8217; 2025.<\/p>\n<p>En el acto de apertura, el secretario de la pe\u00f1a, Paco C\u00f3rdoba, realiz\u00f3 un repaso a la trayectoria del pintor invitado y anim\u00f3 al p\u00fablico a disfrutar de \u201cuna peque\u00f1a muestra de su saber hacer\u201d. Destac\u00f3 que Garc\u00eda Ram\u00edrez trabaja actualmente con la galer\u00eda internacional Singulart, lo que le permite exponer su obra en pa\u00edses de todo el mundo, y record\u00f3 que el artista prepara una exposici\u00f3n en China. Se\u00f1al\u00f3 que traer su obra a Daimiel \u201ces un ejemplo de c\u00f3mo la tauromaquia genera cultura\u201d, poniendo en valor la dimensi\u00f3n art\u00edstica que rodea al mundo del toro.<\/p>\n<p>El vicepresidente de la pe\u00f1a, Jos\u00e9 Soto, agradeci\u00f3 tambi\u00e9n al artista su disposici\u00f3n y subray\u00f3 el \u00e9xito del concurso fotogr\u00e1fico, que \u201cha crecido a un ritmo que invita a seguir trabajando en futuras ediciones\u201d. Felicit\u00f3 a Carlos Gonz\u00e1lez de la Aleja, ganador del primer premio, as\u00ed como al resto de participantes reconocidos.<\/p>\n<p>Por su parte, el autor de la exposici\u00f3n explic\u00f3 que la muestra lleva por t\u00edtulo \u201cRey de la Dehesa\u201d porque el toro ha sido, desde su infancia, su principal fuente de inspiraci\u00f3n. Explic\u00f3 que verlo en el campo \u201csiempre le impact\u00f3\u201d y que el animal se ha convertido en el eje central de su obra. Se\u00f1al\u00f3, adem\u00e1s, que el toro es \u201cun s\u00edmbolo que nos identifica como pueblo\u201d, recordando que distintas civilizaciones asentadas en la pen\u00ednsula lo consideraron un animal sagrado, cuyas representaciones han evolucionado hasta el arte de la lidia. Tambi\u00e9n la concejal de Festejos, Alicia Loro, resalt\u00f3 la calidad art\u00edstica de la muestra y se\u00f1al\u00f3 que tanto la exposici\u00f3n pict\u00f3rica como la fotogr\u00e1fica \u201cpermiten revivir la belleza, la fuerza y los momentos m\u00e1s emocionantes de la Feria\u201d.<\/p>\n<p>  <img loading=\"lazy\" decoding=\"async\" src=\"https:\/\/www.europesays.com\/es\/wp-content\/uploads\/2025\/11\/whatsapp_image_2025-11-14_at_21.01.36.jpeg\" width=\"2000\" height=\"892\" alt=\"Presentaci\u00f3n de la exposici\u00f3n 'E rey de la dehesa'.\" typeof=\"foaf:Image\" class=\"img-fluid\"\/><br \/>\nPresentaci\u00f3n de la exposici\u00f3n &#8216;El Rey de la Dehesa&#8217;.<\/p>\n<p>El s\u00e1bado por la tarde se celebr\u00f3 en los Salones Lady Gema la tertulia taurina bajo el t\u00edtulo \u2018Luces y sombras del toreo\u2019, en la que intervinieron el presidente nacional de UFTAE, Jorge Fajardo; el torero Lu\u00eds Miguel V\u00e1zquez; y el torero triunfador de la Feria 2025, David Galv\u00e1n. La tertulia, abierta al p\u00fablico, cont\u00f3 con una notable asistencia y precedi\u00f3 a la tradicional cena de hermandad y a la entrega del Trofeo Triunfador, que este a\u00f1o fue entregado a David Galv\u00e1n por el alcalde, Leopoldo Sierra, junto al vicepresidente de la pe\u00f1a.<\/p>\n<p>  <img loading=\"lazy\" decoding=\"async\" src=\"https:\/\/www.europesays.com\/es\/wp-content\/uploads\/2025\/11\/whatsapp_image_2025-11-16_at_13.19.54_1.jpeg\" width=\"1600\" height=\"1066\" alt=\"David Gal\u00e1n recibi\u00f3 el premio de manos del alcalde y del vicepresidente de la Pe\u00f1a Taurina.\" typeof=\"foaf:Image\" class=\"img-fluid\"\/><br \/>\nDavid Gal\u00e1n recibi\u00f3 el premio de manos del alcalde y del vicepresidente de la Pe\u00f1a Taurina.<\/p>\n<p>Durante su intervenci\u00f3n, Jorge Fajardo analiz\u00f3 la situaci\u00f3n actual del toreo y apunt\u00f3 que la fiesta \u201cvive un buen momento\u201d, con un aumento de espect\u00e1culos, mayor presencia de p\u00fablico joven y varias ferias con llenos destacados. Se\u00f1al\u00f3 que este crecimiento se debe, en parte, a que \u201clos j\u00f3venes reivindican su libertad para acudir a los espect\u00e1culos taurinos\u201d, lo que se traduce en un claro relevo generacional.<\/p>\n<p>David Galv\u00e1n, por su parte, agradeci\u00f3 el reconocimiento recibido y afirm\u00f3 que trabaja cada d\u00eda para ofrecer \u201cun sello propio\u201d que el p\u00fablico pueda identificar en cualquier plaza y ante cualquier ganader\u00eda. Mostr\u00f3 su emoci\u00f3n por recoger el trofeo en Daimiel y subray\u00f3 la importancia del papel de la afici\u00f3n en la continuidad del espect\u00e1culo taurino.<\/p>\n<p>  <img loading=\"lazy\" decoding=\"async\" src=\"https:\/\/www.europesays.com\/es\/wp-content\/uploads\/2025\/11\/20251115_194030.jpg\" width=\"4032\" height=\"1816\" alt=\"La tertulia tuvo lugar en los Salones Lady Gema.\" typeof=\"foaf:Image\" class=\"img-fluid\"\/><br \/>\nLa tertulia tuvo lugar en los Salones Lady Gema.<\/p>\n<p>Las actividades de este fin de semana se completar\u00e1n el pr\u00f3ximo 30 de noviembre, fecha en la que se celebrar\u00e1 el acto de clausura y se entregar\u00e1n los premios del concurso fotogr\u00e1fico \u2018Una tarde en im\u00e1genes\u2019.<\/p>\n","protected":false},"excerpt":{"rendered":"El programa ha incluido la inauguraci\u00f3n de la exposici\u00f3n \u2018Rey de la Dehesa\u2019, del artista Jos\u00e9 Garc\u00eda Ram\u00edrez,&hellip;\n","protected":false},"author":2,"featured_media":239823,"comment_status":"","ping_status":"","sticky":false,"template":"","format":"standard","meta":{"footnotes":""},"categories":[91],"tags":[3010,146,147,25,24,33713,23,444],"class_list":{"0":"post-239822","1":"post","2":"type-post","3":"status-publish","4":"format-standard","5":"has-post-thumbnail","7":"category-entretenimiento","8":"tag-daimiel","9":"tag-entertainment","10":"tag-entretenimiento","11":"tag-es","12":"tag-espana","13":"tag-pena-taurina","14":"tag-spain","15":"tag-toros"},"share_on_mastodon":{"url":"https:\/\/pubeurope.com\/@es\/115561708553876167","error":""},"_links":{"self":[{"href":"https:\/\/www.europesays.com\/es\/wp-json\/wp\/v2\/posts\/239822","targetHints":{"allow":["GET"]}}],"collection":[{"href":"https:\/\/www.europesays.com\/es\/wp-json\/wp\/v2\/posts"}],"about":[{"href":"https:\/\/www.europesays.com\/es\/wp-json\/wp\/v2\/types\/post"}],"author":[{"embeddable":true,"href":"https:\/\/www.europesays.com\/es\/wp-json\/wp\/v2\/users\/2"}],"replies":[{"embeddable":true,"href":"https:\/\/www.europesays.com\/es\/wp-json\/wp\/v2\/comments?post=239822"}],"version-history":[{"count":0,"href":"https:\/\/www.europesays.com\/es\/wp-json\/wp\/v2\/posts\/239822\/revisions"}],"wp:featuredmedia":[{"embeddable":true,"href":"https:\/\/www.europesays.com\/es\/wp-json\/wp\/v2\/media\/239823"}],"wp:attachment":[{"href":"https:\/\/www.europesays.com\/es\/wp-json\/wp\/v2\/media?parent=239822"}],"wp:term":[{"taxonomy":"category","embeddable":true,"href":"https:\/\/www.europesays.com\/es\/wp-json\/wp\/v2\/categories?post=239822"},{"taxonomy":"post_tag","embeddable":true,"href":"https:\/\/www.europesays.com\/es\/wp-json\/wp\/v2\/tags?post=239822"}],"curies":[{"name":"wp","href":"https:\/\/api.w.org\/{rel}","templated":true}]}}