{"id":239824,"date":"2025-11-16T22:21:21","date_gmt":"2025-11-16T22:21:21","guid":{"rendered":"https:\/\/www.europesays.com\/es\/239824\/"},"modified":"2025-11-16T22:21:21","modified_gmt":"2025-11-16T22:21:21","slug":"si-tienes-este-mueble-de-ikea-en-tu-casa-te-enseno-a-convertirlo-en-un-zapatero-practico-y-perfecto-para-espacios-estrechos","status":"publish","type":"post","link":"https:\/\/www.europesays.com\/es\/239824\/","title":{"rendered":"Si tienes este mueble de IKEA en tu casa, te ense\u00f1o a convertirlo en un zapatero pr\u00e1ctico y perfecto para espacios estrechos"},"content":{"rendered":"<p>Hay <strong>peque\u00f1as victorias en casa que marcan la diferencia<\/strong>. Ese momento en el que por fin encuentras una soluci\u00f3n ingeniosa a un problema que dabas por imposible, o cuando un mueble que dabas por \u00abuno m\u00e1s\u00bb de repente se convierte en el <strong>aliado perfecto para poner orden<\/strong>. A veces no hace falta una gran reforma ni un presupuesto abultado: basta con mirar lo que ya tenemos desde otra perspectiva.<\/p>\n<p>Y justo eso es lo que ha pasado con el \u00faltimo v\u00eddeo de la <strong><a href=\"https:\/\/www.instagram.com\/ana_facio\/?g=5\" rel=\"nofollow noopener\" target=\"_blank\">creadora de contenido Ana Facio<\/a><\/strong>, que ha conseguido viralizar una idea sencilla pero tremendamente pr\u00e1ctica. En su publicaci\u00f3n explica: \u00abSeguro que muchos ten\u00e9is <strong>este mueble de IKEA porque es supervers\u00e1til<\/strong>. Solo tiene 30 cent\u00edmetros de fondo, por lo que es perfecto para zonas estrechas, pero <strong>usarlo de zapatero<\/strong> se complicaba justamente por su poco fondo. <strong>Aqu\u00ed la soluci\u00f3n<\/strong>\u00ab.<\/p>\n<p>Ana habla de la famosa <strong>estanter\u00eda BILLY<\/strong> que la multinacional sueca ha convertido en uno de sus grandes cl\u00e1sicos. Lo que propone no es solo una idea est\u00e9tica con este mueble, sino una soluci\u00f3n t\u00e9cnica que responde a una necesidad real: <strong>tener un zapatero estrecho, con capacidad y est\u00e9tico. <\/strong>Y, sobre todo, es una adaptaci\u00f3n que cualquier persona puede reproducir sin herramientas complejas ni grandes inversiones (aunque cuente con un <a href=\"https:\/\/www.elmueble.com\/casas\/pequenas\/diez-pisos-pequenos-con-las-mejores-ideas-para-aprovechar-espacio_40495\" rel=\"nofollow noopener\" target=\"_blank\">piso peque\u00f1o<\/a>).<\/p>\n<p>&#13;<img decoding=\"async\" src=\"https:\/\/www.europesays.com\/es\/wp-content\/uploads\/2025\/11\/salon-con-sofas-en-l-comodos-y-neutros_1f10718c_00586324_251031125859_600x600.webp.webp\" alt=\"Sal\u00f3n con sof\u00e1s en L c\u00f3modos y neutros\" class=\"image lazyload\"\/><\/p>\n<p class=\"epigraph\">Piensa en el futuro<\/p>\n<p><a href=\"https:\/\/www.elmueble.com\/actualidad\/ana-garcia-interiorista-si-tuviera-65-anos-mi-casa-pensaria-que-barato-sale-caro-invertir-principio-buenos-acabados-evita-muchas-reformas-futuras_62437\" rel=\"nofollow noopener\" target=\"_blank\">Los 60 es la etapa en la que invertir en los mejores materiales<\/a><br \/>\nLa idea de Ana Facio: baldas inclinadas para ganar espacio \u00fatil&#13;<img decoding=\"async\" src=\"https:\/\/www.europesays.com\/es\/wp-content\/uploads\/2025\/11\/billy-oxberg-libreria-con-puertas-blanco-80x30x106-cm_00000000_251114090745_600x600.webp.webp\" alt=\"BILLY \/ OXBERG Librer\u00eda con puertas - blanco 80x30x106 cm\" class=\"lazyload\"\/>&#13;<\/p>\n<p class=\"product-epigraph\">IKEA<\/p>\n<p>BILLY \/ OXBERG Librer\u00eda con puertas &#8211; blanco 80x30x106 cm<\/p>\n<p class=\"product-note\">* Alg\u00fan precio puede haber cambiado desde la \u00faltima revisi\u00f3n<\/p>\n<p><img loading=\"lazy\" decoding=\"async\" src=\"https:\/\/www.europesays.com\/es\/wp-content\/uploads\/2025\/11\/billy-libreria_637b2aff_251114100733_1000x1000.webp.webp\" alt=\"Billy Librer\u00eda\" class=\"lazyload\" width=\"1000\" height=\"1000\" data-aspectratio=\"1000\/1000\"\/>&#13;IKEA<\/p>\n<p>La clave del invento est\u00e1 en <strong>modificar m\u00ednimamente la forma de colocar las baldas.<\/strong> En lugar de mantenerlas horizontales, Ana propone <strong>inclinarlas ligeramente<\/strong> para ganar varios cent\u00edmetros de fondo \u00fatil y permitir que los zapatos se apoyen de forma natural. Seg\u00fan cuenta: \u00abAl colocar las baldas inclinadas ganas unos cuantos cent\u00edmetros y gracias a eso ahora los zapatos de Javi van a ese mueble, que antes no entraban\u00bb.<\/p>\n<p>Este detalle, tan sencillo como efectivo,<strong> permite que calzado de tallas medias y grandes <\/strong>pueda <strong>colocarse sin sobresalir<\/strong>. Eso s\u00ed, Ana recuerda que no todas las hormas ocupan lo mismo: \u00abJavi tiene un 42, pero no os guieis solo de eso porque tambi\u00e9n depende del zapato. No es lo mismo un 42 tipo zapatilla que un 42 con forma de punta por delante\u00bb.<\/p>\n<p><strong>Precio: 94,99 euros.<\/strong><\/p>\n<p><img loading=\"lazy\" decoding=\"async\" src=\"https:\/\/www.europesays.com\/es\/wp-content\/uploads\/2025\/11\/zapatero-billy_131bee02_251114113803_1000x1000.webp.webp\" alt=\"Zapatero BILLY\" class=\"lazyload\" width=\"1000\" height=\"1000\" data-aspectratio=\"1000\/1000\"\/>&#13;IKEA<br \/>\nUn mueble que funciona en recibidores estrechos, pasillos o dormitorios con pocos metros cuadrados&#13;<img decoding=\"async\" src=\"https:\/\/www.europesays.com\/es\/wp-content\/uploads\/2025\/11\/billy-oxberg-libreria-con-puertas-blanco-80x30x106-cm_00000000_251114090745_600x600.webp.webp\" alt=\"BILLY \/ OXBERG Librer\u00eda con puertas - blanco 80x30x106 cm\" class=\"lazyload\"\/>&#13;<\/p>\n<p class=\"product-epigraph\">IKEA<\/p>\n<p>BILLY \/ OXBERG Librer\u00eda con puertas &#8211; blanco 80x30x106 cm<\/p>\n<p class=\"product-note\">* Alg\u00fan precio puede haber cambiado desde la \u00faltima revisi\u00f3n<\/p>\n<blockquote class=\"instagram-media\" data-instgrm-permalink=\"https:\/\/www.instagram.com\/reel\/C_7UaWFtP8B\/?utm_source=ig_embed&amp;utm_campaign=loading\" data-instgrm-version=\"14\" style=\" background:#FFF; border:0; border-radius:3px; box-shadow:0 0 1px 0 rgba(0,0,0,0.5),0 1px 10px 0 rgba(0,0,0,0.15); margin: 1px; max-width:540px; min-width:326px; padding:0; width:99.375%; width:-webkit-calc(100% - 2px); width:calc(100% - 2px);\"\/>\n<p>La inclinaci\u00f3n, explica, corrige ese problema habitual que se genera cuando se intenta adaptar un mueble con tan poco fondo a usos que requieren m\u00e1s amplitud. Y al hacerlo, abre la puerta a que la BILLY funcione tambi\u00e9n en <a href=\"https:\/\/www.elmueble.com\/estancias\/de-paso\/ideas-geniales-para-recibidores-reales_40345\" rel=\"nofollow noopener\" target=\"_blank\">entradas estrechas<\/a>, pasillos o dormitorios peque\u00f1os, esos <strong>espacios donde el orden parece siempre un reto.<\/strong><\/p>\n<p>Otra ventaja es que el hack no altera la estructura original del mueble, de modo que la estanter\u00eda <strong>puede volver a su uso est\u00e1ndar si alg\u00fan d\u00eda se necesita<\/strong>. Una cualidad que encaja con esa filosof\u00eda de mueble transformable y evolutivo que tantos usuarios buscan hoy.<\/p>\n<p>&#13;<img decoding=\"async\" src=\"https:\/\/www.europesays.com\/es\/wp-content\/uploads\/2025\/11\/salon-con-sofa-neutro-mesas-nido-redondas-y-cuadro_1daad4f7_00597676_251111213500_600x600.webp.webp\" alt=\"Sal\u00f3n con sof\u00e1 neutro, mesas nido redondas y cuadro\" class=\"image lazyload\"\/><\/p>\n<p class=\"epigraph\">\u00a1Las queremos todas!<\/p>\n<p><a href=\"https:\/\/www.elmueble.com\/decoracion\/mantas-ikea-que-transforman-tu-hogar-refugio-mas-calido-este-invierno_62645\" rel=\"nofollow noopener\" target=\"_blank\">5 mantas de IKEA que transforman tu hogar en el refugio m\u00e1s c\u00e1lido este invierno<\/a><br \/>\nOtros trucos para transformar la BILLY sin obras<\/p>\n<p>Adem\u00e1s del hack de Ana Facio, existen otras formas de potenciar las posibilidades de este cl\u00e1sico de IKEA:<\/p>\n<ul>\n<li><strong>A\u00f1adir barras interiores finas<\/strong> para convertir algunas baldas en espacios para bolsos, pa\u00f1uelos o accesorios.<\/li>\n<li><strong>Usar iluminaci\u00f3n LED adhesiva en los techos de cada m\u00f3dulo<\/strong> para aumentar la visibilidad.<\/li>\n<li>Instalar <strong>puertas semitransparentes<\/strong> si quieres un estilo m\u00e1s visual sin perder ligereza y privacidad.<\/li>\n<li><strong>Forrar el fondo con papel vin\u00edlico<\/strong> que aporte textura o un acabado m\u00e1s decorativo.<\/li>\n<li><strong>Colocar bandejas extra\u00edbles en la parte inferior<\/strong> para objetos peque\u00f1os y de uso diario.<\/li>\n<\/ul>\n<p>&#13;<img decoding=\"async\" src=\"https:\/\/www.europesays.com\/es\/wp-content\/uploads\/2025\/11\/bano-abuhardillado-con-ducha-apliques-espejo_c1fb3393_00599936_251110204302_600x600.webp.webp\" alt=\"Ba\u00f1o abuhardillado con ducha, apliques, espejo\" class=\"image lazyload\"\/><\/p>\n<p class=\"epigraph\">100% vers\u00e1til<\/p>\n<p><a href=\"https:\/\/www.elmueble.com\/actualidad\/ikea-tiene-zapatero-perfecto-que-a-mi-me-sirve-como-toallero-por-solo-15-e_62622\" rel=\"nofollow noopener\" target=\"_blank\">IKEA tiene el zapatero perfecto que sirve como toallero <\/a><\/p>\n<p>Ideas inspiradoras que resuelven y dan respuesta a los problemas reales de las viviendas actuales. \u00bfTe ha gustado la propuesta?<\/p>\n<p>Cuando compras a trav\u00e9s de nuestros enlaces podemos ganar una comisi\u00f3n. <a href=\"https:\/\/www.elmueble.com\/pagina\/como-se-elaboran-recomendaciones-resenas-productos.html\" rel=\"nofollow noopener\" target=\"_blank\">M\u00e1s informaci\u00f3n<\/a>.<\/p>\n<p><script async src=\"\/\/www.instagram.com\/embed.js\"><\/script><\/p>\n","protected":false},"excerpt":{"rendered":"Hay peque\u00f1as victorias en casa que marcan la diferencia. Ese momento en el que por fin encuentras una&hellip;\n","protected":false},"author":2,"featured_media":239825,"comment_status":"","ping_status":"","sticky":false,"template":"","format":"standard","meta":{"footnotes":""},"categories":[81],"tags":[119,123,124,25,24,117,121,122,23,118,120],"class_list":{"0":"post-239824","1":"post","2":"type-post","3":"status-publish","4":"format-standard","5":"has-post-thumbnail","7":"category-ciencia-y-tecnologia","8":"tag-ciencia","9":"tag-ciencia-y-tecnologia","10":"tag-cienciaytecnologia","11":"tag-es","12":"tag-espana","13":"tag-science","14":"tag-science-and-technology","15":"tag-scienceandtechnology","16":"tag-spain","17":"tag-technology","18":"tag-tecnologia"},"share_on_mastodon":{"url":"https:\/\/pubeurope.com\/@es\/115561712234702084","error":""},"_links":{"self":[{"href":"https:\/\/www.europesays.com\/es\/wp-json\/wp\/v2\/posts\/239824","targetHints":{"allow":["GET"]}}],"collection":[{"href":"https:\/\/www.europesays.com\/es\/wp-json\/wp\/v2\/posts"}],"about":[{"href":"https:\/\/www.europesays.com\/es\/wp-json\/wp\/v2\/types\/post"}],"author":[{"embeddable":true,"href":"https:\/\/www.europesays.com\/es\/wp-json\/wp\/v2\/users\/2"}],"replies":[{"embeddable":true,"href":"https:\/\/www.europesays.com\/es\/wp-json\/wp\/v2\/comments?post=239824"}],"version-history":[{"count":0,"href":"https:\/\/www.europesays.com\/es\/wp-json\/wp\/v2\/posts\/239824\/revisions"}],"wp:featuredmedia":[{"embeddable":true,"href":"https:\/\/www.europesays.com\/es\/wp-json\/wp\/v2\/media\/239825"}],"wp:attachment":[{"href":"https:\/\/www.europesays.com\/es\/wp-json\/wp\/v2\/media?parent=239824"}],"wp:term":[{"taxonomy":"category","embeddable":true,"href":"https:\/\/www.europesays.com\/es\/wp-json\/wp\/v2\/categories?post=239824"},{"taxonomy":"post_tag","embeddable":true,"href":"https:\/\/www.europesays.com\/es\/wp-json\/wp\/v2\/tags?post=239824"}],"curies":[{"name":"wp","href":"https:\/\/api.w.org\/{rel}","templated":true}]}}