{"id":239828,"date":"2025-11-16T22:23:10","date_gmt":"2025-11-16T22:23:10","guid":{"rendered":"https:\/\/www.europesays.com\/es\/239828\/"},"modified":"2025-11-16T22:23:10","modified_gmt":"2025-11-16T22:23:10","slug":"el-secretario-del-ejercito-dice-que-las-fuerzas-armadas-de-ee-uu-estan-listas-si-se-les-pide-para-actuar-en-venezuela","status":"publish","type":"post","link":"https:\/\/www.europesays.com\/es\/239828\/","title":{"rendered":"El secretario del Ej\u00e9rcito dice que las Fuerzas Armadas de EE.UU. est\u00e1n \u201clistas, si se les pide\u201d, para actuar en Venezuela"},"content":{"rendered":"<p>      CNN<br \/>\n        \u00a0\u2014\u00a0<\/p>\n<p class=\"paragraph inline-placeholder vossi-paragraph\" data-uri=\"es.cms.cnn.com\/_components\/paragraph\/instances\/cmi1zrvkg00nw27nk197ye1co@published\" data-editable=\"text\" data-component-name=\"paragraph\" data-article-gutter=\"true\">\n            El secretario del Ej\u00e9rcito de EE.UU., Dan Driscoll, dijo este domingo que las Fuerzas Armadas de EE.UU. \u201cestar\u00edan listas, si se les pide\u201d para tomar acci\u00f3n en Venezuela despu\u00e9s de que el presidente Donald Trump sugiriera que ya tom\u00f3 una decisi\u00f3n sobre un curso de acci\u00f3n all\u00ed.\n    <\/p>\n<p class=\"paragraph inline-placeholder vossi-paragraph\" data-uri=\"es.cms.cnn.com\/_components\/paragraph\/instances\/cmi1zvt7z0005356nyokxs6lo@published\" data-editable=\"text\" data-component-name=\"paragraph\" data-article-gutter=\"true\">\n            \u201cEl presidente y el secretario de la Guerra han dedicado mucho tiempo a pensar qu\u00e9 es lo mejor que pueden hacer por el pueblo estadounidense. Y puedo hablar desde la perspectiva del Ej\u00e9rcito, y es que tenemos mucho entrenamiento en esa parte del mundo. Estamos reactivando nuestra escuela de selva en Panam\u00e1. Estar\u00edamos listos para actuar en lo que el presidente y el secretario de la Guerra necesiten\u201d, dijo Driscoll en una entrevista con Margaret Brennan, de CBS News, en \u201cFace the Nation\u201d.\n    <\/p>\n<p class=\"paragraph inline-placeholder vossi-paragraph\" data-uri=\"es.cms.cnn.com\/_components\/paragraph\/instances\/cmi1zvt800006356nuhz50avh@published\" data-editable=\"text\" data-component-name=\"paragraph\" data-article-gutter=\"true\">\n            Rehus\u00f3 decir si ya se dio alguna orden, pero a\u00f1adi\u00f3: \u201cEstar\u00edamos listos, si se nos pide\u201d.\n    <\/p>\n<p class=\"paragraph inline-placeholder vossi-paragraph\" data-uri=\"es.cms.cnn.com\/_components\/paragraph\/instances\/cmi1zvt800007356nw7zijqu0@published\" data-editable=\"text\" data-component-name=\"paragraph\" data-article-gutter=\"true\">\n            Militares estadounidenses han entrenado junto a fuerzas de seguridad paname\u00f1as en lo que se conoce formalmente como el \u201cCurso combinado de orientaci\u00f3n en la selva\u201d, que, seg\u00fan el Comando Sur de EE.UU., \u201cse centra en la supervivencia, las t\u00e1cticas y las operaciones de patrullaje\u201d en condiciones de selva.\n    <\/p>\n<p class=\"paragraph inline-placeholder vossi-paragraph\" data-uri=\"es.cms.cnn.com\/_components\/paragraph\/instances\/cmi1zvt800008356nmfo7g0p1@published\" data-editable=\"text\" data-component-name=\"paragraph\" data-article-gutter=\"true\">\n            Trump fue informado por su equipo, a principios de esta semana, sobre una serie de opciones, incluidos ataques a\u00e9reos contra instalaciones militares o gubernamentales y rutas de narcotr\u00e1fico, o un intento m\u00e1s directo de sacar del poder al presidente del pa\u00eds, Nicol\u00e1s Maduro. Trump indic\u00f3 el viernes que \u201cm\u00e1s o menos\u201d ya tom\u00f3 una decisi\u00f3n sobre el camino a seguir, pero rehus\u00f3 ofrecer detalles sobre lo que implicar\u00eda.\n    <\/p>\n<p class=\"paragraph inline-placeholder vossi-paragraph\" data-uri=\"es.cms.cnn.com\/_components\/paragraph\/instances\/cmi1zvt800009356nikef6kyg@published\" data-editable=\"text\" data-component-name=\"paragraph\" data-article-gutter=\"true\">\n            En los \u00faltimos d\u00edas, EE.UU. acumul\u00f3 importantes recursos en la regi\u00f3n, incluido el portaviones m\u00e1s grande del mundo, el USS Gerald R. Ford; unos 15.000 militares; m\u00e1s de una docena de buques de guerra; y 10 aviones de combate F-35.\n    <\/p>\n","protected":false},"excerpt":{"rendered":"CNN \u00a0\u2014\u00a0 El secretario del Ej\u00e9rcito de EE.UU., Dan Driscoll, dijo este domingo que las Fuerzas Armadas de&hellip;\n","protected":false},"author":2,"featured_media":239829,"comment_status":"","ping_status":"","sticky":false,"template":"","format":"standard","meta":{"footnotes":""},"categories":[42],"tags":[17,18,61860,13,14,61861,11,61,62,63,64,19,20,9,1194,10,15,16,12,21,22,1192,65,66,67],"class_list":{"0":"post-239828","1":"post","2":"type-post","3":"status-publish","4":"format-standard","5":"has-post-thumbnail","7":"category-internacional","8":"tag-breaking-news","9":"tag-breakingnews","10":"tag-dan-driscoll","11":"tag-featured-news","12":"tag-featurednews","13":"tag-fuerzas-armadas-ee-uu","14":"tag-headlines","15":"tag-internacional","16":"tag-international","17":"tag-international-news","18":"tag-internationalnews","19":"tag-latest-news","20":"tag-latestnews","21":"tag-news","22":"tag-nicolas-maduro","23":"tag-noticias","24":"tag-noticias-destacadas","25":"tag-noticiasdestacadas","26":"tag-titulares","27":"tag-ultimas-noticias","28":"tag-ultimasnoticias","29":"tag-venezuela","30":"tag-world","31":"tag-world-news","32":"tag-worldnews"},"share_on_mastodon":{"url":"https:\/\/pubeurope.com\/@es\/115561719714031343","error":""},"_links":{"self":[{"href":"https:\/\/www.europesays.com\/es\/wp-json\/wp\/v2\/posts\/239828","targetHints":{"allow":["GET"]}}],"collection":[{"href":"https:\/\/www.europesays.com\/es\/wp-json\/wp\/v2\/posts"}],"about":[{"href":"https:\/\/www.europesays.com\/es\/wp-json\/wp\/v2\/types\/post"}],"author":[{"embeddable":true,"href":"https:\/\/www.europesays.com\/es\/wp-json\/wp\/v2\/users\/2"}],"replies":[{"embeddable":true,"href":"https:\/\/www.europesays.com\/es\/wp-json\/wp\/v2\/comments?post=239828"}],"version-history":[{"count":0,"href":"https:\/\/www.europesays.com\/es\/wp-json\/wp\/v2\/posts\/239828\/revisions"}],"wp:featuredmedia":[{"embeddable":true,"href":"https:\/\/www.europesays.com\/es\/wp-json\/wp\/v2\/media\/239829"}],"wp:attachment":[{"href":"https:\/\/www.europesays.com\/es\/wp-json\/wp\/v2\/media?parent=239828"}],"wp:term":[{"taxonomy":"category","embeddable":true,"href":"https:\/\/www.europesays.com\/es\/wp-json\/wp\/v2\/categories?post=239828"},{"taxonomy":"post_tag","embeddable":true,"href":"https:\/\/www.europesays.com\/es\/wp-json\/wp\/v2\/tags?post=239828"}],"curies":[{"name":"wp","href":"https:\/\/api.w.org\/{rel}","templated":true}]}}