{"id":239857,"date":"2025-11-16T22:47:11","date_gmt":"2025-11-16T22:47:11","guid":{"rendered":"https:\/\/www.europesays.com\/es\/239857\/"},"modified":"2025-11-16T22:47:11","modified_gmt":"2025-11-16T22:47:11","slug":"la-extincion-de-los-neandertales-siempre-ha-sido-un-misterio-la-ciencia-cree-ahora-que-siguen-con-nosotros","status":"publish","type":"post","link":"https:\/\/www.europesays.com\/es\/239857\/","title":{"rendered":"La extinci\u00f3n de los neandertales siempre ha sido un misterio. La ciencia cree ahora que siguen con nosotros"},"content":{"rendered":"<p>Durante d\u00e9cadas, la <a rel=\"noopener, noreferrer nofollow\" href=\"https:\/\/pubmed.ncbi.nlm.nih.gov\/25143113\/\" target=\"_blank\">desaparici\u00f3n de los Neandertales<\/a> ha sido uno de los mayores misterios de la evoluci\u00f3n humana. Sucedi\u00f3 hace unos 40.000 a\u00f1os, <a rel=\"noopener, noreferrer nofollow\" href=\"https:\/\/pubmed.ncbi.nlm.nih.gov\/38991054\/\" target=\"_blank\">coincidiendo sospechosamente<\/a> con nuestra especie de Homo sapiens a Eurasia&#8230; Pero ahora estamos pensando que no se extinguieron.\u00a0<\/p>\n<p><strong>Lo que se pensaba. <\/strong>Las teor\u00edas cl\u00e1sicas pintan un escenario de reemplazo: o los aniquilamos en una competici\u00f3n directa, o no pudieron soportar un cambio clim\u00e1tico brutal. Pero ahora un estudio <a rel=\"noopener, noreferrer nofollow\" href=\"https:\/\/pmc.ncbi.nlm.nih.gov\/articles\/PMC12184710\/\" target=\"_blank\">publicado<\/a> en Scientific Reports ofrece una respuesta mucho m\u00e1s fascinante: los absorbimos entre nosotros. Y la clave de todo esto est\u00e1 en la <a class=\"text-outboundlink\" href=\"https:\/\/www.xataka.com\/investigacion\/durante-miles-de-anos-neandertales-y-homo-sapiens-trataron-de-aparearse-insistentemente-la-genetica-tenia-otra-idea\" data-vars-post-title=\"Durante miles de a\u00f1os, neandertales y homo sapiens trataron de aparearse insistentemente. La gen\u00e9tica ten\u00eda otra idea \" data-vars-post-url=\"https:\/\/www.xataka.com\/investigacion\/durante-miles-de-anos-neandertales-y-homo-sapiens-trataron-de-aparearse-insistentemente-la-genetica-tenia-otra-idea\" rel=\"nofollow noopener\" target=\"_blank\">diluci\u00f3n gen\u00e9tica<\/a>.\u00a0<\/p>\n<p><strong>Las hip\u00f3tesis. <\/strong>Para entrar m\u00e1s en profundidad, la hip\u00f3tesis de la competici\u00f3n sugiere que los Homo sapiens \u00e9ramos, sencillamente superiores: ten\u00edamos mejores estrategias de caza, una dieta m\u00e1s amplia o estructuras sociales m\u00e1s avanzadas que nos permitieron acaparar todos los recursos, llevando a los Neandertales a la extinci\u00f3n.<\/p>\n<p>    <a href=\"https:\/\/www.xataka.com\/investigacion\/acabamos-descubrir-que-20-nuestro-adn-procede-desconocida-poblacion-hominida-poblacion-b\" class=\"pivot-outboundlink\" data-vars-post-title=\"Acabamos de descubrir que el 20% de nuestro ADN procede de una desconocida poblaci\u00f3n hom\u00ednida: la Poblaci\u00f3n B\" rel=\"nofollow noopener\" target=\"_blank\"><br \/>\n     <img loading=\"lazy\" decoding=\"async\" alt=\"Acabamos de descubrir que el 20% de nuestro ADN procede de una desconocida poblaci\u00f3n hom\u00ednida: la Poblaci\u00f3n B\" width=\"375\" height=\"142\" src=\"https:\/\/www.europesays.com\/es\/wp-content\/uploads\/2025\/11\/1763333230_991_375_142.jpeg\"\/><br \/>\n    <\/a><\/p>\n<p>Por otro lado, la hip\u00f3tesis ambiental culpa a los dr\u00e1sticos cambios clim\u00e1ticos que se vivieron justo en esa \u00e9poca. Seg\u00fan esta idea, los Neandertales no pudieron adaptarse a las fluctuaciones extremas y sus poblaciones se fragmentaron hasta desaparecer definitivamente.\u00a0<\/p>\n<p>Sin embargo, el nuevo estudio presenta un modelo matem\u00e1tico que deja de lado ambos factores y se centra en el m\u00e1s b\u00e1sico de todos: la demograf\u00eda y el sexo.<\/p>\n<p><strong>El nuevo modelo.<\/strong> Los autores del estudio proponen un modelo anal\u00edtico que demuestra c\u00f3mo los Neandertales pudieron desaparecer sin necesidad de que el Homo sapiens tuviera ninguna ventaja selectiva sobre ellos. El modelo no requiere \u00abeventos catastr\u00f3ficos\u00bb ni una superioridad cognitiva. En su lugar, se basa en un concepto llamado \u00abderiva neutral de especies\u00bb y un factor clave: peque\u00f1as y recurrentes inmigraciones de Homo sapiens en territorios Neandertales.<\/p>\n<p><strong>\u00c9ramos muchos m\u00e1s.<\/strong> Una de las primeras ideas a las que se apunta en este caso es que la poblaci\u00f3n Homo sapiens que sal\u00eda de \u00c1frica <a rel=\"noopener, noreferrer nofollow\" href=\"https:\/\/pmc.ncbi.nlm.nih.gov\/articles\/PMC4072735\/\" target=\"_blank\">era mucho m\u00e1s grande en n\u00famero que la Neandertal<\/a>, actuando como un \u00abreservorio demogr\u00e1fico pr\u00e1cticamente infinito\u00bb.\u00a0<\/p>\n<p>Al ir de manera conjunta, pues el roce hace el cari\u00f1o, y entre las especies se empezaron a cruzar y tuvieron una descendencia muy f\u00e9rtil. El modelo asume que esto no fue un evento \u00fanico, sino un \u00abflujo gen\u00e9tico sostenido\u00bb que ocurr\u00eda cada vez que un peque\u00f1o grupo de humanos modernos llegaba a una zona.<\/p>\n<p>Entonces, sumando que la poblaci\u00f3n Neandertal era mucho m\u00e1s peque\u00f1a y hab\u00eda una entrada constante de genes de Homo sapiens, el resultado es la disoluci\u00f3n del acervo gen\u00e9tico. Es literalmente como echar un vaso de agua de Neandertales en un oc\u00e9ano de Homo sapiens. Al final su presencia se diluye completamente.<\/p>\n<p><strong>El tiempo. <\/strong>Lo m\u00e1s potente del estudio es que sus c\u00e1lculos encajan con el registro arqueol\u00f3gico. El modelo matem\u00e1tico muestra que este proceso de \u00absustituci\u00f3n gen\u00e9tica casi completa\u00bb podr\u00eda haber ocurrido <a rel=\"noopener, noreferrer nofollow\" href=\"https:\/\/pmc.ncbi.nlm.nih.gov\/articles\/PMC11291122\/\" target=\"_blank\">en un plazo de 10.000 a 30.000 a\u00f1os<\/a>, algo que se alinea con el largo periodo de coexistencia que ambas especies tuvieron en Eurasia.\u00a0<\/p>\n<p>    <a href=\"https:\/\/www.xataka.com\/medicina-y-salud\/donde-tu-ves-par-chavales-fumando-porros-esta-gente-ve-ciencia-eso-nos-esta-ayudando-a-entender-adn\" class=\"pivot-outboundlink\" data-vars-post-title=\"Tu ADN predice si vas a consumir cannabis (y con qu\u00e9 frecuencia): ya han identificado a los genes culpables\" rel=\"nofollow noopener\" target=\"_blank\"><br \/>\n     <img loading=\"lazy\" decoding=\"async\" alt=\"Tu ADN predice si vas a consumir cannabis (y con qu\u00e9 frecuencia): ya han identificado a los genes culpables\" width=\"375\" height=\"142\" src=\"https:\/\/www.europesays.com\/es\/wp-content\/uploads\/2025\/11\/1763333231_172_375_142.jpeg\"\/><br \/>\n    <\/a><\/p>\n<p><strong>\u00bfFueron extinguidos? <\/strong>Esta es la pregunta que nos hacemos. Saber si la palabra &#8216;extinci\u00f3n&#8217; es adecuada para este paradigma. Este modelo ofrece lo que los cient\u00edficos llaman una \u00abexplicaci\u00f3n parsimoniosa\u00bb (la m\u00e1s simple). En palabras que entendamos, no niega que otros factores, como la competencia o el clima, pudieran haber contribuido. Pero demuestra que esta disoluci\u00f3n gen\u00e9tica por s\u00ed sola es un algo que puede haber explicado la desaparici\u00f3n de los Neandertales.<\/p>\n<p>Es por ello, que m\u00e1s que una extinci\u00f3n hablamos de una fusi\u00f3n por absorci\u00f3n. Esto explica perfectamente por qu\u00e9 los Neandertales desaparecieron como grupo gen\u00e9ticamente distinto, pero su legado perdura: los humanos modernos de ascendencia euroasi\u00e1tica conservamos en nuestro ADN un peque\u00f1o porcentaje de su herencia gen\u00e9tica (aunque muy diluida).<\/p>\n<p>Im\u00e1genes | <a rel=\"noopener, noreferrer nofollow\" href=\"https:\/\/unsplash.com\/es\/@mostafa_meraji?utm_source=unsplash&amp;utm_medium=referral&amp;utm_content=creditCopyText\" target=\"_blank\">mostafa meraji<\/a><\/p>\n<p>En Xataka | <a class=\"text-outboundlink\" href=\"https:\/\/www.xataka.com\/investigacion\/evolucion-humana-no-ha-parado-hay-razones-para-pensar-que-esta-acelerada-que-nunca\" data-vars-post-title=\"La evoluci\u00f3n humana no ha parado: es m\u00e1s, hay razones para pensar que est\u00e1 m\u00e1s acelerada que nunca\" data-vars-post-url=\"https:\/\/www.xataka.com\/investigacion\/evolucion-humana-no-ha-parado-hay-razones-para-pensar-que-esta-acelerada-que-nunca\" rel=\"nofollow noopener\" target=\"_blank\">La evoluci\u00f3n humana no ha parado: es m\u00e1s, hay razones para pensar que est\u00e1 m\u00e1s acelerada que nunca<\/a><\/p>\n","protected":false},"excerpt":{"rendered":"Durante d\u00e9cadas, la desaparici\u00f3n de los Neandertales ha sido uno de los mayores misterios de la evoluci\u00f3n humana.&hellip;\n","protected":false},"author":2,"featured_media":239858,"comment_status":"","ping_status":"","sticky":false,"template":"","format":"standard","meta":{"footnotes":""},"categories":[42],"tags":[17,18,13,14,11,61,62,63,64,19,20,9,10,15,16,12,21,22,65,66,67],"class_list":{"0":"post-239857","1":"post","2":"type-post","3":"status-publish","4":"format-standard","5":"has-post-thumbnail","7":"category-internacional","8":"tag-breaking-news","9":"tag-breakingnews","10":"tag-featured-news","11":"tag-featurednews","12":"tag-headlines","13":"tag-internacional","14":"tag-international","15":"tag-international-news","16":"tag-internationalnews","17":"tag-latest-news","18":"tag-latestnews","19":"tag-news","20":"tag-noticias","21":"tag-noticias-destacadas","22":"tag-noticiasdestacadas","23":"tag-titulares","24":"tag-ultimas-noticias","25":"tag-ultimasnoticias","26":"tag-world","27":"tag-world-news","28":"tag-worldnews"},"share_on_mastodon":{"url":"https:\/\/pubeurope.com\/@es\/115561814452020244","error":""},"_links":{"self":[{"href":"https:\/\/www.europesays.com\/es\/wp-json\/wp\/v2\/posts\/239857","targetHints":{"allow":["GET"]}}],"collection":[{"href":"https:\/\/www.europesays.com\/es\/wp-json\/wp\/v2\/posts"}],"about":[{"href":"https:\/\/www.europesays.com\/es\/wp-json\/wp\/v2\/types\/post"}],"author":[{"embeddable":true,"href":"https:\/\/www.europesays.com\/es\/wp-json\/wp\/v2\/users\/2"}],"replies":[{"embeddable":true,"href":"https:\/\/www.europesays.com\/es\/wp-json\/wp\/v2\/comments?post=239857"}],"version-history":[{"count":0,"href":"https:\/\/www.europesays.com\/es\/wp-json\/wp\/v2\/posts\/239857\/revisions"}],"wp:featuredmedia":[{"embeddable":true,"href":"https:\/\/www.europesays.com\/es\/wp-json\/wp\/v2\/media\/239858"}],"wp:attachment":[{"href":"https:\/\/www.europesays.com\/es\/wp-json\/wp\/v2\/media?parent=239857"}],"wp:term":[{"taxonomy":"category","embeddable":true,"href":"https:\/\/www.europesays.com\/es\/wp-json\/wp\/v2\/categories?post=239857"},{"taxonomy":"post_tag","embeddable":true,"href":"https:\/\/www.europesays.com\/es\/wp-json\/wp\/v2\/tags?post=239857"}],"curies":[{"name":"wp","href":"https:\/\/api.w.org\/{rel}","templated":true}]}}