{"id":239866,"date":"2025-11-16T22:58:12","date_gmt":"2025-11-16T22:58:12","guid":{"rendered":"https:\/\/www.europesays.com\/es\/239866\/"},"modified":"2025-11-16T22:58:12","modified_gmt":"2025-11-16T22:58:12","slug":"rodrygo-cae-en-picado-ocho-meses-sin-marcar","status":"publish","type":"post","link":"https:\/\/www.europesays.com\/es\/239866\/","title":{"rendered":"Rodrygo cae en picado, ocho meses sin marcar"},"content":{"rendered":"<p class=\"ft-text\"><strong>Rodrygo Goes ha perdido protagonismo<\/strong> en el Real Madrid. Un jugador exquisito pero poco competitivo para formar parte de un equipo al que se le exige el m\u00e1ximo y que no espera a nadie. <strong>El brasile\u00f1o pas\u00f3 por un <\/strong><a href=\"https:\/\/www.sport.es\/es\/noticias\/real-madrid\/rodrygo-picado-banquillo-mercado-116813394\" class=\"ft-link ft-link--decoration\" rel=\"nofollow noopener\" target=\"_blank\"><strong>bache an\u00edmico y futbol\u00edstico<\/strong><\/a><strong> en el final de la temporada pasada del que parece no acabar de salir<\/strong>.<\/p>\n<p>Titular<\/p>\n<p class=\"ft-text\"><strong>Se gan\u00f3 ser titular indiscutible<\/strong> <strong>tras la salida de Benzema<\/strong> al f\u00fatbol saud\u00ed, para formar <a href=\"https:\/\/www.sport.es\/es\/noticias\/real-madrid\/rodrygo-volveremos-pareja-rodry-vini-94506334\" class=\"ft-link ft-link--decoration\" rel=\"nofollow noopener\" target=\"_blank\"><strong>pareja de ataque con Vin\u00edcius<\/strong><\/a> y tocar la gloria <strong>ganando la Champions League<\/strong>, la decimoquinta del Real Madrid. <strong>Una campa\u00f1a, la 23-24, que los blancos jugaron sin un 9 referente<\/strong> (dorsal vacante), puesto ocupado como revulsivo por Joselu. \u00a0<\/p>\n<p class=\"ft-text\"><strong>La llegada de Mbapp\u00e9 le desplaz\u00f3 de nuevo a la banda derecha<\/strong>, demarcaci\u00f3n que ocup\u00f3 hasta que Benzema se march\u00f3, y por la que compiti\u00f3 con Asensio, un Hazard venido a menos e incluso con Valverde. <strong>Rodrygo se ganaba al madridismo con sus internadas, sus regates imposibles y su juego de tobog\u00e1n en las entra\u00f1as de las \u00e1reas rivales.<\/strong><\/p>\n<p>El factor Mbapp\u00e9<\/p>\n<p class=\"ft-text\"><strong>Con Kylian empez\u00f3 todo<\/strong>. <a href=\"https:\/\/www.sport.es\/es\/noticias\/real-madrid\/paso-rodrygo-mbappe-fondo-102142315\" class=\"ft-link ft-link--decoration\" rel=\"nofollow noopener\" target=\"_blank\"><strong>Le desplaz\u00f3 para dejar de tener continuidad<\/strong><\/a><strong>.<\/strong> Le oblig\u00f3 a competir de nuevo por el puesto, aunque ahora con Brahim y con G\u00fcler. <strong>Ancelotti confiaba m\u00e1s en \u00e9l<\/strong> que en el marroqu\u00ed y en el turco, al que apenas dio salida. <strong>Pero con el inicio de 2025 lleg\u00f3 esa crisis personal<\/strong> que cuestion\u00f3 su titularidad.<\/p>\n<p class=\"ft-text\"><strong>Marcaba su \u00faltimo gol el 4 de marzo<\/strong> en el Metropolitano, en la ida de la Champions League que ganaron los rojiblancos 2-1. <strong>A partir de ah\u00ed su f\u00fatbol empez\u00f3 a desaparecer pese a que Ancelotti sigui\u00f3 confiando en \u00e9l <\/strong>poni\u00e9ndole de titular en cinco de los siguientes seis partidos.<\/p>\n<p>Se\u00f1alado<\/p>\n<p class=\"ft-text\">En el \u00faltimo qued\u00f3 marcado. <strong>Ancelotti lo quitaba en el descanso de la final de la Copa del Rey ante el Barcelona. No aport\u00f3 nada y fue el gran se\u00f1alado<\/strong> de los blancos en aquel partido. <a href=\"https:\/\/www.sport.es\/es\/noticias\/real-madrid\/rodrygo-vez-olvidado-120779020\" class=\"ft-link ft-link--decoration\" rel=\"nofollow noopener\" target=\"_blank\"><strong>A partir de ah\u00ed fue baja<\/strong><\/a> en los cinco siguientes partidos por una <strong>supuesta lesi\u00f3n que nunca fue refrendada por un parte m\u00e9dico<\/strong> del club.<\/p>\n<p class=\"ft-text\"><strong>Han pasado 32 partidos desde aquel \u00faltimo gol<\/strong> que marc\u00f3 con la camiseta blanca. <strong>Se ha perdido 11 encuentros y ha jugado 21, ocho de titular<\/strong>, acumula <strong>m\u00e1s de 1.180 minutos sin marcar<\/strong>. Hoy son m\u00e1s de ocho meses seco, 258 d\u00edas. Ha vuelto a ser suplente y eso hace que <strong>se plantee su continuidad en el Real Madrid<\/strong>.<\/p>\n","protected":false},"excerpt":{"rendered":"Rodrygo Goes ha perdido protagonismo en el Real Madrid. Un jugador exquisito pero poco competitivo para formar parte&hellip;\n","protected":false},"author":2,"featured_media":239867,"comment_status":"","ping_status":"","sticky":false,"template":"","format":"standard","meta":{"footnotes":""},"categories":[268],"tags":[10722,168,25,24,280,282,8040,1140,2799,59439,19677,16240,281,23,167,10111],"class_list":{"0":"post-239866","1":"post","2":"type-post","3":"status-publish","4":"format-standard","5":"has-post-thumbnail","7":"category-futbol","8":"tag-cae","9":"tag-deportes","10":"tag-es","11":"tag-espana","12":"tag-football","13":"tag-futbol","14":"tag-kylian-mbappe","15":"tag-meses","16":"tag-ocho","17":"tag-picado","18":"tag-rodrygo","19":"tag-rodrygo-goes","20":"tag-soccer","21":"tag-spain","22":"tag-sports","23":"tag-vinicius-junior"},"share_on_mastodon":{"url":"https:\/\/pubeurope.com\/@es\/115561857274027321","error":""},"_links":{"self":[{"href":"https:\/\/www.europesays.com\/es\/wp-json\/wp\/v2\/posts\/239866","targetHints":{"allow":["GET"]}}],"collection":[{"href":"https:\/\/www.europesays.com\/es\/wp-json\/wp\/v2\/posts"}],"about":[{"href":"https:\/\/www.europesays.com\/es\/wp-json\/wp\/v2\/types\/post"}],"author":[{"embeddable":true,"href":"https:\/\/www.europesays.com\/es\/wp-json\/wp\/v2\/users\/2"}],"replies":[{"embeddable":true,"href":"https:\/\/www.europesays.com\/es\/wp-json\/wp\/v2\/comments?post=239866"}],"version-history":[{"count":0,"href":"https:\/\/www.europesays.com\/es\/wp-json\/wp\/v2\/posts\/239866\/revisions"}],"wp:featuredmedia":[{"embeddable":true,"href":"https:\/\/www.europesays.com\/es\/wp-json\/wp\/v2\/media\/239867"}],"wp:attachment":[{"href":"https:\/\/www.europesays.com\/es\/wp-json\/wp\/v2\/media?parent=239866"}],"wp:term":[{"taxonomy":"category","embeddable":true,"href":"https:\/\/www.europesays.com\/es\/wp-json\/wp\/v2\/categories?post=239866"},{"taxonomy":"post_tag","embeddable":true,"href":"https:\/\/www.europesays.com\/es\/wp-json\/wp\/v2\/tags?post=239866"}],"curies":[{"name":"wp","href":"https:\/\/api.w.org\/{rel}","templated":true}]}}