{"id":239874,"date":"2025-11-16T23:04:09","date_gmt":"2025-11-16T23:04:09","guid":{"rendered":"https:\/\/www.europesays.com\/es\/239874\/"},"modified":"2025-11-16T23:04:09","modified_gmt":"2025-11-16T23:04:09","slug":"top-15-de-personas-partidas-verticalmente-en-el-cine-de-terror","status":"publish","type":"post","link":"https:\/\/www.europesays.com\/es\/239874\/","title":{"rendered":"Top 15 de Personas partidas verticalmente en el cine de terror"},"content":{"rendered":"<p>&#13;<br \/>\n\t\t\t\t\t&#13;<br \/>\n\t\t\t\t\tEl cine \u2014especialmente el de terror, acci\u00f3n y fantas\u00eda\u2014 nos ha regalado un recital de cuerpos biseccionados por la mitad de las formas m\u00e1s absurdas y grotescas que uno pueda imaginar. En este video nuestro compi Jedediah <b>ha reunido las 15 escenas m\u00e1s impactantes (o divertidas) de personas cortadas en dos<\/b>\u2026 verticalmente.<\/p>\n<p>\u00bfPor qu\u00e9 verticalmente? Bueno, simplemente para acotar un poco. Podr\u00eda haber incluido cortes horizontales, diagonales o hasta combinados, pero el video no terminar\u00eda nunca, y estos tops van de temas muy, MUY espec\u00edficos.<\/p>\n<p><b>Aviso Importante:<\/b> antes de que odi\u00e9is al autor muy MUY fuerte por no incluir The Evil Dead, Terrifier o Bone Tomahawk, sabed que s\u00ed estaban en la lista original. Pero cuando intent\u00f3 subir el video a YouTube, le llovieron las restricciones y bloqueos por todos lados. Sigue estando restringido, pero menos. As\u00ed que cualquier queja, por favor, a Mr. YouTube.<\/p>\n<p>&#13;<br \/>\n\t\t\t\t\t&#13;<\/p>\n","protected":false},"excerpt":{"rendered":"&#13; &#13; El cine \u2014especialmente el de terror, acci\u00f3n y fantas\u00eda\u2014 nos ha regalado un recital de cuerpos&hellip;\n","protected":false},"author":2,"featured_media":239875,"comment_status":"","ping_status":"","sticky":false,"template":"","format":"standard","meta":{"footnotes":""},"categories":[169],"tags":[177,146,147,25,24,176,175,23],"class_list":{"0":"post-239874","1":"post","2":"type-post","3":"status-publish","4":"format-standard","5":"has-post-thumbnail","7":"category-cine","8":"tag-cine","9":"tag-entertainment","10":"tag-entretenimiento","11":"tag-es","12":"tag-espana","13":"tag-film","14":"tag-movies","15":"tag-spain"},"share_on_mastodon":{"url":"https:\/\/pubeurope.com\/@es\/115561880968695820","error":""},"_links":{"self":[{"href":"https:\/\/www.europesays.com\/es\/wp-json\/wp\/v2\/posts\/239874","targetHints":{"allow":["GET"]}}],"collection":[{"href":"https:\/\/www.europesays.com\/es\/wp-json\/wp\/v2\/posts"}],"about":[{"href":"https:\/\/www.europesays.com\/es\/wp-json\/wp\/v2\/types\/post"}],"author":[{"embeddable":true,"href":"https:\/\/www.europesays.com\/es\/wp-json\/wp\/v2\/users\/2"}],"replies":[{"embeddable":true,"href":"https:\/\/www.europesays.com\/es\/wp-json\/wp\/v2\/comments?post=239874"}],"version-history":[{"count":0,"href":"https:\/\/www.europesays.com\/es\/wp-json\/wp\/v2\/posts\/239874\/revisions"}],"wp:featuredmedia":[{"embeddable":true,"href":"https:\/\/www.europesays.com\/es\/wp-json\/wp\/v2\/media\/239875"}],"wp:attachment":[{"href":"https:\/\/www.europesays.com\/es\/wp-json\/wp\/v2\/media?parent=239874"}],"wp:term":[{"taxonomy":"category","embeddable":true,"href":"https:\/\/www.europesays.com\/es\/wp-json\/wp\/v2\/categories?post=239874"},{"taxonomy":"post_tag","embeddable":true,"href":"https:\/\/www.europesays.com\/es\/wp-json\/wp\/v2\/tags?post=239874"}],"curies":[{"name":"wp","href":"https:\/\/api.w.org\/{rel}","templated":true}]}}