{"id":239911,"date":"2025-11-16T23:34:09","date_gmt":"2025-11-16T23:34:09","guid":{"rendered":"https:\/\/www.europesays.com\/es\/239911\/"},"modified":"2025-11-16T23:34:09","modified_gmt":"2025-11-16T23:34:09","slug":"telefonica-realiza-el-mayor-ajuste-de-plantilla-en-anos-hasta-7-000-bajas-en-espana-el-diario-de-madrid","status":"publish","type":"post","link":"https:\/\/www.europesays.com\/es\/239911\/","title":{"rendered":"Telefonica realiza el mayor ajuste de plantilla en a\u00f1os: hasta 7.000 bajas en Espa\u00f1a &#8211; El Diario de Madrid"},"content":{"rendered":"<ol>\n<li><a href=\"https:\/\/news.google.com\/rss\/articles\/CBMi1gFBVV95cUxPT181Vk9fYlp1aWtsN0pCTWcxUFNVNkJtMUZ1MlJKSXJ1X01ESmpaMjZkVFUwUTQzdndxNDlteWdxOHJFVWFfR2tkQ3lWSXpSMUtyaUxVd25FMFhKQTdPcTJBZTBXbWdwcXU3ZTF1Qms3bDk4UXNNb0ZYUE1fVnRIaklxdVh4T2tEYURmakFSa3NFcFZuVk1LS09mVURmNjN1UFp1NnNGeUJBQ0h6Rm9lVkNiZjNzS2VNcDVsV1FFbFpPYnhDSEhiQ201MlpBVndWRHZGdGxB0gHbAUFVX3lxTE5LUXZScFpwREkwOFZIc1c2bFVOOFh0NXI2QlpsUWhNMDZuMURoVjZNTENSazhJcHp6cjlQdEVSb3AySmpDblg5dWlRRDlJei04YjlZR1A4QmFNQklPNUVJVlpQTHItVkVFU2VhQm1CX2NESWZaaXhLVDRzUDQ1NjQycmhjZkJINW1CWHVhdDJFOGhoWlhtajJqM2xTc01QbTBhamdrcENUVWZsWU1keGhoQlVZaENMVDBwakY4QjRUTjNDWnNwNXMtbjdmSEFoeVZqU01NeWNRNnlKaw?oc=5\" target=\"_blank\" rel=\"nofollow noopener\">Telefonica realiza el mayor ajuste de plantilla en a\u00f1os: hasta 7.000 bajas en Espa\u00f1a<\/a>&nbsp;&nbsp;El Diario de Madrid<\/li>\n<li><a href=\"https:\/\/news.google.com\/rss\/articles\/CBMiygFBVV95cUxQS1ZtaVN3eV8yN2M3YllxYmZEVzhWWWxQa1o3bFptYmlfWHdZMDF0Q2VheWNNaVhiUGRVenpyQjhQWWJNc25sOFRqRTY2aTBxMFlEMlJxOFpzbXJ4SmFMSDBST2U2VjJIOVM3cWJKYVFCYU15d1kxdld4aUdPLVRxZnZMcnR0eFNFbmx0X0dqWFdXbjlGMWNwYi0yMjAzNU1XSXFlRkZFb2tVU0k5Qi1rMHc0b2o3MFBjNkcwRXlIY05hX0xqWk1zSWln?oc=5\" target=\"_blank\" rel=\"nofollow noopener\">Telef\u00f3nica y los sindicatos pactan el calendario para cerrar el ERE antes de acabar el a\u00f1o<\/a>&nbsp;&nbsp;EL PA\u00cdS<\/li>\n<li><a href=\"https:\/\/news.google.com\/rss\/articles\/CBMijwFBVV95cUxPMEV5N1lQZmdmaXYxa1p1dDFWN1lMRGdqOXg0Z2RFNjVRdW5KbDQwSUE4MXBlU2tIOG9UQXVyRlYwSnZ4SEJaUHpuc09vaHlHazRDY0FSTlNZWFBCdWdrWWtabDlCTjhfbkktVjJad3pHOXFzNnQ3U1UwMHRCeVZfQ3lwMGt6R19GX0x6Njl1Zw?oc=5\" target=\"_blank\" rel=\"nofollow noopener\">Telef\u00f3nica presentar\u00e1 siete ERE dentro de su plan de ahorro de costes<\/a>&nbsp;&nbsp;Expansi\u00f3n<\/li>\n<li><a href=\"https:\/\/news.google.com\/rss\/articles\/CBMi6gFBVV95cUxPdFZyMk9hQWE4eVdiQk14UlRrNVo5a3V3MTFFX0Y4bEhqRXNKUkpxeklVY1ZCcG41cTczb0RlaS1RRXhnSEFCbW5YanVVdFdWR1ZEbTk3cWE1ZHptMnN1XzRMSWFGaU5nYTNLZFk0bHl5NUZzd3RUUHBQSXBOTGNRc3A3MGk5RnlSTngxWDM1eVRnVjhiWnA2QjZlc0VOdFRzSW9hMmtfWDV4UmRyYkRjZEUweVRmS2hST0NveDRlRXk0clNuaGtfZEtnYU9QMEpBWFRRVGl5VG0tTjR1MlZTMFhLT0tXcFJuaUE?oc=5\" target=\"_blank\" rel=\"nofollow noopener\">Telef\u00f3nica presentar\u00e1 ma\u00f1ana a los sindicatos el impacto en la plantilla del plan estrat\u00e9gico<\/a>&nbsp;&nbsp;La Vanguardia<\/li>\n<li><a href=\"https:\/\/news.google.com\/rss\/articles\/CBMilgFBVV95cUxNcGpGcU1mM2V6U1pmZVV5Tm5nemhxMThDSFdSN0ZtQlp0REZFMGxZaVk5ZmN0WXVzZHp5el9HU19hV1dpOHhkeTZNWGlWelU3eHlwMVpYeGhsb1loUFFJYmdfdy1RZWgtalpSVnhpMDFPUkJIZmxnamxiZGtZbW1EeEJFLWJ6dC1idTBjenVHa0FMSFJ4aHc?oc=5\" target=\"_blank\" rel=\"nofollow noopener\">Telef\u00f3nica pone un nuevo ERE sobre la mesa mientras Barclays le recorta el potencial<\/a>&nbsp;&nbsp;Yahoo<\/li>\n<\/ol>\n","protected":false},"excerpt":{"rendered":"Telefonica realiza el mayor ajuste de plantilla en a\u00f1os: hasta 7.000 bajas en Espa\u00f1a&nbsp;&nbsp;El Diario de Madrid Telef\u00f3nica&hellip;\n","protected":false},"author":2,"featured_media":233937,"comment_status":"","ping_status":"","sticky":false,"template":"","format":"standard","meta":{"footnotes":""},"categories":[80],"tags":[82,95,94,25,24,23],"class_list":{"0":"post-239911","1":"post","2":"type-post","3":"status-publish","4":"format-standard","5":"has-post-thumbnail","7":"category-economia","8":"tag-business","9":"tag-economia","10":"tag-economy","11":"tag-es","12":"tag-espana","13":"tag-spain"},"share_on_mastodon":{"url":"https:\/\/pubeurope.com\/@es\/115561998982147591","error":""},"_links":{"self":[{"href":"https:\/\/www.europesays.com\/es\/wp-json\/wp\/v2\/posts\/239911","targetHints":{"allow":["GET"]}}],"collection":[{"href":"https:\/\/www.europesays.com\/es\/wp-json\/wp\/v2\/posts"}],"about":[{"href":"https:\/\/www.europesays.com\/es\/wp-json\/wp\/v2\/types\/post"}],"author":[{"embeddable":true,"href":"https:\/\/www.europesays.com\/es\/wp-json\/wp\/v2\/users\/2"}],"replies":[{"embeddable":true,"href":"https:\/\/www.europesays.com\/es\/wp-json\/wp\/v2\/comments?post=239911"}],"version-history":[{"count":0,"href":"https:\/\/www.europesays.com\/es\/wp-json\/wp\/v2\/posts\/239911\/revisions"}],"wp:featuredmedia":[{"embeddable":true,"href":"https:\/\/www.europesays.com\/es\/wp-json\/wp\/v2\/media\/233937"}],"wp:attachment":[{"href":"https:\/\/www.europesays.com\/es\/wp-json\/wp\/v2\/media?parent=239911"}],"wp:term":[{"taxonomy":"category","embeddable":true,"href":"https:\/\/www.europesays.com\/es\/wp-json\/wp\/v2\/categories?post=239911"},{"taxonomy":"post_tag","embeddable":true,"href":"https:\/\/www.europesays.com\/es\/wp-json\/wp\/v2\/tags?post=239911"}],"curies":[{"name":"wp","href":"https:\/\/api.w.org\/{rel}","templated":true}]}}