{"id":239949,"date":"2025-11-17T00:06:10","date_gmt":"2025-11-17T00:06:10","guid":{"rendered":"https:\/\/www.europesays.com\/es\/239949\/"},"modified":"2025-11-17T00:06:10","modified_gmt":"2025-11-17T00:06:10","slug":"alcaraz-la-idea-es-ir-a-bolonia-y-ver-como-progresa-el-isquio","status":"publish","type":"post","link":"https:\/\/www.europesays.com\/es\/239949\/","title":{"rendered":"Alcaraz: \u201cLa idea es ir a Bolonia y ver c\u00f3mo progresa el isquio\u201d"},"content":{"rendered":"<p class=\"\">\u201cVoy a ir a <b>Bolonia <\/b>ma\u00f1ana\u201d, confirm\u00f3 <a href=\"https:\/\/as.com\/noticias\/carlos-alcaraz-garfia\/\" target=\"_self\" rel=\"nofollow noopener\" title=\"https:\/\/as.com\/noticias\/carlos-alcaraz-garfia\/\"><b>Carlos Alcaraz<\/b><\/a><b> <\/b>en la rueda de prensa posterior a <a href=\"https:\/\/as.com\/tenis\/final_atp\/sinner-somete-a-alcaraz-y-repite-titulo-en-las-finals-f202511-n\/\" target=\"_self\" rel=\"nofollow noopener\" title=\"https:\/\/as.com\/tenis\/final_atp\/sinner-somete-a-alcaraz-y-repite-titulo-en-las-finals-f202511-n\/\">su derrota en la final de la <b>Copa de Maestros <\/b>de <b>Tur\u00edn <\/b>contra <b>Jannik Sinner<\/b><\/a>. Era una gran inc\u00f3gnita, porque durante el partido, el murciano de 22 a\u00f1os tuvo molestias en la pierna derecha y hab\u00eda cierto temor, l\u00f3gico, a que decidiera poner fin a su temporada. \u201cVamos a intentar recuperarnos lo antes posible. La idea es ir y ver c\u00f3mo progresa el isquio, pero mi intenci\u00f3n es recuperarme y dar todo lo que pueda\u201d, a\u00f1adi\u00f3, tranquilizador. Otra cosa es que despu\u00e9s est\u00e9 en condiciones de competir.<\/p>\n<p class=\"\"><b>Alcaraz <\/b>se incorporar\u00e1 hoy a la selecci\u00f3n espa\u00f1ola que disputar\u00e1 la <b>Final a 8 <\/b>de la <b>Copa Davis <\/b>(18 al 23 de noviembre). El equipo de la <b>Armada<\/b>, con su capit\u00e1n, <b>David Ferrer<\/b>, ofrecer\u00e1 una rueda de prensa a las 15:30, en la que estar\u00e1 el murciano junto a sus compa\u00f1eros <b>Jaume Munar<\/b>, <b>Pablo Carre\u00f1o<\/b>, <b>Pedro Mart\u00ednez <\/b>y <b>Marcel Granollers<\/b>. <\/p>\n<p class=\"\"><b>Espa\u00f1a <\/b>no juega hasta el pr\u00f3ximo jueves, cuando se enfrentar\u00e1, desde las 10:00 en la <b>Fiera di Bologna<\/b>, a la <b>Rep\u00fablica Checa<\/b>, capitaneada por <b>Tomas Berdych<\/b>, con <b>Lehecka<\/b>, <b>Mensik<\/b>, <b>Machac<\/b>, <b>Kopriva <\/b>y <b>Pavlasek<\/b>. Eso le concede unos d\u00edas a <b>Carlos <\/b>para intentar recuperarse. El ganador de esta eliminatoria de cuartos se enfrentar\u00e1 en las semifinales del s\u00e1bado al vencedor de la que disputar\u00e1n, desde las 17:00, <b>Argentina <\/b>y <b>Alemania<\/b>. <\/p>\n<p class=\"\">La <b>Selecci\u00f3n <\/b>tiene una buena ocasi\u00f3n de conseguir su s\u00e9ptimo t\u00edtulo, sobre todo tras las renuncias de <b>Jannik Sinner <\/b>y <b>Lorenzo Musetti<\/b>, que no estar\u00e1n con <b>Italia<\/b>, vigente campeona. \u201c\u00bf<b>Finals <\/b>o <b>Davis<\/b>? Por qu\u00e9 elegir si puedo pelear por las dos\u201d, dijo <b>Alcaraz <\/b>hace unos d\u00edas. Sus compa\u00f1eros llevan entren\u00e1ndose en <b>Bolonia <\/b>desde el s\u00e1bado y este domingo participaron en la fiesta de bienvenida. <\/p>\n<p class=\"\">Al hilo del problema de su muslo derecho, el tit\u00e1n de <b>El Palmar <\/b>aclar\u00f3 que s\u00ed le limit\u00f3 un poco en su partido contra <b>Sinner<\/b>, aunque no lo pone como excusa de la derrota. \u201cQuiz\u00e1s hay algunas veces que puedo hacer el loco, en el sentido de correr en bolas imposibles y deslizarme; eso obviamente se me ha limitado, pero m\u00e1s all\u00e1 de esto, he podido jugar normal, moverme con fuerza, llegar bien en los apoyos para poder salir fuerte y todo eso no me ha limitado para nada. \u00bfQue me perjudique para <b>Bolonia<\/b>? Yo creo que no, o espero que no; ma\u00f1ana iremos para all\u00e1, queremos saber qu\u00e9 tal, c\u00f3mo evoluciona estos d\u00edas, pero mi intenci\u00f3n es estar y dar lo mejor para <b>Espa\u00f1a<\/b>\u201c. <\/p>\n<p>\u201cNo estoy ni dolido ni jodido\u201d<\/p>\n<p class=\"\">En otro orden de cosas, <b>Alcaraz <\/b>valor\u00f3 su desempe\u00f1o en las <b>Finals <\/b>y el partido que hizo contra <b>Sinner<\/b>: \u201cMuy contento, ha sido un torneo espectacular, de menos a m\u00e1s. Jugando un tenis incre\u00edble. En la final me he sentido espectacular; el nivel de tenis ha sido muy alto. A una velocidad que me ha sorprendido incluso a m\u00ed mismo, y eso es algo incre\u00edble. No estoy ni dolido ni jodido. Hay que dar valor a estar en una final de <b>Copa de Maestros <\/b>y perder en la manera que he perdido contra alguien que no ha perdido dos a\u00f1os en indoor\u201d.<\/p>\n<p>Noticias relacionadas<a href=\"https:\/\/as.com\/tenis\/final_atp\/sinner-somete-a-alcaraz-y-repite-titulo-en-las-finals-f202511-n\/\" class=\"s_m_w _rt-16x9\" title=\"El italiano gana al espa\u00f1ol, que juega con molestias en el muslo derecho. Con 24 a\u00f1os, es el m\u00e1s joven que defiende el trofeo desde Federer (23 en 2004).\" data-tb-link=\"\" rel=\"nofollow noopener\" target=\"_blank\"><img decoding=\"async\" src=\"https:\/\/www.europesays.com\/es\/wp-content\/uploads\/2025\/11\/TH3SBAD4ZFMKREZFHVUYR66QMU.jpg\" alt=\"Sinner somete a Alcaraz y repite t\u00edtulo en las Finals\" class=\"\" height=\"9\" width=\"16\"   loading=\"lazy\" data-tb-thumbnail=\"\"\/><\/a><a href=\"https:\/\/as.com\/tenis\/final_atp\/palmares-de-las-atp-finals-que-espanoles-lo-han-ganado-y-quien-tiene-mas-titulos-f202511-n\/\" class=\"s_m_w _rt-16x9\" title=\"Carlos Alcaraz tendr\u00e1 que esperar para aparecer en la lista de los tenistas que se han proclamado Maestros a lo largo de la historia. \" data-tb-link=\"\" rel=\"nofollow noopener\" target=\"_blank\"><img decoding=\"async\" src=\"https:\/\/www.europesays.com\/es\/wp-content\/uploads\/2025\/11\/1763337970_602_6272OXYKCRLQXCYLBJJOC4MEGA.jpg\" alt=\"Palmar\u00e9s de las ATP Finals: qu\u00e9 espa\u00f1oles lo han ganado y qui\u00e9n tiene m\u00e1s t\u00edtulos\" class=\"\" height=\"9\" width=\"16\"   loading=\"lazy\" data-tb-thumbnail=\"\"\/><\/a><\/p>\n<p class=\"\"><b>\u00a1Tus opiniones importan!<\/b> Comenta en los art\u00edculos y suscr\u00edbete gratis a nuestra <a href=\"https:\/\/asfan.as.com\/newsletters\/\" target=\"_blank\" rel=\"nofollow noopener\" title=\"https:\/\/asfan.as.com\/newsletters\/\">newsletter<\/a> y a las alertas informativas en la <a href=\"https:\/\/as.com\/aplicacion-de-as-n\/\" target=\"_blank\" rel=\"nofollow noopener\" title=\"https:\/\/as.com\/aplicacion-de-as-n\/\">App<\/a> o el canal de <a href=\"https:\/\/www.whatsapp.com\/channel\/0029VaAasdA7j6g745nz9M10\" target=\"_blank\" rel=\"nofollow noopener\" title=\"https:\/\/www.whatsapp.com\/channel\/0029VaAasdA7j6g745nz9M10\">WhatsApp<\/a>. <\/p>\n<p class=\"\">\u00bfBuscas licenciar contenido? Haz clic <a href=\"https:\/\/profesional.elpais.com\/soluciones-sindicacion?utm_medium=interno&amp;utm_source=crosslinking&amp;utm_campaign=sindicacion_as_pie_articulos\" target=\"_blank\" rel=\"nofollow noopener\" title=\"https:\/\/profesional.elpais.com\/soluciones-sindicacion?utm_medium=interno&amp;utm_source=crosslinking&amp;utm_campaign=sindicacion_as_pie_articulos\">aqu\u00ed<\/a><\/p>\n","protected":false},"excerpt":{"rendered":"\u201cVoy a ir a Bolonia ma\u00f1ana\u201d, confirm\u00f3 Carlos Alcaraz en la rueda de prensa posterior a su derrota&hellip;\n","protected":false},"author":2,"featured_media":239950,"comment_status":"","ping_status":"","sticky":false,"template":"","format":"standard","meta":{"footnotes":""},"categories":[274],"tags":[168,25,24,23,167,327,326],"class_list":{"0":"post-239949","1":"post","2":"type-post","3":"status-publish","4":"format-standard","5":"has-post-thumbnail","7":"category-tenis","8":"tag-deportes","9":"tag-es","10":"tag-espana","11":"tag-spain","12":"tag-sports","13":"tag-tenis","14":"tag-tennis"},"share_on_mastodon":{"url":"https:\/\/pubeurope.com\/@es\/115562124695170878","error":""},"_links":{"self":[{"href":"https:\/\/www.europesays.com\/es\/wp-json\/wp\/v2\/posts\/239949","targetHints":{"allow":["GET"]}}],"collection":[{"href":"https:\/\/www.europesays.com\/es\/wp-json\/wp\/v2\/posts"}],"about":[{"href":"https:\/\/www.europesays.com\/es\/wp-json\/wp\/v2\/types\/post"}],"author":[{"embeddable":true,"href":"https:\/\/www.europesays.com\/es\/wp-json\/wp\/v2\/users\/2"}],"replies":[{"embeddable":true,"href":"https:\/\/www.europesays.com\/es\/wp-json\/wp\/v2\/comments?post=239949"}],"version-history":[{"count":0,"href":"https:\/\/www.europesays.com\/es\/wp-json\/wp\/v2\/posts\/239949\/revisions"}],"wp:featuredmedia":[{"embeddable":true,"href":"https:\/\/www.europesays.com\/es\/wp-json\/wp\/v2\/media\/239950"}],"wp:attachment":[{"href":"https:\/\/www.europesays.com\/es\/wp-json\/wp\/v2\/media?parent=239949"}],"wp:term":[{"taxonomy":"category","embeddable":true,"href":"https:\/\/www.europesays.com\/es\/wp-json\/wp\/v2\/categories?post=239949"},{"taxonomy":"post_tag","embeddable":true,"href":"https:\/\/www.europesays.com\/es\/wp-json\/wp\/v2\/tags?post=239949"}],"curies":[{"name":"wp","href":"https:\/\/api.w.org\/{rel}","templated":true}]}}