{"id":239973,"date":"2025-11-17T00:23:08","date_gmt":"2025-11-17T00:23:08","guid":{"rendered":"https:\/\/www.europesays.com\/es\/239973\/"},"modified":"2025-11-17T00:23:08","modified_gmt":"2025-11-17T00:23:08","slug":"una-carrera-por-la-esperanza","status":"publish","type":"post","link":"https:\/\/www.europesays.com\/es\/239973\/","title":{"rendered":"Una carrera por la esperanza"},"content":{"rendered":"<p class=\"paragraph\">Bajo un sol amable y un ambiente festivo en el Casco Viejo de Pamplona, la <b>s\u00e9ptima edici\u00f3n de la Carrera Popular Solidaria del Tel\u00e9fono de la Esperanza<\/b> reuni\u00f3 este domingo a m\u00e1s de un millar de personas. Por primera vez desde que naci\u00f3 este evento, la organizaci\u00f3n logr\u00f3 superar la barrera de los mil inscritos, una cifra que para la presidenta del Tel\u00e9fono de la Esperanza de Navarra,<b> Bego\u00f1a Arbeloa<\/b>, \u201ces un logro enorme y muy emocionante\u201d.<\/p>\n<p class=\"paragraph\">El Tel\u00e9fono de la Esperanza cumple 47 a\u00f1os de actividad en Navarra. Su misi\u00f3n, recuerda Arbeloa, es clara: \u201cNuestro objetivo siempre es la promoci\u00f3n de la salud emocional de las personas\u201d. Para cumplirlo, el equipo combina diversas v\u00edas de apoyo, como asistencia telef\u00f3nica, atenci\u00f3n por chat dirigida especialmente a j\u00f3venes, acompa\u00f1amiento presencial mediante cursos formativos y servicio de atenci\u00f3n psicol\u00f3gica.<\/p>\n<p class=\"paragraph\">Seg\u00fan Arbeloa, la carrera es <b>una de las actividades estrella fuera de la organizaci\u00f3n.<\/b> \u201cQueremos sacar a la calle lo que hacemos, que la gente sepa que estamos aqu\u00ed para apoyar, acompa\u00f1ar y escuchar en momentos de soledad, angustia o dificultades\u201d, a\u00f1ade.<\/p>\n<p class=\"paragraph\">El recorrido de 5 kil\u00f3metros por el Casco Viejo es un sello caracter\u00edstico de la actividad, pero la carrera ofrece cuatro modalidades distintas: carreras sobre 5 y 10 kil\u00f3metros, 5 kil\u00f3metros caminando y marcha n\u00f3rdica, tambi\u00e9n sobre 5 kil\u00f3metros. \u201cNos parece que el Casco Viejo es el entorno m\u00e1s bonito para hacerlo\u201d, subraya Arbeloa. El dise\u00f1o del itinerario se hace en colaboraci\u00f3n con el Ayuntamiento de Pamplona, que todos los a\u00f1os valida su trazado. Por otro lado, cada edici\u00f3n incorpora un lema diferente. La de este a\u00f1o se celebra bajo la frase <b>\u201c\u00danete a la Esperanza\u201d, <\/b>una elecci\u00f3n que, como explica Arbeloa, responde a la tradici\u00f3n de escoger un verbo que refleje la esencia de la organizaci\u00f3n.<\/p>\n<p class=\"paragraph\">La organizaci\u00f3n moviliz\u00f3 este a\u00f1o a un equipo de <b>150 voluntarios,<\/b> entre miembros internos del Tel\u00e9fono de la Esperanza y personas externas que se sumaron para ayudar en la log\u00edstica. Adem\u00e1s, la carrera cont\u00f3 con la colaboraci\u00f3n del Gobierno de Navarra, el Ayuntamiento de Pamplona y un significativo n\u00famero de empresas que aportaron donaciones econ\u00f3micas o productos para sortear entre los inscritos. La edici\u00f3n de este a\u00f1o tambi\u00e9n cont\u00f3 con pintacaras, batucada y m\u00fasica a pie de calle.<\/p>\n<p class=\"paragraph\">La jornada estuvo marcada por un sentimiento especial: <b>la carrera se dedic\u00f3 a Yolanda Saiz<\/b>, voluntaria de la entidad, figura clave en las ediciones anteriores de la carrera y vicepresidenta del Tel\u00e9fono de la Esperanza. \u201cEste a\u00f1o es muy especial por el fallecimiento de una persona fundamental para nosotros. Ayudaba con la organizaci\u00f3n de la carrera en todas las ediciones. Adem\u00e1s de voluntaria aqu\u00ed, cog\u00eda el tel\u00e9fono, estaba en el chat, era nuestra vicepresidenta. Hoy todo esto es un homenaje a ella\u201d, expresa Arbeloa.<\/p>\n","protected":false},"excerpt":{"rendered":"Bajo un sol amable y un ambiente festivo en el Casco Viejo de Pamplona, la s\u00e9ptima edici\u00f3n de&hellip;\n","protected":false},"author":2,"featured_media":239974,"comment_status":"","ping_status":"","sticky":false,"template":"","format":"standard","meta":{"footnotes":""},"categories":[8],"tags":[17,18,4860,25,24,9572,13,14,11,19,20,9,10,15,16,23,12,21,22],"class_list":{"0":"post-239973","1":"post","2":"type-post","3":"status-publish","4":"format-standard","5":"has-post-thumbnail","7":"category-espana","8":"tag-breaking-news","9":"tag-breakingnews","10":"tag-carrera","11":"tag-es","12":"tag-espana","13":"tag-esperanza","14":"tag-featured-news","15":"tag-featurednews","16":"tag-headlines","17":"tag-latest-news","18":"tag-latestnews","19":"tag-news","20":"tag-noticias","21":"tag-noticias-destacadas","22":"tag-noticiasdestacadas","23":"tag-spain","24":"tag-titulares","25":"tag-ultimas-noticias","26":"tag-ultimasnoticias"},"share_on_mastodon":{"url":"https:\/\/pubeurope.com\/@es\/115562191665565442","error":""},"_links":{"self":[{"href":"https:\/\/www.europesays.com\/es\/wp-json\/wp\/v2\/posts\/239973","targetHints":{"allow":["GET"]}}],"collection":[{"href":"https:\/\/www.europesays.com\/es\/wp-json\/wp\/v2\/posts"}],"about":[{"href":"https:\/\/www.europesays.com\/es\/wp-json\/wp\/v2\/types\/post"}],"author":[{"embeddable":true,"href":"https:\/\/www.europesays.com\/es\/wp-json\/wp\/v2\/users\/2"}],"replies":[{"embeddable":true,"href":"https:\/\/www.europesays.com\/es\/wp-json\/wp\/v2\/comments?post=239973"}],"version-history":[{"count":0,"href":"https:\/\/www.europesays.com\/es\/wp-json\/wp\/v2\/posts\/239973\/revisions"}],"wp:featuredmedia":[{"embeddable":true,"href":"https:\/\/www.europesays.com\/es\/wp-json\/wp\/v2\/media\/239974"}],"wp:attachment":[{"href":"https:\/\/www.europesays.com\/es\/wp-json\/wp\/v2\/media?parent=239973"}],"wp:term":[{"taxonomy":"category","embeddable":true,"href":"https:\/\/www.europesays.com\/es\/wp-json\/wp\/v2\/categories?post=239973"},{"taxonomy":"post_tag","embeddable":true,"href":"https:\/\/www.europesays.com\/es\/wp-json\/wp\/v2\/tags?post=239973"}],"curies":[{"name":"wp","href":"https:\/\/api.w.org\/{rel}","templated":true}]}}