{"id":239988,"date":"2025-11-17T00:39:09","date_gmt":"2025-11-17T00:39:09","guid":{"rendered":"https:\/\/www.europesays.com\/es\/239988\/"},"modified":"2025-11-17T00:39:09","modified_gmt":"2025-11-17T00:39:09","slug":"el-documental-que-radiografia-a-martin-scorsese-un-hombre-de-fe-fascinado-por-la-violencia","status":"publish","type":"post","link":"https:\/\/www.europesays.com\/es\/239988\/","title":{"rendered":"El documental que radiograf\u00eda a Martin Scorsese, \u201cun hombre de fe fascinado por la violencia\u201d"},"content":{"rendered":"<p class=\"article-text\">\n        Es el director vivo m\u00e1s nominado a los Oscar. <a href=\"https:\/\/www.eldiario.es\/cultura\/cine\/francis-ford-coppola-morir-pensare-pude-peliculas-quise_1_11375403.html\" data-mrf-recirculation=\"links-noticia\" class=\"link\" rel=\"nofollow noopener\" target=\"_blank\">Coppola<\/a> le define como \u201cel cineasta m\u00e1s importante en activo de la historia del cine\u201d. Su carrera est\u00e1 plagada de t\u00edtulos emblem\u00e1ticos que han dejado im\u00e1genes grabadas para siempre en nuestra retina. Muchas de ellas protagonizadas por su actor fetiche, Robert De Niro: Travis Bickle hablando delante del espejo. Jake LaMotta en el cuadril\u00e1tero. Sam Ace Rothstein iluminado por los neones de Las Vegas\u2026\u00a0\n    <\/p>\n<p class=\"article-text\">\n        <a href=\"https:\/\/www.eldiario.es\/cultura\/cine\/martin-scorsese-si-imagenes-no-dicen-tendremos-reinventarlas_1_10890935.html\" data-mrf-recirculation=\"links-noticia\" class=\"link\" rel=\"nofollow noopener\" target=\"_blank\">Martin Scorsese<\/a> ha creado un corpus f\u00edlmico tan apabullante que resumirlo es casi imposible. Quiz\u00e1s por ello realizar un documental intentando abarcar su carrera y su figura es una misi\u00f3n a\u00fan m\u00e1s complicada. Sin embargo, la realizadora Rebecca Miller \u2014y pareja de Daniel Day Lewis, con quien Scorsese trabaj\u00f3 en Gangs of New York\u2014 decidi\u00f3 que quer\u00eda intentar descifrar qu\u00e9 hab\u00eda en el cerebro de un cineasta que respira fotogramas en vez de aire. Cu\u00e1nto de aquel ni\u00f1o de descendencia italiana y criado en el catolicismo de Nueva York hab\u00eda quedado impregnado en sus pel\u00edculas.\n    <\/p>\n","protected":false},"excerpt":{"rendered":"Es el director vivo m\u00e1s nominado a los Oscar. Coppola le define como \u201cel cineasta m\u00e1s importante en&hellip;\n","protected":false},"author":2,"featured_media":239989,"comment_status":"","ping_status":"","sticky":false,"template":"","format":"standard","meta":{"footnotes":""},"categories":[169],"tags":[177,6084,146,147,25,24,19220,434,176,366,1730,175,18713,61893,23,432],"class_list":{"0":"post-239988","1":"post","2":"type-post","3":"status-publish","4":"format-standard","5":"has-post-thumbnail","7":"category-cine","8":"tag-cine","9":"tag-documental","10":"tag-entertainment","11":"tag-entretenimiento","12":"tag-es","13":"tag-espana","14":"tag-fascinado","15":"tag-fe","16":"tag-film","17":"tag-hombre","18":"tag-martin","19":"tag-movies","20":"tag-radiografia","21":"tag-scorsese","22":"tag-spain","23":"tag-violencia"},"share_on_mastodon":{"url":"https:\/\/pubeurope.com\/@es\/115562254547436819","error":""},"_links":{"self":[{"href":"https:\/\/www.europesays.com\/es\/wp-json\/wp\/v2\/posts\/239988","targetHints":{"allow":["GET"]}}],"collection":[{"href":"https:\/\/www.europesays.com\/es\/wp-json\/wp\/v2\/posts"}],"about":[{"href":"https:\/\/www.europesays.com\/es\/wp-json\/wp\/v2\/types\/post"}],"author":[{"embeddable":true,"href":"https:\/\/www.europesays.com\/es\/wp-json\/wp\/v2\/users\/2"}],"replies":[{"embeddable":true,"href":"https:\/\/www.europesays.com\/es\/wp-json\/wp\/v2\/comments?post=239988"}],"version-history":[{"count":0,"href":"https:\/\/www.europesays.com\/es\/wp-json\/wp\/v2\/posts\/239988\/revisions"}],"wp:featuredmedia":[{"embeddable":true,"href":"https:\/\/www.europesays.com\/es\/wp-json\/wp\/v2\/media\/239989"}],"wp:attachment":[{"href":"https:\/\/www.europesays.com\/es\/wp-json\/wp\/v2\/media?parent=239988"}],"wp:term":[{"taxonomy":"category","embeddable":true,"href":"https:\/\/www.europesays.com\/es\/wp-json\/wp\/v2\/categories?post=239988"},{"taxonomy":"post_tag","embeddable":true,"href":"https:\/\/www.europesays.com\/es\/wp-json\/wp\/v2\/tags?post=239988"}],"curies":[{"name":"wp","href":"https:\/\/api.w.org\/{rel}","templated":true}]}}