{"id":239994,"date":"2025-11-17T00:42:13","date_gmt":"2025-11-17T00:42:13","guid":{"rendered":"https:\/\/www.europesays.com\/es\/239994\/"},"modified":"2025-11-17T00:42:13","modified_gmt":"2025-11-17T00:42:13","slug":"que-hay-de-verdad-tras-los-rumores-de-distanciamiento","status":"publish","type":"post","link":"https:\/\/www.europesays.com\/es\/239994\/","title":{"rendered":"\u00bfQu\u00e9 hay de verdad tras los rumores de distanciamiento?"},"content":{"rendered":"<p id=\"ewXczbUgUz\" data-wc=\"81\">No es la primera vez que Alejandro Sanz (56) y Candela M\u00e1rquez (37) se ven envueltos en una serie de rumores sobre una supuesta ruptura entre ambos. <a class=\"hm-link ho-link\" href=\"https:\/\/www.hola.com\/actualidad\/20250716844719\/alejandro-sanz-candela-marquez-imagen-zanja-rumores-crisis\/\" data-mrf-recirculation=\"article-body-link\" rel=\"nofollow noopener\" target=\"_blank\">Ocurri\u00f3 el pasado julio<\/a> y ha vuelto a pasar ahora, pero en los dos casos la realidad es muy diferente de lo que se dice de ellos. Seg\u00fan hemos podido saber, no es verdad que el m\u00fasico madrile\u00f1o y la int\u00e9rprete valenciana hayan roto, y tampoco es cierto que est\u00e9n atravesando por una crisis.<\/p>\n<p> <img src=\"https:\/\/www.europesays.com\/es\/wp-content\/uploads\/2025\/11\/94e2e4b595bb-gettyimages-2246630104.jpg\"   width=\"1024\" height=\"682\" loading=\"lazy\" decoding=\"async\" alt=\"Alejandro Sanz, sobre el escenario de los Grammy Latino 2025 al recoger uno de sus premios\" fetchpriority=\"auto\" class=\"image ho-image\"\/>\u00a9 Getty ImagesAlejandro Sanz, sobre el escenario de los Grammy Latino 2025 al recoger uno de sus premios<\/p>\n<p id=\"e-XNWTRtSh\" data-wc=\"83\">El c\u00edrculo m\u00e1s cercano del cantante y la actriz nos ha desmentido categ\u00f3ricamente que exista un distanciamiento, y nos aseguran que <strong>todo est\u00e1 bien<\/strong>. Niegan de forma rotunda, por lo tanto, que hayan decidido tomar caminos por separado. Una aclaraci\u00f3n para zanjar cualquier duda ante las informaciones publicadas por varios medios de comunicaci\u00f3n en los \u00faltimos d\u00edas, y que surgieron tras la celebraci\u00f3n esta semana de <a class=\"hm-link ho-link\" href=\"https:\/\/www.hola.com\/actualidad\/20251114867481\/aitana-gana-su-primer-latin-grammy-dedica-plex-novio-le-quiero-con-todo-mi-corazon\/\" data-mrf-recirculation=\"article-body-link\" rel=\"nofollow noopener\" target=\"_blank\">la gala de los Grammy Latinos 2025<\/a> a la que el artista acudi\u00f3 solo, sin su pareja.<\/p>\n<p> <img src=\"https:\/\/www.europesays.com\/es\/wp-content\/uploads\/2025\/11\/8cadc1b76a33-gettyimages-2246626563.jpg\"   width=\"1024\" height=\"682\" loading=\"lazy\" decoding=\"async\" alt=\"El cantante madrile\u00f1o, el pasado jueves en la gala celebrada en Las Vegas\" fetchpriority=\"auto\" class=\"image ho-image\"\/>\u00a9 Getty ImagesEl cantante madrile\u00f1o, el pasado jueves en la gala celebrada en Las Vegas<\/p>\n<p id=\"e_kcNbHukn\" data-wc=\"108\">Fue una ausencia que hizo saltar las alarmas, pero que<strong>\u00a0se debi\u00f3 exclusivamente a temas de trabajo que impidieron que Candela M\u00e1rquez pudiera viajar<\/strong> con su chico y acompa\u00f1arlo a Las Vegas, (Nevada, EE.UU.). All\u00ed tuvo lugar la ceremonia de entrega de los premios m\u00e1s prestigiosos del mundo de la m\u00fasica en espa\u00f1ol, donde el int\u00e9rprete de Coraz\u00f3n Part\u00edo fue uno de los triunfadores de la noche. Se llev\u00f3 dos gram\u00f3fonos dorados, a mejor grabaci\u00f3n del a\u00f1o por su canci\u00f3n Palmeras en la nieve\u00a0y a mejor \u00e1lbum de pop vocal por \u00bfY ahora qu\u00e9?,\u00a0sumando as\u00ed un total de 24 a lo largo de su inigualable carrera.<\/p>\n<p> <img src=\"https:\/\/www.europesays.com\/es\/wp-content\/uploads\/2025\/11\/95247057c8dc-gettyimages-2246619956.jpg\"   width=\"808\" height=\"1024\" loading=\"lazy\" decoding=\"async\" alt=\"Alejandro Sanz tambi\u00e9n actu\u00f3 el pasado durante la gala de los Grammy\" fetchpriority=\"auto\" class=\"image ho-image\"\/>\u00a9 Getty ImagesAlejandro Sanz tambi\u00e9n actu\u00f3 el pasado jueves durante la gala de los Grammy<\/p>\n<p id=\"eDPBbnD0N7\" data-wc=\"82\">La protagonista de La Encrucijada (Antena 3) no pudo estar all\u00ed para festejar con \u00e9l esta enorme alegr\u00eda, y hubo quien dijo entonces que estos se hab\u00edan dejado de seguir en redes sociales, que incluso se hab\u00edan bloqueado y que hab\u00edan borrado todo rastros de sus fotos juntos. Pero no, la pareja sigue unida despu\u00e9s de cumplir recientemente su primer a\u00f1o de amor, romance que precisamente <a class=\"hm-link ho-link\" href=\"https:\/\/www.hola.com\/actualidad\/20241116730479\/alejandro-sanz-candela-marquez-album-fotografias-premios-grammy-2024\/\" data-mrf-recirculation=\"article-body-link\" rel=\"nofollow noopener\" target=\"_blank\">oficializaron un 14 de noviembre de 2024<\/a> durante los Grammy Latinos que tuvieron lugar en Miami.<\/p>\n<p> <img src=\"https:\/\/www.europesays.com\/es\/wp-content\/uploads\/2025\/11\/c737b5197025-gettyimages-2184843332.jpg\"   width=\"731\" height=\"1024\" loading=\"lazy\" decoding=\"async\" alt=\"Candela M\u00e1rquez y Alejandro Sanz en los Latin Grammy 2024\" fetchpriority=\"auto\" class=\"image ho-image\"\/>\u00a9 Getty ImagesCandela M\u00e1rquez y Alejandro Sanz en los Latin Grammy 2024<\/p>\n<p id=\"eBjcEChqAcF\" data-wc=\"85\">Desde aquel d\u00eda, Alejandro Sanz y su novia han ido afianzando su relaci\u00f3n cada d\u00eda que pasa, compartiendo momentos inolvidables y proclamando su amor a los cuatro vientos cada vez que tienen oportunidad. <a class=\"hm-link ho-link\" href=\"https:\/\/www.hola.com\/actualidad\/20251027863917\/alejandro-sanz-candela-marquez-mensaje-romantico-un-ano-juntos\/\" data-mrf-recirculation=\"article-body-link\" rel=\"nofollow noopener\" target=\"_blank\">Lo pudimos comprobar hace pocas semanas<\/a>, despu\u00e9s de que ella compartiera en su perfil p\u00fablico un par de fotos frente al mar donde se la ve\u00eda espectacular. Tras ver las im\u00e1genes. \u00e9l le dijo: \u00abTan bella, mi ni\u00f1a. Te quiero beb\u00e9\u00bb. Fueron solo siete palabras, pero tampoco hizo falta a\u00f1adir mucho m\u00e1s.\u00a0<\/p>\n","protected":false},"excerpt":{"rendered":"No es la primera vez que Alejandro Sanz (56) y Candela M\u00e1rquez (37) se ven envueltos en una&hellip;\n","protected":false},"author":2,"featured_media":239995,"comment_status":"","ping_status":"","sticky":false,"template":"","format":"standard","meta":{"footnotes":""},"categories":[91],"tags":[517,10842,61894,146,147,25,24,23],"class_list":{"0":"post-239994","1":"post","2":"type-post","3":"status-publish","4":"format-standard","5":"has-post-thumbnail","7":"category-entretenimiento","8":"tag-actualidad","9":"tag-alejandro-sanz","10":"tag-candela-marquez","11":"tag-entertainment","12":"tag-entretenimiento","13":"tag-es","14":"tag-espana","15":"tag-spain"},"share_on_mastodon":{"url":"https:\/\/pubeurope.com\/@es\/115562267138667483","error":""},"_links":{"self":[{"href":"https:\/\/www.europesays.com\/es\/wp-json\/wp\/v2\/posts\/239994","targetHints":{"allow":["GET"]}}],"collection":[{"href":"https:\/\/www.europesays.com\/es\/wp-json\/wp\/v2\/posts"}],"about":[{"href":"https:\/\/www.europesays.com\/es\/wp-json\/wp\/v2\/types\/post"}],"author":[{"embeddable":true,"href":"https:\/\/www.europesays.com\/es\/wp-json\/wp\/v2\/users\/2"}],"replies":[{"embeddable":true,"href":"https:\/\/www.europesays.com\/es\/wp-json\/wp\/v2\/comments?post=239994"}],"version-history":[{"count":0,"href":"https:\/\/www.europesays.com\/es\/wp-json\/wp\/v2\/posts\/239994\/revisions"}],"wp:featuredmedia":[{"embeddable":true,"href":"https:\/\/www.europesays.com\/es\/wp-json\/wp\/v2\/media\/239995"}],"wp:attachment":[{"href":"https:\/\/www.europesays.com\/es\/wp-json\/wp\/v2\/media?parent=239994"}],"wp:term":[{"taxonomy":"category","embeddable":true,"href":"https:\/\/www.europesays.com\/es\/wp-json\/wp\/v2\/categories?post=239994"},{"taxonomy":"post_tag","embeddable":true,"href":"https:\/\/www.europesays.com\/es\/wp-json\/wp\/v2\/tags?post=239994"}],"curies":[{"name":"wp","href":"https:\/\/api.w.org\/{rel}","templated":true}]}}