{"id":239996,"date":"2025-11-17T00:43:27","date_gmt":"2025-11-17T00:43:27","guid":{"rendered":"https:\/\/www.europesays.com\/es\/239996\/"},"modified":"2025-11-17T00:43:27","modified_gmt":"2025-11-17T00:43:27","slug":"fotografian-los-mandos-de-consolas-gigantes-del-nintendo-museum","status":"publish","type":"post","link":"https:\/\/www.europesays.com\/es\/239996\/","title":{"rendered":"Fotograf\u00edan los mandos de consolas gigantes del Nintendo Museum"},"content":{"rendered":"<p>\u00bfTienes en mente visitar pronto el\u00a0<strong>Nintendo Museum<\/strong>? Hoy hay novedades sobre este proyecto de\u00a0<strong>Nintendo<\/strong>. Estamos hablando en este caso de informaci\u00f3n relacionada con\u00a0<a href=\"https:\/\/www.nintenderos.com\/2021\/06\/nintendo-anuncia-su-propio-museo-en-japon-nintendo-gallery\/\" rel=\"nofollow noopener\" target=\"_blank\">el museo oficial<\/a>\u00a0anunciado hace un tiempo por parte Nintendo.<\/p>\n<p>Ya\u00a0<a href=\"https:\/\/www.nintenderos.com\/2025\/06\/nintendo-museum-anuncia-una-nueva-galeria-de-arte\/\" rel=\"nofollow noopener\" target=\"_blank\">sab\u00edamos<\/a>\u00a0que el museo iba a abrir una nueva Galer\u00eda de Arte\u00a0<strong>el 3 de septiembre de 2025<\/strong>, y ahora el creador de contenido Genki ha tomado algunas fotos de los mandos gigantes interactivos que se exhiben en el Nintendo Museum de Kioto, Jap\u00f3n. Pod\u00e9is verlas abajo:<\/p>\n<blockquote class=\"twitter-tweet\">\n<p dir=\"ltr\" lang=\"en\">Giant playable Nintendo controllers at the Nintendo Museum! <a href=\"https:\/\/t.co\/dRlmX0e3Fh\" class=\"external\" rel=\"nofollow\">pic.twitter.com\/dRlmX0e3Fh<\/a><\/p>\n<p>Otros contenidos en esta categor\u00eda:<\/p>\n<p>\u2014 Genki\u2728 (@Genki_JPN) <a href=\"https:\/\/twitter.com\/Genki_JPN\/status\/1989655571503706226?ref_src=twsrc%5Etfw\" rel=\"nofollow noopener\" target=\"_blank\">November 15, 2025<\/a><\/p>\n<\/blockquote>\n<p>Tras los\u00a0<a href=\"https:\/\/www.nintenderos.com\/2024\/03\/el-museo-oficial-de-nintendo-parece-haber-pospuesto-su-apertura\/\" rel=\"nofollow noopener\" target=\"_blank\">reportes de retraso en su apertura<\/a>, as\u00ed como\u00a0<a href=\"https:\/\/www.nintenderos.com\/2024\/05\/el-museo-oficial-de-nintendo-ya-esta-completo-y-concreta-su-inauguracion\/\" rel=\"nofollow noopener\" target=\"_blank\">la fecha oficial<\/a>, tenemos estos detalles. Nos llegan tras conocer hace poco\u00a0<a href=\"https:\/\/www.nintenderos.com\/2024\/06\/aparece-esta-bandera-de-super-mario-en-el-museo-de-nintendo\/\" rel=\"nofollow noopener\" target=\"_blank\">un m\u00e1stil de bandera<\/a>\u00a0inspirado en\u00a0<a href=\"https:\/\/www.nintenderos.com\/2024\/06\/super-mario-todos-juegos-fecha-lanzamiento\/\" rel=\"nofollow noopener\" target=\"_blank\">Super Mario<\/a>, y se centra en un curioso detalle.<\/p>\n<p>El anuncio del Nintendo Direct de este museo\u00a0<a href=\"https:\/\/www.nintenderos.com\/2024\/08\/anunciado-nintendo-museum-direct-para-manana\/\" rel=\"nofollow noopener\" target=\"_blank\">nos sorprendi\u00f3<\/a>\u00a0hace un tiempo y ahora ya\u00a0<a href=\"https:\/\/www.nintenderos.com\/2024\/08\/el-nintendo-museum-confirma-fecha-de-apertura-y-mas-detalles-en-su-direct\/\" rel=\"nofollow noopener\" target=\"_blank\">ha confirmado novedades<\/a>. El museo\u00a0<strong>abri\u00f3 sus puertas el 2 de octubre de 2024<\/strong>\u00a0Ahora, tras conocer que\u00a0<a href=\"https:\/\/www.nintenderos.com\/2024\/09\/no-hay-planes-para-abrir-mas-nintendo-museum\/\" rel=\"nofollow noopener\" target=\"_blank\">no hay planes<\/a>\u00a0para abrir m\u00e1s museos similares en otras regiones, as\u00ed como las\u00a0<a href=\"https:\/\/www.nintenderos.com\/2024\/09\/almohadas-de-mandos-de-wii-y-mas-merchandise-exclusivo-del-nintendo-museum-que-necesitamos-ya\/\" rel=\"nofollow noopener\" target=\"_blank\">primeras im\u00e1genes de merchandise<\/a>, seguimos recibiendo novedades como esta.<\/p>\n<p>\u00bfQu\u00e9 os ha parecido la noticia del Nintendo Museum que hemos conocido hoy mismo? Pod\u00e9is compartirlo en los comentarios. Tambi\u00e9n os recordamos que hace un tiempo nos lleg\u00f3\u00a0<a href=\"https:\/\/www.nintenderos.com\/2023\/10\/nintendo-muestra-el-logo-de-su-museo-en-accion\/\" rel=\"nofollow noopener\" target=\"_blank\">el logo del museo<\/a>\u00a0y un\u00a0<a href=\"https:\/\/www.nintenderos.com\/2024\/09\/primer-tour-en-video-por-el-nintendo-museum\/\" rel=\"nofollow noopener\" target=\"_blank\">tour en v\u00eddeo por el mismo<\/a>, y que tras su apertura se han impuesto\u00a0<a href=\"https:\/\/www.nintenderos.com\/2024\/10\/un-dia-despues-de-su-apertura-nintendo-museum-implementa-restricciones-al-comprar-merchandise\/\" rel=\"nofollow noopener\" target=\"_blank\">restricciones en la compra de merchandise<\/a>.<\/p>\n<p><a class=\"external\" href=\"https:\/\/mynintendonews.com\/2025\/11\/16\/heres-a-look-at-the-giant-playable-controllers-at-the-nintendo-museum\/\" rel=\"nofollow noopener\" target=\"_blank\">Fuente<\/a>.<\/p>\n<p>    <script async src=\"https:\/\/platform.twitter.com\/widgets.js\" charset=\"utf-8\"><\/script><\/p>\n","protected":false},"excerpt":{"rendered":"\u00bfTienes en mente visitar pronto el\u00a0Nintendo Museum? Hoy hay novedades sobre este proyecto de\u00a0Nintendo. Estamos hablando en este&hellip;\n","protected":false},"author":2,"featured_media":239997,"comment_status":"","ping_status":"","sticky":false,"template":"","format":"standard","meta":{"footnotes":""},"categories":[81],"tags":[119,123,124,25,24,41708,117,121,122,23,118,120],"class_list":{"0":"post-239996","1":"post","2":"type-post","3":"status-publish","4":"format-standard","5":"has-post-thumbnail","7":"category-ciencia-y-tecnologia","8":"tag-ciencia","9":"tag-ciencia-y-tecnologia","10":"tag-cienciaytecnologia","11":"tag-es","12":"tag-espana","13":"tag-nintendo-museum","14":"tag-science","15":"tag-science-and-technology","16":"tag-scienceandtechnology","17":"tag-spain","18":"tag-technology","19":"tag-tecnologia"},"share_on_mastodon":{"url":"https:\/\/pubeurope.com\/@es\/115562270173645298","error":""},"_links":{"self":[{"href":"https:\/\/www.europesays.com\/es\/wp-json\/wp\/v2\/posts\/239996","targetHints":{"allow":["GET"]}}],"collection":[{"href":"https:\/\/www.europesays.com\/es\/wp-json\/wp\/v2\/posts"}],"about":[{"href":"https:\/\/www.europesays.com\/es\/wp-json\/wp\/v2\/types\/post"}],"author":[{"embeddable":true,"href":"https:\/\/www.europesays.com\/es\/wp-json\/wp\/v2\/users\/2"}],"replies":[{"embeddable":true,"href":"https:\/\/www.europesays.com\/es\/wp-json\/wp\/v2\/comments?post=239996"}],"version-history":[{"count":0,"href":"https:\/\/www.europesays.com\/es\/wp-json\/wp\/v2\/posts\/239996\/revisions"}],"wp:featuredmedia":[{"embeddable":true,"href":"https:\/\/www.europesays.com\/es\/wp-json\/wp\/v2\/media\/239997"}],"wp:attachment":[{"href":"https:\/\/www.europesays.com\/es\/wp-json\/wp\/v2\/media?parent=239996"}],"wp:term":[{"taxonomy":"category","embeddable":true,"href":"https:\/\/www.europesays.com\/es\/wp-json\/wp\/v2\/categories?post=239996"},{"taxonomy":"post_tag","embeddable":true,"href":"https:\/\/www.europesays.com\/es\/wp-json\/wp\/v2\/tags?post=239996"}],"curies":[{"name":"wp","href":"https:\/\/api.w.org\/{rel}","templated":true}]}}