{"id":240000,"date":"2025-11-17T00:45:15","date_gmt":"2025-11-17T00:45:15","guid":{"rendered":"https:\/\/www.europesays.com\/es\/240000\/"},"modified":"2025-11-17T00:45:15","modified_gmt":"2025-11-17T00:45:15","slug":"detienen-en-espana-al-lider-de-los-lobos-la-mayor-banda-de-narcotrafico-de-ecuador","status":"publish","type":"post","link":"https:\/\/www.europesays.com\/es\/240000\/","title":{"rendered":"Detienen en Espa\u00f1a al l\u00edder de Los Lobos, la mayor banda de narcotr\u00e1fico de Ecuador"},"content":{"rendered":"<p style=\"\">El presidente de Ecuador, <a href=\"https:\/\/www.abc.es\/noticias\/daniel-noboa\/\" target=\"_self\" data-voc-vtm-id=\"in-text-traffic\" title=\"Daniel Noboa\" data-mrf-link=\"www.abc.es\" rel=\"nofollow noopener\">Daniel Noboa<\/a>, inform\u00f3 el domingo de la captura en Espa\u00f1a del jefe de la mayor banda narcotraficante del pa\u00eds conocida como Los Lobos, en plena jornada electoral de un referendo clave para enfrentar el crimen.<\/p>\n<p style=\"\">Considerado durante mucho tiempo un  &#8230; refugio pac\u00edfico en Am\u00e9rica Latina, la violencia estall\u00f3 en Ecuador en los \u00faltimos a\u00f1os a medida que pandillas rivales con v\u00ednculos con los c\u00e1rteles mexicanos y colombianos compiten por el control del tr\u00e1fico de drogas.<\/p>\n<p class=\"voc-p\" style=\"\">\u00abHoy capturamos a &#8216;Pipo&#8217; Chavarr\u00eda, el delincuente m\u00e1s buscado de la regi\u00f3n y m\u00e1ximo l\u00edder de Los Lobos. El criminal que fingi\u00f3 su muerte, cambi\u00f3 de identidad y se escondi\u00f3 en Europa\u00bb, indic\u00f3 el mandatario en X.<\/p>\n<p class=\"voc-p\" style=\"\">El ministro del Interior, John Reimberg, indic\u00f3 en la misma red social que la detenci\u00f3n tuvo lugar en Espa\u00f1a.<\/p>\n<p class=\"voc-p\" style=\"\">El anuncio se da el mismo d\u00eda que<a href=\"https:\/\/www.abc.es\/internacional\/tension-ecuador-ante-referendum-definir-futuro-20251114130122-nt.html\" target=\"_self\" data-voc-vtm-id=\"in-text-traffic\" title=\" los ecuatorianos votan\" data-mrf-link=\"www.abc.es\" rel=\"nofollow noopener\"> los ecuatorianos votan<\/a> para decidir sobre el regreso de bases militares extranjeras y una nueva Constituci\u00f3n que d\u00e9 m\u00e1s poderes al gobierno para enfrentar la creciente violencia en el pa\u00eds.<\/p>\n<p class=\"voc-p\" style=\"\"><a href=\"https:\/\/www.abc.es\/internacional\/lobos-banda-vinculos-crimen-colombiano-atribuye-asesinato-20230810135619-nt.html\" target=\"_self\" data-voc-vtm-id=\"in-text-traffic\" title=\"Los Lobos\" data-mrf-link=\"www.abc.es\" rel=\"nofollow noopener\">Los Lobos<\/a> es considerada la mayor banda criminal de Ecuador, luego de que el l\u00edder de un grupo rival, <a href=\"https:\/\/www.abc.es\/internacional\/estados-unidos-declara-terroristas-choneros-lobos-bandas-20250905024304-nt.html\" target=\"_self\" data-voc-vtm-id=\"in-text-traffic\" title=\"Los Choneros\" data-mrf-link=\"www.abc.es\" rel=\"nofollow noopener\">Los Choneros<\/a>, fuera extraditado a Estados Unidos.<\/p>\n<p>\nDado por muerto\n<\/p>\n<p class=\"voc-p\" style=\"\">Chavarr\u00eda fue dado por muerto en 2021 durante una masacre carcelaria en medio de choques entre bandas rivales, seg\u00fan un comunicado del ministerio de Interior. La defunci\u00f3n qued\u00f3 registrada en documentos oficiales lo que le permiti\u00f3 \u00abencubrir su accionar delictivo\u00bb, a\u00f1adi\u00f3 la cartera.<\/p>\n<p class=\"voc-p\" style=\"\">Reimberg indic\u00f3 que Chavarr\u00eda \u00absac\u00f3 una <strong>nueva identidad en Venezuela<\/strong>\u00ab y despu\u00e9s obtuvo<strong> pasaporte colombiano<\/strong> con el que viaj\u00f3 en 2022 a Espa\u00f1a. Desde all\u00ed coordinaba el tr\u00e1fico de droga hacia Europa, \u00abcon conexiones directas al C\u00e1rtel Nueva Generaci\u00f3n Ecuador (CNGE) y alianzas con carteles mexicanos, colombianos y europeos\u00bb, detall\u00f3.<\/p>\n<blockquote class=\"twitter-tweet\">\n<p lang=\"es\" dir=\"ltr\">Hoy capturamos a \u201cPipo\u201d Chavarr\u00eda, el delincuente m\u00e1s buscado de la regi\u00f3n y m\u00e1ximo l\u00edder de Los Lobos. El criminal que fingi\u00f3 su muerte, cambi\u00f3 de identidad y se escondi\u00f3 en Europa mientras ordenaba asesinatos en Ecuador, controlaba las operaciones de miner\u00eda ilegal y mov\u00eda\u2026<\/p>\n<p>\u2014 Daniel Noboa Azin (@DanielNoboaOk) <a href=\"https:\/\/twitter.com\/DanielNoboaOk\/status\/1990030648287858909?ref_src=twsrc%5Etfw\" rel=\"nofollow noopener\" target=\"_blank\">November 16, 2025<\/a><\/p><\/blockquote>\n<p class=\"voc-p\" style=\"\">Pero hay versiones encontradas sobre c\u00f3mo Chavarr\u00eda escap\u00f3 de la c\u00e1rcel. De acuerdo a la polic\u00eda, en 2021 \u00abfingi\u00f3 su muerte en medio de la pandemia\u00bb del Covid-19.<\/p>\n<p class=\"voc-p\" style=\"\">Chavarr\u00eda dirigi\u00f3 en 2019 un grupo de sicarios de Los Lobos, que actuaba bajo las \u00f3rdenes de Los Choneros, pero tras la muerte del l\u00edder de entonces se separ\u00f3 de esa organizaci\u00f3n.<\/p>\n<p class=\"voc-p\" style=\"\">El grupo se dedica al narcotr\u00e1fico, el sicariato y la miner\u00eda ilegal de oro, y tambi\u00e9n ha sido vinculado al asesinato en 2023 del candidato presidencial <a href=\"https:\/\/www.abc.es\/internacional\/prision-preventiva-exministro-correismo-empresario-magnicidio-fernando-20251024021924-nt.html\" target=\"_self\" data-voc-vtm-id=\"in-text-traffic\" title=\"Fernando Villavicencio\" data-mrf-link=\"www.abc.es\" rel=\"nofollow noopener\">Fernando Villavicencio<\/a>.<\/p>\n<p><script async src=\"https:\/\/platform.twitter.com\/widgets.js\" charset=\"utf-8\"><\/script><\/p>\n","protected":false},"excerpt":{"rendered":"El presidente de Ecuador, Daniel Noboa, inform\u00f3 el domingo de la captura en Espa\u00f1a del jefe de la&hellip;\n","protected":false},"author":2,"featured_media":240001,"comment_status":"","ping_status":"","sticky":false,"template":"","format":"standard","meta":{"footnotes":""},"categories":[42],"tags":[3677,17,18,13401,2622,24,13,14,11,61,62,63,64,19,20,5564,14913,31,7337,9,10,15,16,12,21,22,65,66,67],"class_list":{"0":"post-240000","1":"post","2":"type-post","3":"status-publish","4":"format-standard","5":"has-post-thumbnail","7":"category-internacional","8":"tag-banda","9":"tag-breaking-news","10":"tag-breakingnews","11":"tag-detienen","12":"tag-ecuador","13":"tag-espana","14":"tag-featured-news","15":"tag-featurednews","16":"tag-headlines","17":"tag-internacional","18":"tag-international","19":"tag-international-news","20":"tag-internationalnews","21":"tag-latest-news","22":"tag-latestnews","23":"tag-lider","24":"tag-lobos","25":"tag-mayor","26":"tag-narcotrafico","27":"tag-news","28":"tag-noticias","29":"tag-noticias-destacadas","30":"tag-noticiasdestacadas","31":"tag-titulares","32":"tag-ultimas-noticias","33":"tag-ultimasnoticias","34":"tag-world","35":"tag-world-news","36":"tag-worldnews"},"share_on_mastodon":{"url":"https:\/\/pubeurope.com\/@es\/115562278021237954","error":""},"_links":{"self":[{"href":"https:\/\/www.europesays.com\/es\/wp-json\/wp\/v2\/posts\/240000","targetHints":{"allow":["GET"]}}],"collection":[{"href":"https:\/\/www.europesays.com\/es\/wp-json\/wp\/v2\/posts"}],"about":[{"href":"https:\/\/www.europesays.com\/es\/wp-json\/wp\/v2\/types\/post"}],"author":[{"embeddable":true,"href":"https:\/\/www.europesays.com\/es\/wp-json\/wp\/v2\/users\/2"}],"replies":[{"embeddable":true,"href":"https:\/\/www.europesays.com\/es\/wp-json\/wp\/v2\/comments?post=240000"}],"version-history":[{"count":0,"href":"https:\/\/www.europesays.com\/es\/wp-json\/wp\/v2\/posts\/240000\/revisions"}],"wp:featuredmedia":[{"embeddable":true,"href":"https:\/\/www.europesays.com\/es\/wp-json\/wp\/v2\/media\/240001"}],"wp:attachment":[{"href":"https:\/\/www.europesays.com\/es\/wp-json\/wp\/v2\/media?parent=240000"}],"wp:term":[{"taxonomy":"category","embeddable":true,"href":"https:\/\/www.europesays.com\/es\/wp-json\/wp\/v2\/categories?post=240000"},{"taxonomy":"post_tag","embeddable":true,"href":"https:\/\/www.europesays.com\/es\/wp-json\/wp\/v2\/tags?post=240000"}],"curies":[{"name":"wp","href":"https:\/\/api.w.org\/{rel}","templated":true}]}}