{"id":240016,"date":"2025-11-17T01:01:11","date_gmt":"2025-11-17T01:01:11","guid":{"rendered":"https:\/\/www.europesays.com\/es\/240016\/"},"modified":"2025-11-17T01:01:11","modified_gmt":"2025-11-17T01:01:11","slug":"aqui-radio-espana-independiente-estacion-pirenaica-la-unica-emisora-espanola-sin-censura-de-franco","status":"publish","type":"post","link":"https:\/\/www.europesays.com\/es\/240016\/","title":{"rendered":"\u201cAqu\u00ed Radio Espa\u00f1a Independiente, estaci\u00f3n pirenaica, la \u00fanica emisora espa\u00f1ola sin censura de Franco\u201d"},"content":{"rendered":"<p>La radio fue un elemento crucial durante la dictadura franquista. <strong>Radio Nacional de Espa\u00f1a<\/strong>, al servicio del r\u00e9gimen, se convirti\u00f3 en un elemento clave a trav\u00e9s del que canalizar la propaganda, censurar a los d\u00edscolos e instrumentalizar a la sociedad, mezclando los partes informativos que ensalzaban a <strong>Francisco Franco<\/strong> con formatos con los que mantener mansa a la ciudadan\u00eda en momentos de penumbra, hambre o represi\u00f3n.\u00a0<\/p>\n<p>No obstante, y pese a que el dictador se encarg\u00f3 concienzudamente de albergar el monopolio de la informaci\u00f3n, obligando en todo momento a sintonizar los discursos y comunicaciones oficiales, hubo quienes desde el exilio consiguieron sortear la censura y sintonizar un mensaje alternativo, real y combativo con el franquismo. Esta es la historia de <strong>Radio Espa\u00f1a Independiente (1941-1977)<\/strong>, m\u00e1s conocida como <strong>La Pirenaica<\/strong>, la emisora del Partido Comunista de Espa\u00f1a (PCE) que se fund\u00f3 en Mosc\u00fa y cont\u00f3 con Dolores Ib\u00e1rruri, Pasionaria, como primera directora.\u00a0<\/p>\n<p>Los tiempos siempre son importantes, pero en el caso de La Pirenaica enmarcan a la perfecci\u00f3n cu\u00e1l fue la valiente labor realizada de forma clandestina tanto en directo como a trav\u00e9s de cintas magnetof\u00f3nicas. El primer mensaje, en 1941, naci\u00f3 de la rabia de Stalin al escuchar a Ram\u00f3n Serrano Su\u00f1er, plenipotenciario de Exteriores de Franco, presidente de Falange y creador de la Divisi\u00f3n Azul, acusar a Rusia de ser \u201cculpable\u201d de la Guerra Civil Espa\u00f1ola y animase a su exterminio: \u201cAqu\u00ed Radio Espa\u00f1a Independiente, estaci\u00f3n pirenaica, <strong>la \u00fanica emisora espa\u00f1ola sin censura de Franco<\/strong>\u201d. El \u00faltimo, en cambio, se emiti\u00f3 desde Madrid en julio de 1977 narrando en directo la sesi\u00f3n inaugural de las Cortes Constituyentes: \u00abSi nuestra labor ha servido en algo para la reconquista de la democracia, damos por bien empleado el esfuerzo\u201d.<\/p>\n<p>Entre estas dos conexiones, hubo miles, certeras y desde distintos puntos de localizaci\u00f3n que supusieron un dolor de muelas para el gobierno de Franco, que cay\u00f3 desde el primer momento en la trampa de la \u201cestaci\u00f3n pirenaica\u201d, un se\u00f1uelo para hacer creer al fascismo espa\u00f1ol que la emisi\u00f3n se realizaba junto a la cordillera de los Pirineos, en la nuca de Espa\u00f1a: \u201cEl car\u00e1cter clandestino de La Pirenaica impuso el secreto: jam\u00e1s ser\u00eda conocido el paradero exacto desde donde llegaba a Espa\u00f1a la voz del exilio comunista. Y naci\u00f3 la leyenda: \u00bfToulouse? \u00bfAndorra? \u00bfPraga?\u201d, definen a la perfecci\u00f3n Armand Balsebre y Rosario Fontova en <strong><a data-external=\"1\" href=\"https:\/\/www.catedra.com\/libro\/historia-serie-mayor\/las-cartas-de-la-pirenaica-armand-balsebre-9788437632568\/\" rel=\"nofollow noopener\" target=\"_blank\" title=\"Las cartas de La Pirenaica. Memoria del Antifranquismo\">Las cartas de La Pirenaica. Memoria del Antifranquismo<\/a><\/strong>\u00a0(Ediciones C\u00e1tedra).\u00a0<\/p>\n<p><img loading=\"lazy\" decoding=\"async\" alt=\"Las cartas de La Pireinaica, Ediciones C\u00e1tedra\" data-id=\"2094158\" data-resize=\"null\" height=\"1434\" src=\"https:\/\/www.europesays.com\/es\/wp-content\/uploads\/2025\/11\/9788437632568-las-cartas-de-la-pirenaica.jpeg\" title=\"Las cartas de La Pireinaica, Ediciones C\u00e1tedra\" width=\"1000\"\/><\/p>\n<p>Estas emisiones, las \u00fanicas, junto a las de la BBC en castellano y las de Radio Francia Internacional, que se opon\u00edan abiertamente al r\u00e9gimen franquista, no fueron sencillas. Hizo falta una amplia red de corresponsables dispuestos a jugarse la vida en el centro del silencio. Escuchar \u201cLa Pire\u201d, \u201ca los enemigos de Espa\u00f1a\u201d seg\u00fan el r\u00e9gimen franquista, pod\u00eda comportar penas de prisi\u00f3n. De hecho, el propio Franco, desesperado por acabar con estas comunicaciones, encontrar a sus responsables y lograr saber desde d\u00f3nde se emit\u00edan estos boletines transparentes y en lenguaje coloquial que desestabilizaban su monopolio informativo, encarg\u00f3 a su ministro de Presidencia, <strong>Luis Carrero Blanco<\/strong>, la creaci\u00f3n del <strong>Servicio de Interferencia Radiada (SIR) <\/strong>con el \u00fanico objetivo de acabar con Radio Espa\u00f1a Independiente.\u00a0<\/p>\n<p>El correo de La Pirenaica\u00a0<\/p>\n<p>Especialmente importante en la historia de esta radio clandestina fue la lectura de cartas llegadas desde Espa\u00f1a o el exilio de oyentes que consegu\u00edan burlar la censura del totalitarismo e informar a tiempo real sobre lo que estaba pasando: historias humanas, crueles, denuncias con nombres y apellidos que desde el anonimato escuchaban miles de personas con el volumen muy bajo, evitando a los vecinos, escapando de la denuncia, reivindicando la libertad.\u00a0<\/p>\n<p>Estas cartas, de las que actualmente se conservan cerca de <strong>15.500 en el archivo hist\u00f3rico del PCE (AHPCE)<\/strong>, fueron enviadas por personas sencillas -mineros, amas de casa, obreros de todo tipo-, pero tambi\u00e9n por combatientes, profesores y gente que otrora hab\u00eda formado parte de la primera l\u00ednea del antifranquismo. Los ojos y o\u00eddos de La Pirenaica.<\/p>\n<p>\u201cEs el camino a seguir,\u00a0<\/p>\n<p>por el cual luchan mineros<\/p>\n<p>uni\u00f3n a estos asturianos\u00a0<\/p>\n<p>y seguro que triunfaremos.<\/p>\n<p>\u00a0<\/p>\n<p>El triunfo lo tenemos todo<\/p>\n<p>siguiendo a los asturianos<\/p>\n<p>y dejar de ser muy pronto<\/p>\n<p>trabajadores explotados\u00a0<\/p>\n<p>\u00a0<\/p>\n<p>Abajo la explotaci\u00f3n<\/p>\n<p>fuera las injurias<\/p>\n<p>\u00a1Viva la revoluci\u00f3n<\/p>\n<p>y los mineros de Asturias!\u00a0<\/p>\n<p>Este poema, escrito por un oyente jienense identificado con las iniciales A.C.P, titulado <strong>\u201cAsturias nos indica el camino\u201d<\/strong> y guardado en la carpeta 174\/1 del archivo del Partido Comunista, acab\u00f3 convirti\u00e9ndose en una consigna comunista emanada del ejemplo de las protestas sindicales de 1962 con las huelgas asturianas.\u00a0<\/p>\n<p>Esta es solo una de las m\u00e1s de 15.000 cartas que aun se conservan, y que ponen en valor el fondo documental del archivo del PCE. Tal y como trasladan Balsebre y Fontova a modo de conclusi\u00f3n en el libro previamente mencionado, \u201ceste fondo documental posee un valor de conjunto que excede la memoria privada, el relato \u00edntimo e individual, para conformar un relato p\u00fablico y colectivo sobre un periodo determinado del franquismo\u201d.\u00a0<\/p>\n","protected":false},"excerpt":{"rendered":"La radio fue un elemento crucial durante la dictadura franquista. Radio Nacional de Espa\u00f1a, al servicio del r\u00e9gimen,&hellip;\n","protected":false},"author":2,"featured_media":240017,"comment_status":"","ping_status":"","sticky":false,"template":"","format":"standard","meta":{"footnotes":""},"categories":[170],"tags":[146,147,25,24,184,185,23],"class_list":{"0":"post-240016","1":"post","2":"type-post","3":"status-publish","4":"format-standard","5":"has-post-thumbnail","7":"category-musica","8":"tag-entertainment","9":"tag-entretenimiento","10":"tag-es","11":"tag-espana","12":"tag-music","13":"tag-musica","14":"tag-spain"},"share_on_mastodon":{"url":"https:\/\/pubeurope.com\/@es\/115562341220239308","error":""},"_links":{"self":[{"href":"https:\/\/www.europesays.com\/es\/wp-json\/wp\/v2\/posts\/240016","targetHints":{"allow":["GET"]}}],"collection":[{"href":"https:\/\/www.europesays.com\/es\/wp-json\/wp\/v2\/posts"}],"about":[{"href":"https:\/\/www.europesays.com\/es\/wp-json\/wp\/v2\/types\/post"}],"author":[{"embeddable":true,"href":"https:\/\/www.europesays.com\/es\/wp-json\/wp\/v2\/users\/2"}],"replies":[{"embeddable":true,"href":"https:\/\/www.europesays.com\/es\/wp-json\/wp\/v2\/comments?post=240016"}],"version-history":[{"count":0,"href":"https:\/\/www.europesays.com\/es\/wp-json\/wp\/v2\/posts\/240016\/revisions"}],"wp:featuredmedia":[{"embeddable":true,"href":"https:\/\/www.europesays.com\/es\/wp-json\/wp\/v2\/media\/240017"}],"wp:attachment":[{"href":"https:\/\/www.europesays.com\/es\/wp-json\/wp\/v2\/media?parent=240016"}],"wp:term":[{"taxonomy":"category","embeddable":true,"href":"https:\/\/www.europesays.com\/es\/wp-json\/wp\/v2\/categories?post=240016"},{"taxonomy":"post_tag","embeddable":true,"href":"https:\/\/www.europesays.com\/es\/wp-json\/wp\/v2\/tags?post=240016"}],"curies":[{"name":"wp","href":"https:\/\/api.w.org\/{rel}","templated":true}]}}