{"id":240022,"date":"2025-11-17T01:04:09","date_gmt":"2025-11-17T01:04:09","guid":{"rendered":"https:\/\/www.europesays.com\/es\/240022\/"},"modified":"2025-11-17T01:04:09","modified_gmt":"2025-11-17T01:04:09","slug":"el-cambio-climatico-polar-podria-agravar-los-riesgos-para-la-salud-mundial","status":"publish","type":"post","link":"https:\/\/www.europesays.com\/es\/240022\/","title":{"rendered":"El cambio clim\u00e1tico polar podr\u00eda agravar los riesgos para la salud mundial"},"content":{"rendered":"<p class=\"paragraph-atom &#10;        B-500-500-700-N B-600-500-700-N--md  \"><strong>El cambio clim\u00e1tico en las regiones polares<\/strong> de la Tierra se est\u00e1 revelando como un <strong>factor poco reconocido de riesgos para la salud global<\/strong>, con consecuencias que van mucho m\u00e1s all\u00e1 del <strong>\u00c1rtico<\/strong> y la <strong>Ant\u00e1rtida<\/strong>, alerta un equipo internacional de <strong>cient\u00edficos<\/strong> que ha estudiado las complejas conexiones entre los cambios f\u00edsicos en el \u00c1rtico y la Ant\u00e1rtida que podr\u00edan amplificar los <strong>impactos clim\u00e1ticos en la salud humana<\/strong> a nivel mundial.<\/p>\n<p class=\"paragraph-atom &#10;        B-500-500-700-N B-600-500-700-N--md  \">Los investigadores, liderados por la <strong>profesora Gail Whiteman<\/strong>, de la <strong>Escuela de Negocios de la Universidad de Exeter (Reino Unido)<\/strong>, revisaron una amplia gama de literatura cient\u00edfica sobre <strong>climatolog\u00eda, salud p\u00fablica<\/strong> y otros campos y descubrieron que los <strong>modelos actuales subestiman los impactos directos e indirectos del cambio en las regiones polares<\/strong> sobre los problemas de <strong>salud global<\/strong>, desde <strong>enfermedades cr\u00f3nicas<\/strong> hasta <strong>problemas de salud mental<\/strong> y <strong>complicaciones del embarazo<\/strong>. Ante este escenario, reclaman que estos <strong>riesgos para la salud<\/strong>, ahora mayores, se integren en la <strong>planificaci\u00f3n y las pol\u00edticas sanitarias<\/strong>.<\/p>\n<p class=\"paragraph-atom &#10;        B-500-500-700-N B-600-500-700-N--md  \"><strong>\u00abEl cambio polar no es una crisis lejana\u00bb<\/strong> -afirma <strong>Netra Naik<\/strong>, investigadora de <strong>Arctic Basecamp<\/strong> y autora principal del estudio-. Nuestro an\u00e1lisis de la investigaci\u00f3n demuestra que el <strong>deshielo de las capas de hielo<\/strong>, el <strong>aumento del nivel del mar<\/strong> y la <strong>alteraci\u00f3n de los patrones clim\u00e1ticos<\/strong> tienen <strong>consecuencias complejas<\/strong> que se extienden mucho m\u00e1s all\u00e1 del \u00c1rtico y la Ant\u00e1rtida, afectando la <strong>seguridad alimentaria<\/strong>, la <strong>incidencia de enfermedades<\/strong> y la <strong>infraestructura sanitaria<\/strong>. No se trata solo de un problema ambiental, sino de una <strong>emergencia sanitaria mundial<\/strong>, advierte.<\/p>\n<p class=\"paragraph-atom &#10;        B-500-500-700-N B-600-500-700-N--md  \">El estudio describe c\u00f3mo las <strong>regiones polares<\/strong>, que se est\u00e1n <strong>calentando m\u00e1s r\u00e1pido<\/strong> que el promedio mundial, probablemente desencadenen <strong>ciclos de retroalimentaci\u00f3n y efectos en cadena<\/strong>, transformando los <strong>riesgos para la salud global<\/strong> de maneras <strong>complejas e interrelacionadas<\/strong>.<\/p>\n<p>        Lesiones, salud mental y muertes<\/p>\n<p class=\"paragraph-atom &#10;        B-500-500-700-N B-600-500-700-N--md  \">A medida que el aumento de las <strong>temperaturas debilita la corriente en chorro<\/strong> y altera las <strong>corrientes oce\u00e1nicas<\/strong>, se prev\u00e9 que los <strong>fen\u00f3menos meteorol\u00f3gicos extremos<\/strong> incrementen las tasas de <strong>lesiones graves, muertes y trastornos de salud mental<\/strong>. Un <strong>\u00c1rtico sin hielo estacional<\/strong> probablemente contribuir\u00e1 a un <strong>aumento en la frecuencia e intensidad de los episodios de El Ni\u00f1o<\/strong>, agravando las <strong>olas de calor<\/strong>, especialmente en las zonas tropicales. Se prev\u00e9 que el <strong>aumento de las temperaturas<\/strong> incremente las <strong>enfermedades<\/strong>, incluidas las <strong>renales y cardiovasculares<\/strong>. El <strong>aumento del nivel del mar<\/strong>, provocado por el <strong>deshielo de las capas de hielo<\/strong>, podr\u00eda incrementar la <strong>salinidad de las aguas subterr\u00e1neas<\/strong> y <strong>contaminar el agua potable<\/strong>, lo que podr\u00eda provocar un <strong>aumento de la preeclampsia en el embarazo<\/strong>, la <strong>mortalidad infantil<\/strong> y diversos tipos de <strong>c\u00e1ncer<\/strong>.<\/p>\n<p class=\"paragraph-atom &#10;        B-500-500-700-N B-600-500-700-N--md  \">El <strong>calentamiento polar<\/strong> podr\u00eda afectar indirectamente a la <strong>productividad agr\u00edcola<\/strong> \u2013a trav\u00e9s de la <strong>alteraci\u00f3n de los patrones de precipitaci\u00f3n y temperatura<\/strong>\u2013, aumentando las <strong>enfermedades relacionadas con la malnutrici\u00f3n<\/strong>. Mientras tanto, el <strong>calentamiento clim\u00e1tico<\/strong> est\u00e1 empujando <strong>enfermedades transmitidas por insectos y animales<\/strong>, como la <strong>vibriosis, el dengue<\/strong> y la <strong>enfermedad de Lyme<\/strong>, hacia regiones del norte que antes no se ve\u00edan afectadas.<\/p>\n<p class=\"paragraph-atom &#10;        B-500-500-700-N B-600-500-700-N--md  \">Las <strong>inundaciones<\/strong>, intensificadas por el <strong>deshielo de los polos<\/strong>, est\u00e1n aumentando la <strong>propagaci\u00f3n de enfermedades transmitidas por el agua<\/strong>, como el <strong>c\u00f3lera<\/strong> y la <strong>fiebre tifoidea<\/strong>, al tiempo que exacerban las <strong>afecciones respiratorias<\/strong>. En el propio \u00c1rtico, el <strong>deshielo del permafrost y del hielo marino<\/strong> amenaza <strong>infraestructuras vitales<\/strong> y supone un riesgo de liberaci\u00f3n de <strong>contaminantes atrapados durante mucho tiempo<\/strong>, e incluso de <strong>pat\u00f3genos antiguos<\/strong>, como el <strong>virus de la gripe de 1918<\/strong>. Los cambios en los <strong>ecosistemas oce\u00e1nicos<\/strong> tambi\u00e9n est\u00e1n socavando las <strong>fuentes de alimentos tradicionales<\/strong>, aumentando las tasas de <strong>malnutrici\u00f3n, abortos espont\u00e1neos, insuficiencia renal<\/strong> y <strong>enfermedades cardiovasculares<\/strong> entre las <strong>comunidades \u00e1rticas con sistemas de salud fr\u00e1giles<\/strong>.<\/p>\n<p>        Malnutrici\u00f3n y enfermedad renal y card\u00edaca <\/p>\n<p class=\"paragraph-atom &#10;        B-500-500-700-N B-600-500-700-N--md  \">El estudio tambi\u00e9n destaca los <strong>riesgos para las fuentes alimentarias tradicionales<\/strong> debido a los cambios en el <strong>ecosistema oce\u00e1nico<\/strong>, lo que contribuye al aumento de las tasas de <strong>malnutrici\u00f3n, abortos espont\u00e1neos, insuficiencia renal<\/strong> y <strong>enfermedades cardiovasculares<\/strong> entre las <strong>comunidades \u00e1rticas<\/strong> que ya se enfrentan a <strong>sistemas de salud fr\u00e1giles<\/strong>. El nuevo marco establece la relaci\u00f3n entre los <strong>cambios f\u00edsicos polares<\/strong> y los <strong>riesgos para la salud<\/strong>, tanto <strong>directos como indirectos, regionales y mundiales<\/strong>, y exige una mayor integraci\u00f3n de los <strong>riesgos para la salud amplificados<\/strong> por los cambios f\u00edsicos polares en las <strong>evaluaciones del impacto en la salud humana<\/strong>.<\/p>\n<p class=\"paragraph-atom &#10;        B-500-500-700-N B-600-500-700-N--md  \"><strong>\u00abIgnorar estos factores potenciales de enfermedad y muerte no es una opci\u00f3n\u00bb<\/strong> -advierte el <strong>profesor Whiteman<\/strong>, catedr\u00e1tico <strong>Hoffmann Impact para la Aceleraci\u00f3n de la Acci\u00f3n sobre la Naturaleza y el Clima<\/strong>-. Necesitamos una <strong>colaboraci\u00f3n internacional m\u00e1s s\u00f3lida<\/strong> entre <strong>climat\u00f3logos, profesionales de la salud y expertos en datos<\/strong> para prevenir da\u00f1os y preparar nuestros <strong>sistemas para los desaf\u00edos que se avecinan<\/strong>.<\/p>\n<p class=\"paragraph-atom &#10;        B-500-500-700-N B-600-500-700-N--md  \">El estudio, publicado en <strong>Ambio: A Journal of Environment and Society<\/strong>, forma parte de un <strong>proyecto de investigaci\u00f3n conjunto<\/strong> de la <strong>Universidad de Exeter, Arctic Basecamp<\/strong> y el <strong>Foro Econ\u00f3mico Mundial<\/strong>, que analiza los <strong>efectos del cambio clim\u00e1tico polar en la salud y la atenci\u00f3n sanitaria a nivel mundial<\/strong> mediante el desarrollo de <strong>nuevas herramientas de evaluaci\u00f3n de impacto<\/strong>.<\/p>\n<p>\n        Relacionado\n    <\/p>\n","protected":false},"excerpt":{"rendered":"El cambio clim\u00e1tico en las regiones polares de la Tierra se est\u00e1 revelando como un factor poco reconocido&hellip;\n","protected":false},"author":2,"featured_media":240023,"comment_status":"","ping_status":"","sticky":false,"template":"","format":"standard","meta":{"footnotes":""},"categories":[92],"tags":[7556,29018,25,24,165,40491,18551,166,23],"class_list":{"0":"post-240022","1":"post","2":"type-post","3":"status-publish","4":"format-standard","5":"has-post-thumbnail","7":"category-salud","8":"tag-cambio","9":"tag-climatico","10":"tag-es","11":"tag-espana","12":"tag-health","13":"tag-polar","14":"tag-riesgos","15":"tag-salud","16":"tag-spain"},"share_on_mastodon":{"url":"https:\/\/pubeurope.com\/@es\/115562353369713711","error":""},"_links":{"self":[{"href":"https:\/\/www.europesays.com\/es\/wp-json\/wp\/v2\/posts\/240022","targetHints":{"allow":["GET"]}}],"collection":[{"href":"https:\/\/www.europesays.com\/es\/wp-json\/wp\/v2\/posts"}],"about":[{"href":"https:\/\/www.europesays.com\/es\/wp-json\/wp\/v2\/types\/post"}],"author":[{"embeddable":true,"href":"https:\/\/www.europesays.com\/es\/wp-json\/wp\/v2\/users\/2"}],"replies":[{"embeddable":true,"href":"https:\/\/www.europesays.com\/es\/wp-json\/wp\/v2\/comments?post=240022"}],"version-history":[{"count":0,"href":"https:\/\/www.europesays.com\/es\/wp-json\/wp\/v2\/posts\/240022\/revisions"}],"wp:featuredmedia":[{"embeddable":true,"href":"https:\/\/www.europesays.com\/es\/wp-json\/wp\/v2\/media\/240023"}],"wp:attachment":[{"href":"https:\/\/www.europesays.com\/es\/wp-json\/wp\/v2\/media?parent=240022"}],"wp:term":[{"taxonomy":"category","embeddable":true,"href":"https:\/\/www.europesays.com\/es\/wp-json\/wp\/v2\/categories?post=240022"},{"taxonomy":"post_tag","embeddable":true,"href":"https:\/\/www.europesays.com\/es\/wp-json\/wp\/v2\/tags?post=240022"}],"curies":[{"name":"wp","href":"https:\/\/api.w.org\/{rel}","templated":true}]}}