{"id":240032,"date":"2025-11-17T01:09:09","date_gmt":"2025-11-17T01:09:09","guid":{"rendered":"https:\/\/www.europesays.com\/es\/240032\/"},"modified":"2025-11-17T01:09:09","modified_gmt":"2025-11-17T01:09:09","slug":"que-bien-que-hablas-el-castellano-junqueras-no-debes-de-ser-tu-el-del-cni","status":"publish","type":"post","link":"https:\/\/www.europesays.com\/es\/240032\/","title":{"rendered":"Qu\u00e9 bien que hablas el castellano Junqueras, \u00bfno debes de ser t\u00fa el del CNI?"},"content":{"rendered":"<p>   GIRONA 16 Nov. (EUROPA PRESS) &#8211; <\/p>\n<p>   La l\u00edder de AC, S\u00edlvia Orriols, ha contestado este domingo a las declaraciones sobre ella del presidente de ERC, Oriol Junqueras: \u00abQu\u00e9 bien que hablas el castellano Junqueras, \u00bfno debes de ser t\u00fa el del CNI?\u00bb.<\/p>\n<p>   \u00ab\u00bfQuiz\u00e1s por eso te entregaste a los tribunales espa\u00f1oles tan deprisa y quiz\u00e1s por eso te han indultado? No lo s\u00e9, pregunto&#8230; Farsante\u00bb, ha a\u00f1adido la tambi\u00e9n alcaldesa de Ripoll (AC) en un mensaje de X recogido por Europa Press.<\/p>\n<p>   Adjunta un video del programa de La Sexta &#8216;Salvados&#8217; de este domingo, en que Junqueras dice: \u00abAlian\u00e7a Catalana no tiene nada de independentista y, si el Estado espa\u00f1ol y sus servicios secretos tuviesen que dise\u00f1ar alg\u00fan d\u00eda alguna herramienta para debilitar justamente al independentismo, este instrumento se parecer\u00eda mucho a Alian\u00e7a Catalana\u00bb.<\/p>\n<p>   Al pregunt\u00e1rsele en el programa si AC es una herramienta para debilitar a ERC o a Junts, el l\u00edder republicano responde: \u00abA nosotros, no; a Junts, tal vez\u00bb.<\/p>\n<p>   Este mismo domingo, Junqueras ha dicho durante un discurso: \u00abSi los servicios secretos espa\u00f1oles o algunas de las togas que todav\u00eda nos persiguen tuvieran que inventar alguna cosa contra Catalunya, inventar\u00edan Alian\u00e7a Catalana\u00bb.<\/p>\n<p>   Durante la Confer\u00e8ncia Nacional del Jovent Republic\u00e0 en L&#8217;Espluga de Francol\u00ed (Tarragona), ha criticado que si \u00abse pueden permitir hacer burla de aquellos que han estado en la prisi\u00f3n o de aquellos que han estado en el exilio es porque saben que nunca correr\u00e1n el riesgo de ir a prisi\u00f3n o al exilio porque nunca har\u00e1n nada\u00bb.<\/p>\n<p>   \u00abA ellos les protegen los servicios secretos espa\u00f1oles y a ellos les protegen las togas que a nosotros nos persiguen\u00bb, ha insistido y les ha reprochado que, seg\u00fan \u00e9l, sean valientes ante los d\u00e9biles y cobardes ante los poderosos.<\/p>\n","protected":false},"excerpt":{"rendered":"GIRONA 16 Nov. (EUROPA PRESS) &#8211; La l\u00edder de AC, S\u00edlvia Orriols, ha contestado este domingo a las&hellip;\n","protected":false},"author":2,"featured_media":240033,"comment_status":"","ping_status":"","sticky":false,"template":"","format":"standard","meta":{"footnotes":""},"categories":[8],"tags":[17,18,25,24,13,14,11,19,20,9,10,15,16,23,12,21,22],"class_list":{"0":"post-240032","1":"post","2":"type-post","3":"status-publish","4":"format-standard","5":"has-post-thumbnail","7":"category-espana","8":"tag-breaking-news","9":"tag-breakingnews","10":"tag-es","11":"tag-espana","12":"tag-featured-news","13":"tag-featurednews","14":"tag-headlines","15":"tag-latest-news","16":"tag-latestnews","17":"tag-news","18":"tag-noticias","19":"tag-noticias-destacadas","20":"tag-noticiasdestacadas","21":"tag-spain","22":"tag-titulares","23":"tag-ultimas-noticias","24":"tag-ultimasnoticias"},"share_on_mastodon":{"url":"https:\/\/pubeurope.com\/@es\/115562372379952603","error":""},"_links":{"self":[{"href":"https:\/\/www.europesays.com\/es\/wp-json\/wp\/v2\/posts\/240032","targetHints":{"allow":["GET"]}}],"collection":[{"href":"https:\/\/www.europesays.com\/es\/wp-json\/wp\/v2\/posts"}],"about":[{"href":"https:\/\/www.europesays.com\/es\/wp-json\/wp\/v2\/types\/post"}],"author":[{"embeddable":true,"href":"https:\/\/www.europesays.com\/es\/wp-json\/wp\/v2\/users\/2"}],"replies":[{"embeddable":true,"href":"https:\/\/www.europesays.com\/es\/wp-json\/wp\/v2\/comments?post=240032"}],"version-history":[{"count":0,"href":"https:\/\/www.europesays.com\/es\/wp-json\/wp\/v2\/posts\/240032\/revisions"}],"wp:featuredmedia":[{"embeddable":true,"href":"https:\/\/www.europesays.com\/es\/wp-json\/wp\/v2\/media\/240033"}],"wp:attachment":[{"href":"https:\/\/www.europesays.com\/es\/wp-json\/wp\/v2\/media?parent=240032"}],"wp:term":[{"taxonomy":"category","embeddable":true,"href":"https:\/\/www.europesays.com\/es\/wp-json\/wp\/v2\/categories?post=240032"},{"taxonomy":"post_tag","embeddable":true,"href":"https:\/\/www.europesays.com\/es\/wp-json\/wp\/v2\/tags?post=240032"}],"curies":[{"name":"wp","href":"https:\/\/api.w.org\/{rel}","templated":true}]}}