{"id":240036,"date":"2025-11-17T01:15:18","date_gmt":"2025-11-17T01:15:18","guid":{"rendered":"https:\/\/www.europesays.com\/es\/240036\/"},"modified":"2025-11-17T01:15:18","modified_gmt":"2025-11-17T01:15:18","slug":"el-dato-de-ranking-que-nunca-antes-se-habia-dado-en-una-temporada-atp","status":"publish","type":"post","link":"https:\/\/www.europesays.com\/es\/240036\/","title":{"rendered":"El dato de ranking que nunca antes se hab\u00eda dado en una temporada ATP"},"content":{"rendered":"<p class=\"quota-display text-align-center\">\n        <a href=\"https:\/\/www.puntodebreak.com\/MDBA-B3-PDB-QUOTA-25\" rel=\"sponsored nofollow noopener\" title=\"Apuesta en bet365\" target=\"_blank\"><\/p>\n<p>            <img decoding=\"async\" alt=\"Bet365\" class=\"bet-logo lazyload\" loading=\"lazy\" src=\"https:\/\/www.europesays.com\/es\/wp-content\/uploads\/2025\/11\/1763064671_246_b365.jpg\"\/>Streaming Challenger Yokohama en directo<\/p>\n<p> \ud83c\udfbe Yasutaka Uchiyama vs Tsung-Hao Huang<\/p>\n<ol class=\"stream-card__steps\">\n<li>Entra aqu\u00ed y reg\u00edstrate en Bet365<\/li>\n<li>Haz tu primer dep\u00f3sito de m\u00ednimo 5\u00a0\u20ac<\/li>\n<li>Entra en la secci\u00f3n \u00abDirecto\u00bb y ve todos los partidos<\/li>\n<\/ol>\n<p>\n                                Ver partido en Bet365\n                            <\/p>\n<p>        <\/a>\n      <\/p>\n<p class=\"text-align-justify\">Pase el tiempo que pase, siempre habr\u00e1 un nuevo r\u00e9cord que contar. El de la <a href=\"https:\/\/www.puntodebreak.com\/tenis\/atp-finals-2025\" rel=\"nofollow noopener\" target=\"_blank\"><b>temporada 2025<\/b><\/a>, dentro del circuito ATP, es de ver por primera vez c\u00f3mo las cinco grandes finales del calendario son disputadas en su totalidad por los dos mejores tenistas del ranking.<\/p>\n<p class=\"text-align-justify\">\u00bfY qui\u00e9nes son los dos mejores tenistas del ranking? Los que afrontan cada uno de los torneos como primer y segundo cabeza de serie, as\u00ed se simple. As\u00ed empez\u00f3 a escribirse esta historia en el <b>Open de Australia<\/b>, donde Jannik Sinner y Alexander Zverev se citaron en el \u00faltimo domingo de competici\u00f3n, dejando atr\u00e1s a otros nombres como Djokovic, Alcaraz o Shelton, quienes tambi\u00e9n pisaron las \u00faltimas pantallas. El <a href=\"https:\/\/www.puntodebreak.com\/tenis\/carlos-alcaraz\" rel=\"nofollow noopener\" target=\"_blank\"><b>n\u00famero 1 del mundo<\/b><\/a> y el <b><a href=\"https:\/\/www.puntodebreak.com\/tenis\/jannik-sinner\" rel=\"nofollow noopener\" target=\"_blank\">n\u00famero 2 del mundo<\/a> <\/b>enfrentados por el primer t\u00edtulo de Grand Slam del curso. El horizonte pintaba fenomenal, lo que no esper\u00e1bamos era ver este relato repetirse una y otra vez.<\/p>\n<p class=\"text-align-justify\">Lleg\u00f3 la gira de tierra batida, desembocamos en <b>Roland Garros<\/b>, y all\u00ed de nuevo la misma din\u00e1mica, aunque con distinto cartel. En este caso, el n\u00famero 1 del mundo segu\u00eda siendo Jannik Sinner, aunque el n\u00famero 2 ya no hablaba alem\u00e1n. Carlos Alcaraz, tras unos meses de esc\u00e1ndalo, logr\u00f3 ocupar ese segundo escal\u00f3n de la clasficaci\u00f3n, asegurando un camino sobresaliente en Par\u00eds y regal\u00e1ndonos de esta manera el desenlace que todo el mundo esperaba y deseaba. Del nivel de aquella final ya hemos hablamos muchas veces, candidato a ser una de las mejores finales de la historia del tenis.<\/p>\n<p class=\"text-align-justify\">Y de Par\u00eds a Londres, de la arcilla al pasto. Una nueva etapa dentro del calendario pero los mismos protagonistas comandando la aventura. A estas alturas, el ranking ya nos empezaba a remarcar la brecha insalvable que se hab\u00eda empezado a crear entre Jannik Sinner y Carlos Alcaraz respecto al resto de perseguidores. Es lo que tiene alcanzar tal grado de fiabilidad, de regularidad, siendo casi infalibles en los grandes eventos. Italiano y espa\u00f1ol volvieron a citarse en la gran final de <b>Wimbledon<\/b>, otro cap\u00edtulo m\u00e1s entre el n\u00famero 1 del mundo y el n\u00famero 2. Eso s\u00ed, en aquella ocasi\u00f3n fue para el de San C\u00e1ndido.<\/p>\n<p class=\"text-align-justify\">Lo justo era que el gui\u00f3n no cambiara en Nueva York, m\u00e1s si tenemos en cuenta la antesala que tuvimos en Cincinnati con una final amarga por la lesi\u00f3n de Jannik Sinner. Menos mal que en el <b>US Open<\/b> ya no hubo lesi\u00f3n alguna, aunque es cierto que al italiano le qued\u00f3 un poco grande aquel encuentro ante Carlos Alcaraz. El murciano cant\u00f3 victoria en lo que representaba algo hist\u00f3rico para el circuito masculino. Por primera vez en la historia, las cuatro finales de Grand Slam se hab\u00edan disputado entre el n\u00famero 1 del mundo y el n\u00famero 2 del mundo. Siendo un poco supersticioso, parece que este era el salvavidas de Zverev para aparecer en esta gloriosa lista.<\/p>\n<p><b>Con las ATP Finals, rep\u00f3quer de finales entre el N\u00ba1 y el N\u00ba2<\/b><\/p>\n<p class=\"text-align-justify\">El final del camino de esta temporada tan rutinaria no pod\u00eda ser otro que ver c\u00f3mo el n\u00famero 1 del mundo, Jannik Sinner, y el n\u00famero 2 del mundo, Carlos Alcaraz arrollaban a todos sus rivales en Tur\u00edn para citarse en esta tarde de domingo para ver qui\u00e9n de los dos se corona como maestro en las <b>ATP Finals 2025<\/b>. Ser\u00e1 la sexta vez que se vean las caras en el presente ejercicio, siempre en partidos con el t\u00edtulo en juego.<\/p>\n<p><img decoding=\"async\" alt=\"Alcaraz y Sinner peleando por el t\u00edtulo de maestro. Fuente: Getty\" data-entity-type=\"file\" data-entity-uuid=\"3060a089-a032-4709-961c-438dca4e757c\" class=\"align-center lazyload\" width=\"804\" height=\"505\" loading=\"lazy\" src=\"https:\/\/www.europesays.com\/es\/wp-content\/uploads\/2025\/11\/Finales-2025-N\u00famero-1-N\u00famero-2-Sinner-Alcaraz.png\"\/><\/p>\n<p class=\"text-align-justify\">\u00a0<\/p>\n<p class=\"text-align-justify\">S\u00e9 que hay gente amante de las sorpresas, aficionados que saboreaban como pocos las \u00e9pocas de jungla profunda de la WTA. Esta gente, imagino, no habr\u00e1 tenido el curso m\u00e1s divertido de sus vidas. Es verdad que en el <b>rengl\u00f3n de los Masters 1000<\/b> hubo de todo, incluyendo varios nuevos campeones como Mensik, Ruud, Draper o Vacherot. Sin embargo, si miramos a lo alto de la pir\u00e1mide, el \u00e9xito parece estar m\u00e1s regido que nunca por la raz\u00f3n, por la l\u00f3gica de la clasificaci\u00f3n. Dos hombres ocupan actualmente las dos butacas principales del vestuario, un poder que se traslada al papel cada vez que se presenta una gran final. \u00bfHasta cu\u00e1ndo pens\u00e1is que durar\u00e1 este dominio?<\/p>\n","protected":false},"excerpt":{"rendered":"Streaming Challenger Yokohama en directo \ud83c\udfbe Yasutaka Uchiyama vs Tsung-Hao Huang Entra aqu\u00ed y reg\u00edstrate en Bet365 Haz&hellip;\n","protected":false},"author":2,"featured_media":240037,"comment_status":"","ping_status":"","sticky":false,"template":"","format":"standard","meta":{"footnotes":""},"categories":[274],"tags":[168,25,24,23,167,327,326],"class_list":{"0":"post-240036","1":"post","2":"type-post","3":"status-publish","4":"format-standard","5":"has-post-thumbnail","7":"category-tenis","8":"tag-deportes","9":"tag-es","10":"tag-espana","11":"tag-spain","12":"tag-sports","13":"tag-tenis","14":"tag-tennis"},"share_on_mastodon":{"url":"https:\/\/pubeurope.com\/@es\/115562396280159338","error":""},"_links":{"self":[{"href":"https:\/\/www.europesays.com\/es\/wp-json\/wp\/v2\/posts\/240036","targetHints":{"allow":["GET"]}}],"collection":[{"href":"https:\/\/www.europesays.com\/es\/wp-json\/wp\/v2\/posts"}],"about":[{"href":"https:\/\/www.europesays.com\/es\/wp-json\/wp\/v2\/types\/post"}],"author":[{"embeddable":true,"href":"https:\/\/www.europesays.com\/es\/wp-json\/wp\/v2\/users\/2"}],"replies":[{"embeddable":true,"href":"https:\/\/www.europesays.com\/es\/wp-json\/wp\/v2\/comments?post=240036"}],"version-history":[{"count":0,"href":"https:\/\/www.europesays.com\/es\/wp-json\/wp\/v2\/posts\/240036\/revisions"}],"wp:featuredmedia":[{"embeddable":true,"href":"https:\/\/www.europesays.com\/es\/wp-json\/wp\/v2\/media\/240037"}],"wp:attachment":[{"href":"https:\/\/www.europesays.com\/es\/wp-json\/wp\/v2\/media?parent=240036"}],"wp:term":[{"taxonomy":"category","embeddable":true,"href":"https:\/\/www.europesays.com\/es\/wp-json\/wp\/v2\/categories?post=240036"},{"taxonomy":"post_tag","embeddable":true,"href":"https:\/\/www.europesays.com\/es\/wp-json\/wp\/v2\/tags?post=240036"}],"curies":[{"name":"wp","href":"https:\/\/api.w.org\/{rel}","templated":true}]}}