{"id":240046,"date":"2025-11-17T01:24:25","date_gmt":"2025-11-17T01:24:25","guid":{"rendered":"https:\/\/www.europesays.com\/es\/240046\/"},"modified":"2025-11-17T01:24:25","modified_gmt":"2025-11-17T01:24:25","slug":"tom-lizarazu-lider-del-grupo-bulego-nos-gusta-que-la-musica-una-a-los-diferentes-si-somos-fans-de-la-oreja-por-que-ocultarlo","status":"publish","type":"post","link":"https:\/\/www.europesays.com\/es\/240046\/","title":{"rendered":"Tom Lizarazu | L\u00edder del grupo Bulego: \u00abNos gusta que la m\u00fasica una a los diferentes: si somos fans de La Oreja, \u00bfpor qu\u00e9 ocultarlo?\u00bb"},"content":{"rendered":"<p>Tiene 32 a\u00f1os, dos hijas y un bigote que recuerda a Freddie Mercury. Es de Azkoitia y en solo cinco a\u00f1os su banda, Bulego, se  &#8230; ha convertido en uno de los referentes de la m\u00fasica en euskera. Tom Lizarazu defiende la capacidad de la m\u00fasica para unir y no duda en declararse fan de La Oreja de Van Gogh. \u00abNos encantar\u00eda conocerlos mejor\u00bb, dice.<\/p>\n<p class=\"v-p\">Lizarazu y su amigo y bater\u00eda del grupo Xabier Arrieta visitaron la Redacci\u00f3n de DV para hablar del momento que afronta el grupo: en pleno \u00e9xito han decidido parar a\u00f1o y medio \u00abpara pensar y crear\u00bb. Ya tienen fecha de regreso, el 6 de marzo de 2027, en Miribilla. Las entradas salieron a la venta el viernes. El v\u00eddeo de esta conversaci\u00f3n puede verse \u00edntegro en diariovasco.com. <\/p>\n<p class=\"v-p\"><strong>\u2013 \u00bfTom o Tomax?<\/strong><\/p>\n<p class=\"v-p\">\u2013 Como prefieras, aunque Tomax ya solo me llaman el aita, la ama y mi hermana.<\/p>\n<p class=\"v-p\"><strong>\u2013 Sus m\u00faltiples seguidores le conocen bien, pero habr\u00e1 lectores que se seguir\u00e1n preguntando qui\u00e9n es este se\u00f1or con bigote.<\/strong><\/p>\n<p class=\"v-p\">\u2013 Soy un apasionado por la m\u00fasica que tiene el privilegio de formar parte de una banda como Bulego, de Azkoitia, que canta en euskera y tiene una visi\u00f3n global de su trabajo: adem\u00e1s de en Euskal Herria hemos hecho giras internacionales, nacionales y de donde nos llaman.<\/p>\n<p class=\"v-p\"><strong>\u2013 \u00bfC\u00f3mo empez\u00f3 todo?<\/strong><\/p>\n<p class=\"v-p\">\u2013 Ven\u00edamos de otro grupo en el que \u00e9ramos cinco componentes. Compon\u00edamos y ensay\u00e1bamos un mont\u00f3n, pero no lleg\u00e1bamos a conectar con el p\u00fablico. Tocamos fondo un d\u00eda que fuimos a actuar a Andoain: tras todo el esfuerzo de carga y descarga, prueba de sonido y dem\u00e1s preparativos nos encontramos con que el p\u00fablico eran cinco personas, tres amigos y dos que trabajaban ah\u00ed. No merec\u00eda la pena seguir as\u00ed: para eso nos qued\u00e1bamos a disfrutar en el local sin tanto esfuerzo. Pero de ese &#8216;tocar fondo&#8217; termin\u00f3 saliendo Bulego y las ganas de trabajar de otra forma.<\/p>\n<p class=\"v-p\"><strong>\u2013 \u00bfOtra forma?<\/strong><\/p>\n<p class=\"v-p\">\u2013 S\u00ed. En este tiempo las cosas han cambiado, pero hace cinco a\u00f1os no hab\u00eda tanta pluralidad de estilos en Euskal Herria. Ve\u00edamos grupos anglosajones que hac\u00edan m\u00fasicas diferentes y quer\u00edamos hacer eso aqu\u00ed, con est\u00e9ticas distintas y otras formas esc\u00e9nicas. Quer\u00edamos innovar, aunque gente como Itoiz o Ken Zazpi ya hab\u00edan abierto caminos en el pasado.<\/p>\n<p>\nSeguidores\n<\/p>\n<p>\u00abUna de las cosas que m\u00e1s me gusta de nuestro p\u00fablico es su diversidad, desde j\u00f3venes &#8216;litrando&#8217; hasta padres con hijos\u00bb<\/p>\n<p>\nPop\n<\/p>\n<p>\u00abNuestra relaci\u00f3n con La Oreja es de fans. Les admiro. Por cuesti\u00f3n de edad la voz que escuchaba de cr\u00edo es la de Amaia\u00bb<\/p>\n<p class=\"v-p\"><strong>\u2013 Hablemos de inspiraciones: \u00bfcu\u00e1ntas veces le preguntan si su bigote se debe a Freddie Mercury?<\/strong><\/p>\n<p class=\"v-p\">\u2013 Ya. El parecido es razonable: soy moreno, tengo bigote&#8230; Pero no es buscado: me lo recomendaron para un v\u00eddeo que grabamos&#8230; y ah\u00ed se qued\u00f3.<\/p>\n<p class=\"v-p\"><strong>\u2013 En escena tambi\u00e9n puede recordar al l\u00edder de Queen.<\/strong><\/p>\n<p class=\"v-p\">\u2013 Lo admiro: es una gran referencia en lo rompedor, en ir contra la corriente. Admiro en un artista que rompa moldes y abra miras. Ves hoy sus v\u00eddeos de hace un mont\u00f3n de a\u00f1os y siguen transmitiendo. Yo tambi\u00e9n soy en\u00e9rgico en el escenario: todos los &#8216;bulegos&#8217; lo damos todo en escena.<\/p>\n<p><a href=\"http:\/\/www.diariovasco.com\/culturas\/musica\/bulego-tom-lizarazu-20251116184028-nt.html#vtm_modulosEngag=mod-rel:culturas:noticia:1:cmp:1-not\" class=\"v-a-link\" aria-label=\"Imagen\" rel=\"nofollow noopener\" target=\"_blank\"><\/p>\n<p><img decoding=\"async\" loading=\"lazy\" src=\"https:\/\/www.europesays.com\/es\/wp-content\/uploads\/2025\/11\/bulego2-kdVH--366x256@Diario Vasco.jpg\" class=\"v-a-img\" width=\"258\" height=\"180\" alt=\"\" data-voc-vtm-id=\"in-text-traffic\"\/><\/p>\n<p><\/a><\/p>\n<p class=\"v-p\"><strong>\u2013 \u00bfLos m\u00fasicos vascos que cantan en euskera tienen relaci\u00f3n con los m\u00fasicos vascos que cantan en castellano?<\/strong><\/p>\n<p class=\"v-p\">\u2013 A m\u00ed me gusta pensar que s\u00ed. El productor principal en nuestros discos ha sido E\u00f1aut Gazta\u00f1aga, que es el l\u00edder de Grises, banda de Zestoa que cantaba en castellano. No hay que juzgar el arte que sale de dentro y de forma natural. Qui\u00e9n soy yo para decir a otro c\u00f3mo debe componer o sentir o en qu\u00e9 idioma cantar. Me gusta agarrarnos a lo que nos une y dejar de lado lo que nos separa. Vivimos una \u00e9poca muy polarizada en la que todo es negro o blanco, pero hay que saber convivir con la escala de grises. El grupo Grises canta en castellano pero tenemos mucho en com\u00fan, el uso de &#8216;sintes&#8217;, la energ\u00eda en el escenario&#8230; Son como nuestros hermanos mayores. <\/p>\n<p class=\"v-p\"><strong>\u2013 \u00bfTienen relaci\u00f3n con La Oreja de Van Gogh, por ejemplo?<\/strong><\/p>\n<p class=\"v-p\">\u2013 Nuestra relaci\u00f3n es de fans: les admiramos un mont\u00f3n. He coincidido con Leire en varias ocasiones, aunque ya no forma parte del grupo, y he mantenido cierta correspondencia con Xabi San Mart\u00edn. Hemos escuchado mucho a La Oreja. Me har\u00eda much\u00edsima ilusi\u00f3n conocerlos: as\u00ed como admiramos a Grises admiramos a La Oreja. Desde el minuto cero decimos que hacemos pop. <\/p>\n<p>\nComponer\n<\/p>\n<p>\u00abHay que escuchar al coraz\u00f3n: &#8216;Zure Begi Horiek&#8217; naci\u00f3 mientras jugaba ante el piano con mi hija de nueve meses\u00bb<\/p>\n<p>\nDisco\n<\/p>\n<p>\u00abRosal\u00eda nos est\u00e1 permitiendo ver en directo el nacimiento de algo hist\u00f3rico que marcar\u00e1 a una generaci\u00f3n\u00ab<\/p>\n<p class=\"v-p\"><strong>\u2013 Quiz\u00e1s a algunos de sus seguidores les suene raro que Bulego admire a La Oreja.<\/strong><\/p>\n<p class=\"v-p\">\u2013 Yo creo que no. Una de las cosas que m\u00e1s me gusta del perfil de nuestro p\u00fablico es su diversidad. Cuando miramos desde el escenario descubres que hay un espectro muy variado, desde padres y madres con ni\u00f1os peque\u00f1os disfrutando canciones como &#8216;Zure Begi Horiek&#8217; hasta j\u00f3venes litrando y cantando &#8216;Entera daitezela&#8217;, parejas que han dejado sus hijos en casa&#8230; La m\u00fasica en directo tiene la capacidad de dejar de lado las cosas que nos separan para vivir el momento conjuntamente. <\/p>\n<p class=\"v-p\"><strong>\u2013 Por cerrar el tema &#8216;Oreja&#8217;: \u00bfAmaia o Leire?<\/strong><\/p>\n<p class=\"v-p\">\u2013 \u00a1Las dos! Leire ha estado ah\u00ed muchos m\u00e1s a\u00f1os, y la conozco y aprecio, pero si hablo de mi experiencia personal, yo empec\u00e9 a escuchar a La Oreja de chaval y mis recuerdos est\u00e1n m\u00e1s vinculados a los inicios del grupo y por tanto a Amaia.<\/p>\n<p class=\"v-p\"><strong>\u2013 Habr\u00e1 escuchado el disco de Rosal\u00eda.<\/strong><\/p>\n<p class=\"v-p\">\u2013 Ane Lizarralde, nuestra comunnity manager, nos dijo una cosa que suscribo: estamos teniendo el privilegio de escuchar en vivo el nacimiento de algo que marcar\u00e1 a una generaci\u00f3n. A veces pensamos que lo anterior es mejor y decimos, por ejemplo, qu\u00e9 suerte tuvieron quienes vivieron el momento de los primeros discos de Itoiz. Con Rosal\u00eda nos pilla otro momento hist\u00f3rico.<\/p>\n<p class=\"v-p\"><strong>\u2013 \u00bfQu\u00e9 escucha?<\/strong><\/p>\n<p class=\"v-p\">\u2013 Ahora Rosal\u00eda, pero tambi\u00e9n pop, rock, cl\u00e1sica, jazz, electr\u00f3nica&#8230; La m\u00fasica hace la vida mejor, ya sea porque est\u00e1s de fiesta, o triste, o enamorado&#8230; Estoy escuchando a Guitarrica Delafuente, o el \u00faltimo single de ETS, que me ha gustado much\u00edsimo&#8230; <\/p>\n<p class=\"v-p\"><strong>\u2013 Lo de &#8216;p\u00fablico transversal&#8217; se vio mejor que nunca en el Jazzaldia y su concierto en la playa.<\/strong><\/p>\n<p class=\"v-p\">\u2013 Fue una noche muy especial. Ese d\u00eda Marco, nuestro fot\u00f3grafo, estuvo tomando muchas im\u00e1genes del p\u00fablico: luego las ve\u00edamos y parec\u00edan hechas con Inteligencia Artificial como ejemplo de p\u00fablico transversal. Lo m\u00e1s bonito que nos da la m\u00fasica es vivir el presente de una manera m\u00e1gica. <\/p>\n<p class=\"v-p\"><strong>\u2013 Destacan de su m\u00fasica su energ\u00eda positiva, el pop optimista en tiempos en que el pesimismo parece tener mayor prestigio.<\/strong><\/p>\n<p class=\"v-p\">\u2013 La m\u00fasica debe nacer de dentro. As\u00ed naci\u00f3, por ejemplo, &#8216;Zure Begi Horiek&#8217;. Yo intentaba componer pero me encontraba en pleno bloqueo creativo. Un d\u00eda, para relajarme, me sent\u00e9 a jugar ante el piano con nuestra hija mayor, Julia, que entonces ten\u00eda nueve meses. Toqu\u00e9 una secuencia de tres acordes y de repente ella me mir\u00f3, como si hubiera captado algo especial: esos tres acordes se convertir\u00edan en la canci\u00f3n. Me ense\u00f1\u00f3 que hay que buscar las canciones dentro del coraz\u00f3n. Y si me salen optimistas es porque soy as\u00ed, del lado positivo de la vida. <\/p>\n<p class=\"v-p\"><strong>\u2013 La paternidad le ha cambiado.<\/strong><\/p>\n<p class=\"v-p\">\u2013 La mayor lecci\u00f3n que he sacado de ser padre es vivir el presente. La mayor tiene tres a\u00f1os, la peque\u00f1a seis meses. Cada d\u00eda cambian. Yo tengo tendencia a meterme en la vor\u00e1gine del trabajo, pero lo importante es vivir esos momentos irrepetibles con los que tienes al lado.<\/p>\n","protected":false},"excerpt":{"rendered":"Tiene 32 a\u00f1os, dos hijas y un bigote que recuerda a Freddie Mercury. Es de Azkoitia y en&hellip;\n","protected":false},"author":2,"featured_media":240047,"comment_status":"","ping_status":"","sticky":false,"template":"","format":"standard","meta":{"footnotes":""},"categories":[170],"tags":[52834,146,147,25,24,55200,184,185,23],"class_list":{"0":"post-240046","1":"post","2":"type-post","3":"status-publish","4":"format-standard","5":"has-post-thumbnail","7":"category-musica","8":"tag-bulego","9":"tag-entertainment","10":"tag-entretenimiento","11":"tag-es","12":"tag-espana","13":"tag-lizarazu","14":"tag-music","15":"tag-musica","16":"tag-spain"},"share_on_mastodon":{"url":"https:\/\/pubeurope.com\/@es\/115562431807353489","error":""},"_links":{"self":[{"href":"https:\/\/www.europesays.com\/es\/wp-json\/wp\/v2\/posts\/240046","targetHints":{"allow":["GET"]}}],"collection":[{"href":"https:\/\/www.europesays.com\/es\/wp-json\/wp\/v2\/posts"}],"about":[{"href":"https:\/\/www.europesays.com\/es\/wp-json\/wp\/v2\/types\/post"}],"author":[{"embeddable":true,"href":"https:\/\/www.europesays.com\/es\/wp-json\/wp\/v2\/users\/2"}],"replies":[{"embeddable":true,"href":"https:\/\/www.europesays.com\/es\/wp-json\/wp\/v2\/comments?post=240046"}],"version-history":[{"count":0,"href":"https:\/\/www.europesays.com\/es\/wp-json\/wp\/v2\/posts\/240046\/revisions"}],"wp:featuredmedia":[{"embeddable":true,"href":"https:\/\/www.europesays.com\/es\/wp-json\/wp\/v2\/media\/240047"}],"wp:attachment":[{"href":"https:\/\/www.europesays.com\/es\/wp-json\/wp\/v2\/media?parent=240046"}],"wp:term":[{"taxonomy":"category","embeddable":true,"href":"https:\/\/www.europesays.com\/es\/wp-json\/wp\/v2\/categories?post=240046"},{"taxonomy":"post_tag","embeddable":true,"href":"https:\/\/www.europesays.com\/es\/wp-json\/wp\/v2\/tags?post=240046"}],"curies":[{"name":"wp","href":"https:\/\/api.w.org\/{rel}","templated":true}]}}